{"id":354,"date":"2016-11-25T05:57:45","date_gmt":"2016-11-25T03:57:45","guid":{"rendered":"http:\/\/blogs.uab.cat\/acaia\/?p=354"},"modified":"2016-11-25T05:57:45","modified_gmt":"2016-11-25T03:57:45","slug":"ponencia","status":"publish","type":"post","link":"https:\/\/webs.uab.cat\/acaia\/2016\/11\/25\/ponencia\/","title":{"rendered":"Ponencia: \u201cDar y Mantener Vida en las Representaciones Figurativas de Valdivia (Ecuador)\u201d. II Congreso Internacional Mujeres, Cultura y Sociedad."},"content":{"rendered":"<p><span style=\"color: #339966\"><a href=\"https:\/\/webs.uab.cat\/acaia\/wp-content\/uploads\/sites\/303\/2016\/11\/MDG-1-20161124.jpg\" target=\"_blank\" rel=\"noopener\"><img loading=\"lazy\" decoding=\"async\" class=\"alignleft wp-image-356\" src=\"https:\/\/webs.uab.cat\/acaia\/wp-content\/uploads\/sites\/303\/2016\/11\/MDG-1-20161124.jpg\" alt=\"MDG-1-20161124\" width=\"297\" height=\"260\" srcset=\"https:\/\/webs.uab.cat\/acaia\/wp-content\/uploads\/sites\/303\/2016\/11\/MDG-1-20161124.jpg 960w, https:\/\/webs.uab.cat\/acaia\/wp-content\/uploads\/sites\/303\/2016\/11\/MDG-1-20161124-300x263.jpg 300w, https:\/\/webs.uab.cat\/acaia\/wp-content\/uploads\/sites\/303\/2016\/11\/MDG-1-20161124-768x672.jpg 768w\" sizes=\"auto, (max-width: 297px) 100vw, 297px\" \/><\/a><span style=\"color: #000000\">GUERRERO PERALES, M.D.\u00a0(20161124)<\/span><\/span><\/p>\n<p><span style=\"color: #000000\"><strong>\u201cDar y Mantener Vida en las Representaciones Figurativas de Valdivia (Ecuador). Un An\u00e1lisis Cr\u00edtico\u201d<\/strong>. <\/span><\/p>\n<p><span style=\"color: #000000\">UNIVERSIDAD DE ALMER\u00cdA.\u00a0II Congreso Internacional Mujeres, Cultura y Sociedad. Jueves\u00a024 Noviembre\u00a02016, 14,45 h. \u00a0Sala de Grados de Ciencias Sociales, Universidad de Almer\u00eda, Ca\u00f1ada de San Urbano (Almer\u00eda).<\/span><\/p>\n<p><a href=\"https:\/\/webs.uab.cat\/acaia\/wp-content\/uploads\/sites\/303\/2016\/11\/Cartel-Congreso.jpg\"><img loading=\"lazy\" decoding=\"async\" class=\"wp-image-355 alignleft\" src=\"http:\/\/blogs.uab.cat\/acaia\/files\/2016\/11\/Cartel-Congreso-712x1024.jpg\" alt=\"Cartel Congreso\" width=\"374\" height=\"538\" srcset=\"https:\/\/webs.uab.cat\/acaia\/wp-content\/uploads\/sites\/303\/2016\/11\/Cartel-Congreso-712x1024.jpg 712w, https:\/\/webs.uab.cat\/acaia\/wp-content\/uploads\/sites\/303\/2016\/11\/Cartel-Congreso-209x300.jpg 209w, https:\/\/webs.uab.cat\/acaia\/wp-content\/uploads\/sites\/303\/2016\/11\/Cartel-Congreso-768x1105.jpg 768w, https:\/\/webs.uab.cat\/acaia\/wp-content\/uploads\/sites\/303\/2016\/11\/Cartel-Congreso-1068x1536.jpg 1068w, https:\/\/webs.uab.cat\/acaia\/wp-content\/uploads\/sites\/303\/2016\/11\/Cartel-Congreso-1200x1726.jpg 1200w, https:\/\/webs.uab.cat\/acaia\/wp-content\/uploads\/sites\/303\/2016\/11\/Cartel-Congreso.jpg 1232w\" sizes=\"auto, (max-width: 374px) 100vw, 374px\" \/><\/a><\/p>\n","protected":false},"excerpt":{"rendered":"<p>GUERRERO PERALES, M.D.\u00a0(20161124) \u201cDar y Mantener Vida en las Representaciones Figurativas de Valdivia (Ecuador). Un An\u00e1lisis Cr\u00edtico\u201d. UNIVERSIDAD DE ALMER\u00cdA.\u00a0II Congreso Internacional Mujeres, Cultura y Sociedad. Jueves\u00a024 Noviembre\u00a02016, 14,45 h. \u00a0Sala de Grados de Ciencias Sociales, Universidad de Almer\u00eda, Ca\u00f1ada de San Urbano (Almer\u00eda).<\/p>\n","protected":false},"author":2061,"featured_media":0,"comment_status":"open","ping_status":"open","sticky":false,"template":"","format":"standard","meta":{"footnotes":""},"categories":[2,4,11,25],"tags":[],"class_list":["post-354","post","type-post","status-publish","format-standard","hentry","category-acaia","category-arqueologia-andina","category-ecuador","category-horizontes-4000-2000-cal-ane-valdivia"],"_links":{"self":[{"href":"https:\/\/webs.uab.cat\/acaia\/wp-json\/wp\/v2\/posts\/354","targetHints":{"allow":["GET"]}}],"collection":[{"href":"https:\/\/webs.uab.cat\/acaia\/wp-json\/wp\/v2\/posts"}],"about":[{"href":"https:\/\/webs.uab.cat\/acaia\/wp-json\/wp\/v2\/types\/post"}],"author":[{"embeddable":true,"href":"https:\/\/webs.uab.cat\/acaia\/wp-json\/wp\/v2\/users\/2061"}],"replies":[{"embeddable":true,"href":"https:\/\/webs.uab.cat\/acaia\/wp-json\/wp\/v2\/comments?post=354"}],"version-history":[{"count":0,"href":"https:\/\/webs.uab.cat\/acaia\/wp-json\/wp\/v2\/posts\/354\/revisions"}],"wp:attachment":[{"href":"https:\/\/webs.uab.cat\/acaia\/wp-json\/wp\/v2\/media?parent=354"}],"wp:term":[{"taxonomy":"category","embeddable":true,"href":"https:\/\/webs.uab.cat\/acaia\/wp-json\/wp\/v2\/categories?post=354"},{"taxonomy":"post_tag","embeddable":true,"href":"https:\/\/webs.uab.cat\/acaia\/wp-json\/wp\/v2\/tags?post=354"}],"curies":[{"name":"wp","href":"https:\/\/api.w.org\/{rel}","templated":true}]}}