{"id":1331,"date":"2016-10-12T15:03:25","date_gmt":"2016-10-12T14:03:25","guid":{"rendered":"http:\/\/blogs.uab.cat\/ahcisp\/?p=1331"},"modified":"2024-05-15T12:16:41","modified_gmt":"2024-05-15T10:16:41","slug":"lahcisp-al-seminari-dantropologia-damerica-de-madrid","status":"publish","type":"post","link":"https:\/\/webs.uab.cat\/ahcisp\/2016\/10\/12\/lahcisp-al-seminari-dantropologia-damerica-de-madrid\/","title":{"rendered":"L&#8217;AHCISP al Seminari d&#8217;Antropologia d&#8217;Am\u00e8rica de Madrid"},"content":{"rendered":"<div class=\"wp-block-image\">\n<figure class=\"alignleft size-large is-resized\"><img loading=\"lazy\" decoding=\"async\" width=\"1024\" height=\"683\" src=\"https:\/\/webs.uab.cat\/ahcisp\/wp-content\/uploads\/sites\/320\/2016\/10\/IMG_0237-1024x683.jpg\" alt=\"\" class=\"wp-image-1333\" style=\"width:250px\" srcset=\"https:\/\/webs.uab.cat\/ahcisp\/wp-content\/uploads\/sites\/320\/2016\/10\/IMG_0237-1024x683.jpg 1024w, https:\/\/webs.uab.cat\/ahcisp\/wp-content\/uploads\/sites\/320\/2016\/10\/IMG_0237-300x200.jpg 300w, https:\/\/webs.uab.cat\/ahcisp\/wp-content\/uploads\/sites\/320\/2016\/10\/IMG_0237-768x512.jpg 768w, https:\/\/webs.uab.cat\/ahcisp\/wp-content\/uploads\/sites\/320\/2016\/10\/IMG_0237-1536x1024.jpg 1536w, https:\/\/webs.uab.cat\/ahcisp\/wp-content\/uploads\/sites\/320\/2016\/10\/IMG_0237-2048x1365.jpg 2048w, https:\/\/webs.uab.cat\/ahcisp\/wp-content\/uploads\/sites\/320\/2016\/10\/IMG_0237-1200x800.jpg 1200w, https:\/\/webs.uab.cat\/ahcisp\/wp-content\/uploads\/sites\/320\/2016\/10\/IMG_0237-1980x1320.jpg 1980w\" sizes=\"auto, (max-width: 1024px) 100vw, 1024px\" \/><\/figure>\n<\/div>\n\n\n<p class=\"wp-block-paragraph\">Aquest 10 d&#8217;octubre Montserrat Ventura, directora del grup AHCISP, va intervenir en el Seminari d&#8217;Antropologia d&#8217;Am\u00e8rica de Madrid exposant la recerca conjunta del grup sobre antropologia comparada dels sistemes de classificaci\u00f3 social, concretament sobre la noci\u00f3 de mestissatge a l&#8217;Am\u00e8rica ind\u00edgena. <\/p>\n\n\n\n<p class=\"wp-block-paragraph\">El seminari es un dels principals espais de debat i reflexi\u00f3 antropol\u00f2gica de la ciutat capital i compta amb la participaci\u00f3 de destacats especialistes.<br><br><br><\/p>\n\n\n\n<figure class=\"wp-block-gallery has-nested-images columns-default is-cropped wp-block-gallery-1 is-layout-flex wp-block-gallery-is-layout-flex\">\n<figure class=\"wp-block-image size-large\"><img loading=\"lazy\" decoding=\"async\" width=\"1024\" height=\"683\" data-id=\"1332\" src=\"https:\/\/webs.uab.cat\/ahcisp\/wp-content\/uploads\/sites\/320\/2016\/10\/IMG_0255-1024x683.jpg\" alt=\"\" class=\"wp-image-1332\" srcset=\"https:\/\/webs.uab.cat\/ahcisp\/wp-content\/uploads\/sites\/320\/2016\/10\/IMG_0255-1024x683.jpg 1024w, https:\/\/webs.uab.cat\/ahcisp\/wp-content\/uploads\/sites\/320\/2016\/10\/IMG_0255-300x200.jpg 300w, https:\/\/webs.uab.cat\/ahcisp\/wp-content\/uploads\/sites\/320\/2016\/10\/IMG_0255-768x512.jpg 768w, https:\/\/webs.uab.cat\/ahcisp\/wp-content\/uploads\/sites\/320\/2016\/10\/IMG_0255-1536x1024.jpg 1536w, https:\/\/webs.uab.cat\/ahcisp\/wp-content\/uploads\/sites\/320\/2016\/10\/IMG_0255-2048x1365.jpg 2048w, https:\/\/webs.uab.cat\/ahcisp\/wp-content\/uploads\/sites\/320\/2016\/10\/IMG_0255-1200x800.jpg 1200w, https:\/\/webs.uab.cat\/ahcisp\/wp-content\/uploads\/sites\/320\/2016\/10\/IMG_0255-1980x1320.jpg 1980w\" sizes=\"auto, (max-width: 1024px) 100vw, 1024px\" \/><\/figure>\n\n\n\n<figure class=\"wp-block-image size-large is-resized\"><img loading=\"lazy\" decoding=\"async\" width=\"1024\" height=\"683\" data-id=\"1334\" src=\"https:\/\/webs.uab.cat\/ahcisp\/wp-content\/uploads\/sites\/320\/2016\/10\/IMG_0248-1024x683.jpg\" alt=\"\" class=\"wp-image-1334\" style=\"width:250px\" srcset=\"https:\/\/webs.uab.cat\/ahcisp\/wp-content\/uploads\/sites\/320\/2016\/10\/IMG_0248-1024x683.jpg 1024w, https:\/\/webs.uab.cat\/ahcisp\/wp-content\/uploads\/sites\/320\/2016\/10\/IMG_0248-300x200.jpg 300w, https:\/\/webs.uab.cat\/ahcisp\/wp-content\/uploads\/sites\/320\/2016\/10\/IMG_0248-768x512.jpg 768w, https:\/\/webs.uab.cat\/ahcisp\/wp-content\/uploads\/sites\/320\/2016\/10\/IMG_0248-1536x1024.jpg 1536w, https:\/\/webs.uab.cat\/ahcisp\/wp-content\/uploads\/sites\/320\/2016\/10\/IMG_0248-2048x1365.jpg 2048w, https:\/\/webs.uab.cat\/ahcisp\/wp-content\/uploads\/sites\/320\/2016\/10\/IMG_0248-1200x800.jpg 1200w, https:\/\/webs.uab.cat\/ahcisp\/wp-content\/uploads\/sites\/320\/2016\/10\/IMG_0248-1980x1320.jpg 1980w\" sizes=\"auto, (max-width: 1024px) 100vw, 1024px\" \/><\/figure>\n<\/figure>\n","protected":false},"excerpt":{"rendered":"<p>Aquest 10 d&#8217;octubre Montserrat Ventura, directora del grup AHCISP, va intervenir en el Seminari d&#8217;Antropologia d&#8217;Am\u00e8rica de Madrid exposant la recerca conjunta del grup sobre antropologia comparada dels sistemes de classificaci\u00f3 social, concretament sobre la noci\u00f3 de mestissatge a l&#8217;Am\u00e8rica ind\u00edgena. El seminari es un dels principals espais de debat i reflexi\u00f3 antropol\u00f2gica de la [&hellip;]<\/p>\n","protected":false},"author":2545,"featured_media":0,"comment_status":"closed","ping_status":"closed","sticky":false,"template":"","format":"standard","meta":{"footnotes":""},"categories":[2],"tags":[],"class_list":["post-1331","post","type-post","status-publish","format-standard","hentry","category-activitats"],"_links":{"self":[{"href":"https:\/\/webs.uab.cat\/ahcisp\/wp-json\/wp\/v2\/posts\/1331","targetHints":{"allow":["GET"]}}],"collection":[{"href":"https:\/\/webs.uab.cat\/ahcisp\/wp-json\/wp\/v2\/posts"}],"about":[{"href":"https:\/\/webs.uab.cat\/ahcisp\/wp-json\/wp\/v2\/types\/post"}],"author":[{"embeddable":true,"href":"https:\/\/webs.uab.cat\/ahcisp\/wp-json\/wp\/v2\/users\/2545"}],"replies":[{"embeddable":true,"href":"https:\/\/webs.uab.cat\/ahcisp\/wp-json\/wp\/v2\/comments?post=1331"}],"version-history":[{"count":3,"href":"https:\/\/webs.uab.cat\/ahcisp\/wp-json\/wp\/v2\/posts\/1331\/revisions"}],"predecessor-version":[{"id":3646,"href":"https:\/\/webs.uab.cat\/ahcisp\/wp-json\/wp\/v2\/posts\/1331\/revisions\/3646"}],"wp:attachment":[{"href":"https:\/\/webs.uab.cat\/ahcisp\/wp-json\/wp\/v2\/media?parent=1331"}],"wp:term":[{"taxonomy":"category","embeddable":true,"href":"https:\/\/webs.uab.cat\/ahcisp\/wp-json\/wp\/v2\/categories?post=1331"},{"taxonomy":"post_tag","embeddable":true,"href":"https:\/\/webs.uab.cat\/ahcisp\/wp-json\/wp\/v2\/tags?post=1331"}],"curies":[{"name":"wp","href":"https:\/\/api.w.org\/{rel}","templated":true}]}}