{"id":1384,"date":"2017-01-20T23:36:23","date_gmt":"2017-01-20T22:36:23","guid":{"rendered":"http:\/\/blogs.uab.cat\/ahcisp\/?p=1384"},"modified":"2024-05-21T18:12:14","modified_gmt":"2024-05-21T16:12:14","slug":"jornada-passats-iberics-una-mirada-des-de-lantropologia","status":"publish","type":"post","link":"https:\/\/webs.uab.cat\/ahcisp\/2017\/01\/20\/jornada-passats-iberics-una-mirada-des-de-lantropologia\/","title":{"rendered":"Jornada \u201cPASSATS IB\u00c8RICS. UNA MIRADA DES DE  L\u2019ANTROPOLOGIA\u201d"},"content":{"rendered":"\n<p class=\"wp-block-paragraph\">Dijous 26 de gener de 2017<br>Aula 2 (primer pis), Instituci\u00f3 Mil\u00e0 i Fontanals del<br>CSIC, c\/ Egipciaques 15, Barcelona.<\/p>\n\n\n\n<p class=\"wp-block-paragraph\">L\u2019objectiu d\u2019aquesta sessi\u00f3 \u00e9s donar a con\u00e8ixier algunes de les empremtes ib\u00e8riques que van marcar els continents afric\u00e0 i americ\u00e0.<br><strong>Coordinaci\u00f3<\/strong>: Yolanda Aixel\u00e0 (IMF-CSIC) \/ Montserrat Ventura (UAB).<\/p>\n\n\n\n<ul class=\"wp-block-list\">\n<li>12\u201900h a 12\u201930h \u201cReflex\u00f5es sobre Estudos Africanos e as mem\u00f3rias da \u00c1frica\u201d,<br>Eduardo Costa Dias (ISCTE-CEI).<\/li>\n\n\n\n<li>12\u201930h a 12\u201950h \u201cEstudi antropol\u00f2gic comparatiu de les nocions d&#8217;\u00e9sser hum\u00e0\u201d, Montserrat Ventura (UAB).<\/li>\n\n\n\n<li>12\u201950h a 13\u201910h \u201cMem\u00f2ries d&#8217;\u00c0frica: reconstruint les pr\u00e0ctiques colonials espanyoles i les seves empremtes al Marroc i la Guinea Equatorial\u201d Yolanda Aixel\u00e0 (IMF-CSIC).<\/li>\n\n\n\n<li>13\u201910h a 13\u201920h Comentarista: Maite Ojeda (UPF).<\/li>\n\n\n\n<li>13\u201920h a 14h Debat<\/li>\n<\/ul>\n\n\n<div class=\"wp-block-image\">\n<figure class=\"aligncenter size-large\"><img loading=\"lazy\" decoding=\"async\" width=\"722\" height=\"1024\" src=\"https:\/\/webs.uab.cat\/ahcisp\/wp-content\/uploads\/sites\/320\/2017\/01\/Passats-iberics-722x1024.jpg\" alt=\"\" class=\"wp-image-1387\" srcset=\"https:\/\/webs.uab.cat\/ahcisp\/wp-content\/uploads\/sites\/320\/2017\/01\/Passats-iberics-722x1024.jpg 722w, https:\/\/webs.uab.cat\/ahcisp\/wp-content\/uploads\/sites\/320\/2017\/01\/Passats-iberics-212x300.jpg 212w, https:\/\/webs.uab.cat\/ahcisp\/wp-content\/uploads\/sites\/320\/2017\/01\/Passats-iberics-768x1089.jpg 768w, https:\/\/webs.uab.cat\/ahcisp\/wp-content\/uploads\/sites\/320\/2017\/01\/Passats-iberics-1083x1536.jpg 1083w, https:\/\/webs.uab.cat\/ahcisp\/wp-content\/uploads\/sites\/320\/2017\/01\/Passats-iberics.jpg 1187w\" sizes=\"auto, (max-width: 722px) 100vw, 722px\" \/><\/figure>\n<\/div>\n\n\n<p class=\"wp-block-paragraph\">Seminari organizat per:<br>Grup de Recerca Antropologia i Hist\u00f2ria de la Construcci\u00f3 de les Identitats Socials i Pol\u00edtiques (AHCISP) i els Projectes I+D (HAR2015-63626-P) i (HAR2013-40445-P).<\/p>\n\n\n\n<figure class=\"wp-block-gallery has-nested-images columns-default is-cropped wp-block-gallery-1 is-layout-flex wp-block-gallery-is-layout-flex\">\n<figure class=\"wp-block-image size-large\"><img loading=\"lazy\" decoding=\"async\" width=\"1024\" height=\"576\" data-id=\"1400\" src=\"https:\/\/webs.uab.cat\/ahcisp\/wp-content\/uploads\/sites\/320\/2017\/01\/IMG_20170126_125516-1024x576.jpg\" alt=\"\" class=\"wp-image-1400\" srcset=\"https:\/\/webs.uab.cat\/ahcisp\/wp-content\/uploads\/sites\/320\/2017\/01\/IMG_20170126_125516-1024x576.jpg 1024w, https:\/\/webs.uab.cat\/ahcisp\/wp-content\/uploads\/sites\/320\/2017\/01\/IMG_20170126_125516-300x169.jpg 300w, https:\/\/webs.uab.cat\/ahcisp\/wp-content\/uploads\/sites\/320\/2017\/01\/IMG_20170126_125516-768x432.jpg 768w, https:\/\/webs.uab.cat\/ahcisp\/wp-content\/uploads\/sites\/320\/2017\/01\/IMG_20170126_125516-1200x675.jpg 1200w, https:\/\/webs.uab.cat\/ahcisp\/wp-content\/uploads\/sites\/320\/2017\/01\/IMG_20170126_125516.jpg 1280w\" sizes=\"auto, (max-width: 1024px) 100vw, 1024px\" \/><\/figure>\n\n\n\n<figure class=\"wp-block-image size-large\"><img loading=\"lazy\" decoding=\"async\" width=\"1024\" height=\"576\" data-id=\"1399\" src=\"https:\/\/webs.uab.cat\/ahcisp\/wp-content\/uploads\/sites\/320\/2017\/01\/IMG_20170126_125521-1024x576.jpg\" alt=\"\" class=\"wp-image-1399\" srcset=\"https:\/\/webs.uab.cat\/ahcisp\/wp-content\/uploads\/sites\/320\/2017\/01\/IMG_20170126_125521-1024x576.jpg 1024w, https:\/\/webs.uab.cat\/ahcisp\/wp-content\/uploads\/sites\/320\/2017\/01\/IMG_20170126_125521-300x169.jpg 300w, https:\/\/webs.uab.cat\/ahcisp\/wp-content\/uploads\/sites\/320\/2017\/01\/IMG_20170126_125521-768x432.jpg 768w, https:\/\/webs.uab.cat\/ahcisp\/wp-content\/uploads\/sites\/320\/2017\/01\/IMG_20170126_125521-1200x675.jpg 1200w, https:\/\/webs.uab.cat\/ahcisp\/wp-content\/uploads\/sites\/320\/2017\/01\/IMG_20170126_125521.jpg 1280w\" sizes=\"auto, (max-width: 1024px) 100vw, 1024px\" \/><\/figure>\n\n\n\n<figure class=\"wp-block-image size-large\"><img loading=\"lazy\" decoding=\"async\" width=\"1024\" height=\"614\" data-id=\"1398\" src=\"https:\/\/webs.uab.cat\/ahcisp\/wp-content\/uploads\/sites\/320\/2017\/01\/20170126_125747-1024x614.jpg\" alt=\"\" class=\"wp-image-1398\" srcset=\"https:\/\/webs.uab.cat\/ahcisp\/wp-content\/uploads\/sites\/320\/2017\/01\/20170126_125747-1024x614.jpg 1024w, https:\/\/webs.uab.cat\/ahcisp\/wp-content\/uploads\/sites\/320\/2017\/01\/20170126_125747-300x180.jpg 300w, https:\/\/webs.uab.cat\/ahcisp\/wp-content\/uploads\/sites\/320\/2017\/01\/20170126_125747-768x461.jpg 768w, https:\/\/webs.uab.cat\/ahcisp\/wp-content\/uploads\/sites\/320\/2017\/01\/20170126_125747-1536x922.jpg 1536w, https:\/\/webs.uab.cat\/ahcisp\/wp-content\/uploads\/sites\/320\/2017\/01\/20170126_125747-2048x1229.jpg 2048w, https:\/\/webs.uab.cat\/ahcisp\/wp-content\/uploads\/sites\/320\/2017\/01\/20170126_125747-1200x720.jpg 1200w, https:\/\/webs.uab.cat\/ahcisp\/wp-content\/uploads\/sites\/320\/2017\/01\/20170126_125747-1980x1188.jpg 1980w\" sizes=\"auto, (max-width: 1024px) 100vw, 1024px\" \/><\/figure>\n\n\n\n<figure class=\"wp-block-image size-large\"><img loading=\"lazy\" decoding=\"async\" width=\"1024\" height=\"614\" data-id=\"1397\" src=\"https:\/\/webs.uab.cat\/ahcisp\/wp-content\/uploads\/sites\/320\/2017\/01\/20170126_125713-1024x614.jpg\" alt=\"\" class=\"wp-image-1397\" srcset=\"https:\/\/webs.uab.cat\/ahcisp\/wp-content\/uploads\/sites\/320\/2017\/01\/20170126_125713-1024x614.jpg 1024w, https:\/\/webs.uab.cat\/ahcisp\/wp-content\/uploads\/sites\/320\/2017\/01\/20170126_125713-300x180.jpg 300w, https:\/\/webs.uab.cat\/ahcisp\/wp-content\/uploads\/sites\/320\/2017\/01\/20170126_125713-768x461.jpg 768w, https:\/\/webs.uab.cat\/ahcisp\/wp-content\/uploads\/sites\/320\/2017\/01\/20170126_125713-1536x922.jpg 1536w, https:\/\/webs.uab.cat\/ahcisp\/wp-content\/uploads\/sites\/320\/2017\/01\/20170126_125713-2048x1229.jpg 2048w, https:\/\/webs.uab.cat\/ahcisp\/wp-content\/uploads\/sites\/320\/2017\/01\/20170126_125713-1200x720.jpg 1200w, https:\/\/webs.uab.cat\/ahcisp\/wp-content\/uploads\/sites\/320\/2017\/01\/20170126_125713-1980x1188.jpg 1980w\" sizes=\"auto, (max-width: 1024px) 100vw, 1024px\" \/><\/figure>\n<\/figure>\n","protected":false},"excerpt":{"rendered":"<p>Dijous 26 de gener de 2017Aula 2 (primer pis), Instituci\u00f3 Mil\u00e0 i Fontanals delCSIC, c\/ Egipciaques 15, Barcelona. L\u2019objectiu d\u2019aquesta sessi\u00f3 \u00e9s donar a con\u00e8ixier algunes de les empremtes ib\u00e8riques que van marcar els continents afric\u00e0 i americ\u00e0.Coordinaci\u00f3: Yolanda Aixel\u00e0 (IMF-CSIC) \/ Montserrat Ventura (UAB). Seminari organizat per:Grup de Recerca Antropologia i Hist\u00f2ria de la [&hellip;]<\/p>\n","protected":false},"author":2545,"featured_media":0,"comment_status":"closed","ping_status":"closed","sticky":false,"template":"","format":"standard","meta":{"footnotes":""},"categories":[2,37],"tags":[],"class_list":["post-1384","post","type-post","status-publish","format-standard","hentry","category-activitats","category-europa"],"_links":{"self":[{"href":"https:\/\/webs.uab.cat\/ahcisp\/wp-json\/wp\/v2\/posts\/1384","targetHints":{"allow":["GET"]}}],"collection":[{"href":"https:\/\/webs.uab.cat\/ahcisp\/wp-json\/wp\/v2\/posts"}],"about":[{"href":"https:\/\/webs.uab.cat\/ahcisp\/wp-json\/wp\/v2\/types\/post"}],"author":[{"embeddable":true,"href":"https:\/\/webs.uab.cat\/ahcisp\/wp-json\/wp\/v2\/users\/2545"}],"replies":[{"embeddable":true,"href":"https:\/\/webs.uab.cat\/ahcisp\/wp-json\/wp\/v2\/comments?post=1384"}],"version-history":[{"count":1,"href":"https:\/\/webs.uab.cat\/ahcisp\/wp-json\/wp\/v2\/posts\/1384\/revisions"}],"predecessor-version":[{"id":3674,"href":"https:\/\/webs.uab.cat\/ahcisp\/wp-json\/wp\/v2\/posts\/1384\/revisions\/3674"}],"wp:attachment":[{"href":"https:\/\/webs.uab.cat\/ahcisp\/wp-json\/wp\/v2\/media?parent=1384"}],"wp:term":[{"taxonomy":"category","embeddable":true,"href":"https:\/\/webs.uab.cat\/ahcisp\/wp-json\/wp\/v2\/categories?post=1384"},{"taxonomy":"post_tag","embeddable":true,"href":"https:\/\/webs.uab.cat\/ahcisp\/wp-json\/wp\/v2\/tags?post=1384"}],"curies":[{"name":"wp","href":"https:\/\/api.w.org\/{rel}","templated":true}]}}