{"id":5685,"date":"2024-12-19T17:50:21","date_gmt":"2024-12-19T15:50:21","guid":{"rendered":"https:\/\/webs.uab.cat\/ahcisp\/?p=5685"},"modified":"2024-12-19T17:50:41","modified_gmt":"2024-12-19T15:50:41","slug":"tallers-recuperem-junts-la-memoria-de-la-ribera-debre","status":"publish","type":"post","link":"https:\/\/webs.uab.cat\/ahcisp\/2024\/12\/19\/tallers-recuperem-junts-la-memoria-de-la-ribera-debre\/","title":{"rendered":"TALLERS RECUPEREM JUNTS LA MEM\u00d2RIA DE LA RIBERA D\u2019EBRE"},"content":{"rendered":"\n<p class=\"wp-block-paragraph\">En el marc del projecte \u201c<a href=\"https:\/\/www.uab.cat\/ca\/antropologia\/noticies\/20240515\/riveraebre\" target=\"_blank\" rel=\"noreferrer noopener\">La construcci\u00f3 de la pau i la recuperaci\u00f3 de la mem\u00f2ria democr\u00e0tica a la Ribera d\u2019Ebre<\/a>\u201d, on ha intervingut l\u2019equip Virginia Fons (IP, UAB), Julieta Olaso (UAB) i Sandra Ordo\u00f1o (CERE), \u00a0recolzat pel Centre d\u2019Estudis de la Ribera d\u2019Ebre (CERE), subvencionat per l\u2019Ajut a la recerca Creu Casas Sicart de la convocat\u00f2ria 2024, de la Xarxa Vives d\u2019Universitats i de l\u2019Institut Ramon Muntaner (IRMU), amb la col\u00b7laboraci\u00f3 de la Generalitat de Catalunya, Julieta Olaso ha realitzat diversos tallers \u201cRecuperem junts la mem\u00f2ria de la Ribera d\u2019Ebre\u201d per a tota la Ribera d\u2019Ebre: el dia 19 de juny 2024 a les 16h a Riba-roja amb estudiants Erasmus vinguts de tot Europa, el dia 18 de novembre 2024 a les 18.30h a la Biblioteca Comarcal de M\u00f3ra d\u2019Ebre Artur Cor i Mir\u00f3, el dia 3 de desembre 2024 a les 18.30h a la Biblioteca de M\u00f3ra la Nova, i al llarg del mes de desembre-gener a l\u2019Institut de Secund\u00e0ria de Flix.<\/p>\n\n\n\n<figure class=\"wp-block-image size-large\"><img loading=\"lazy\" decoding=\"async\" width=\"1024\" height=\"768\" src=\"https:\/\/webs.uab.cat\/ahcisp\/wp-content\/uploads\/sites\/320\/2024\/12\/IMG20240619161001-1024x768.jpg\" alt=\"\" class=\"wp-image-5686\" srcset=\"https:\/\/webs.uab.cat\/ahcisp\/wp-content\/uploads\/sites\/320\/2024\/12\/IMG20240619161001-1024x768.jpg 1024w, https:\/\/webs.uab.cat\/ahcisp\/wp-content\/uploads\/sites\/320\/2024\/12\/IMG20240619161001-300x225.jpg 300w, https:\/\/webs.uab.cat\/ahcisp\/wp-content\/uploads\/sites\/320\/2024\/12\/IMG20240619161001-768x576.jpg 768w, https:\/\/webs.uab.cat\/ahcisp\/wp-content\/uploads\/sites\/320\/2024\/12\/IMG20240619161001-1536x1152.jpg 1536w, https:\/\/webs.uab.cat\/ahcisp\/wp-content\/uploads\/sites\/320\/2024\/12\/IMG20240619161001-1200x900.jpg 1200w, https:\/\/webs.uab.cat\/ahcisp\/wp-content\/uploads\/sites\/320\/2024\/12\/IMG20240619161001-1980x1485.jpg 1980w, https:\/\/webs.uab.cat\/ahcisp\/wp-content\/uploads\/sites\/320\/2024\/12\/IMG20240619161001.jpg 2048w\" sizes=\"auto, (max-width: 1024px) 100vw, 1024px\" \/><\/figure>\n","protected":false},"excerpt":{"rendered":"<p>En el marc del projecte \u201cLa construcci\u00f3 de la pau i la recuperaci\u00f3 de la mem\u00f2ria democr\u00e0tica a la Ribera d\u2019Ebre\u201d, on ha intervingut l\u2019equip Virginia Fons (IP, UAB), Julieta Olaso (UAB) i Sandra Ordo\u00f1o (CERE), \u00a0recolzat pel Centre d\u2019Estudis de la Ribera d\u2019Ebre (CERE), subvencionat per l\u2019Ajut a la recerca Creu Casas Sicart de [&hellip;]<\/p>\n","protected":false},"author":1643,"featured_media":5686,"comment_status":"closed","ping_status":"closed","sticky":false,"template":"","format":"standard","meta":{"footnotes":""},"categories":[2,31,37],"tags":[],"class_list":["post-5685","post","type-post","status-publish","format-standard","has-post-thumbnail","hentry","category-activitats","category-antropologia-historica","category-europa"],"_links":{"self":[{"href":"https:\/\/webs.uab.cat\/ahcisp\/wp-json\/wp\/v2\/posts\/5685","targetHints":{"allow":["GET"]}}],"collection":[{"href":"https:\/\/webs.uab.cat\/ahcisp\/wp-json\/wp\/v2\/posts"}],"about":[{"href":"https:\/\/webs.uab.cat\/ahcisp\/wp-json\/wp\/v2\/types\/post"}],"author":[{"embeddable":true,"href":"https:\/\/webs.uab.cat\/ahcisp\/wp-json\/wp\/v2\/users\/1643"}],"replies":[{"embeddable":true,"href":"https:\/\/webs.uab.cat\/ahcisp\/wp-json\/wp\/v2\/comments?post=5685"}],"version-history":[{"count":1,"href":"https:\/\/webs.uab.cat\/ahcisp\/wp-json\/wp\/v2\/posts\/5685\/revisions"}],"predecessor-version":[{"id":5689,"href":"https:\/\/webs.uab.cat\/ahcisp\/wp-json\/wp\/v2\/posts\/5685\/revisions\/5689"}],"wp:featuredmedia":[{"embeddable":true,"href":"https:\/\/webs.uab.cat\/ahcisp\/wp-json\/wp\/v2\/media\/5686"}],"wp:attachment":[{"href":"https:\/\/webs.uab.cat\/ahcisp\/wp-json\/wp\/v2\/media?parent=5685"}],"wp:term":[{"taxonomy":"category","embeddable":true,"href":"https:\/\/webs.uab.cat\/ahcisp\/wp-json\/wp\/v2\/categories?post=5685"},{"taxonomy":"post_tag","embeddable":true,"href":"https:\/\/webs.uab.cat\/ahcisp\/wp-json\/wp\/v2\/tags?post=5685"}],"curies":[{"name":"wp","href":"https:\/\/api.w.org\/{rel}","templated":true}]}}