{"id":5999,"date":"2025-06-06T18:00:32","date_gmt":"2025-06-06T16:00:32","guid":{"rendered":"https:\/\/webs.uab.cat\/ahcisp\/?p=5999"},"modified":"2025-09-29T10:14:25","modified_gmt":"2025-09-29T08:14:25","slug":"6-juny-taules-de-difunts-a-la-costa-equatoriana","status":"publish","type":"post","link":"https:\/\/webs.uab.cat\/ahcisp\/2025\/06\/06\/6-juny-taules-de-difunts-a-la-costa-equatoriana\/","title":{"rendered":"TAULES DE DIFUNTS A LA COSTA EQUATORIANA"},"content":{"rendered":"\n<p class=\"wp-block-paragraph\">El 6 de juny tindr\u00e0 lloc la presentaci\u00f3 del documental \u00ab<em>Los llamamos a todos. Mesa de difuntos. Memoria e identidad<\/em>\u00bb entorn de la poblaci\u00f3 origin\u00e0ria de la costa d\u2019Equador, i un debat posterior a c\u00e0rrec de Silvia \u00c1lvarez (GIRHAC-AHCISP). Tindr\u00e0 lloc a les 18:00 a l\u2019aula 212 de la Facultat de Geografia i Hist\u00f2ria de la Universitat de Barcelona \u00a0(C\/Montalegre, 6, Campus Raval), organitzat pel grup de recerca <a href=\"https:\/\/gremherub.wordpress.com\/\">GREMHER-UB<\/a>.<\/p>\n\n\n\n<figure class=\"wp-block-image size-large\"><img loading=\"lazy\" decoding=\"async\" width=\"1024\" height=\"835\" src=\"https:\/\/webs.uab.cat\/ahcisp\/wp-content\/uploads\/sites\/320\/2025\/06\/image-1024x835.png\" alt=\"\" class=\"wp-image-6000\" srcset=\"https:\/\/webs.uab.cat\/ahcisp\/wp-content\/uploads\/sites\/320\/2025\/06\/image-1024x835.png 1024w, https:\/\/webs.uab.cat\/ahcisp\/wp-content\/uploads\/sites\/320\/2025\/06\/image-300x245.png 300w, https:\/\/webs.uab.cat\/ahcisp\/wp-content\/uploads\/sites\/320\/2025\/06\/image-768x626.png 768w, https:\/\/webs.uab.cat\/ahcisp\/wp-content\/uploads\/sites\/320\/2025\/06\/image-1200x979.png 1200w, https:\/\/webs.uab.cat\/ahcisp\/wp-content\/uploads\/sites\/320\/2025\/06\/image.png 1317w\" sizes=\"auto, (max-width: 1024px) 100vw, 1024px\" \/><\/figure>\n","protected":false},"excerpt":{"rendered":"<p>El 6 de juny tindr\u00e0 lloc la presentaci\u00f3 del documental \u00abLos llamamos a todos. Mesa de difuntos. Memoria e identidad\u00bb entorn de la poblaci\u00f3 origin\u00e0ria de la costa d\u2019Equador, i un debat posterior a c\u00e0rrec de Silvia \u00c1lvarez (GIRHAC-AHCISP). Tindr\u00e0 lloc a les 18:00 a l\u2019aula 212 de la Facultat de Geografia i Hist\u00f2ria de [&hellip;]<\/p>\n","protected":false},"author":1643,"featured_media":6000,"comment_status":"closed","ping_status":"closed","sticky":false,"template":"","format":"standard","meta":{"footnotes":""},"categories":[36,29],"tags":[],"class_list":["post-5999","post","type-post","status-publish","format-standard","has-post-thumbnail","hentry","category-america","category-rituals"],"_links":{"self":[{"href":"https:\/\/webs.uab.cat\/ahcisp\/wp-json\/wp\/v2\/posts\/5999","targetHints":{"allow":["GET"]}}],"collection":[{"href":"https:\/\/webs.uab.cat\/ahcisp\/wp-json\/wp\/v2\/posts"}],"about":[{"href":"https:\/\/webs.uab.cat\/ahcisp\/wp-json\/wp\/v2\/types\/post"}],"author":[{"embeddable":true,"href":"https:\/\/webs.uab.cat\/ahcisp\/wp-json\/wp\/v2\/users\/1643"}],"replies":[{"embeddable":true,"href":"https:\/\/webs.uab.cat\/ahcisp\/wp-json\/wp\/v2\/comments?post=5999"}],"version-history":[{"count":3,"href":"https:\/\/webs.uab.cat\/ahcisp\/wp-json\/wp\/v2\/posts\/5999\/revisions"}],"predecessor-version":[{"id":6059,"href":"https:\/\/webs.uab.cat\/ahcisp\/wp-json\/wp\/v2\/posts\/5999\/revisions\/6059"}],"wp:featuredmedia":[{"embeddable":true,"href":"https:\/\/webs.uab.cat\/ahcisp\/wp-json\/wp\/v2\/media\/6000"}],"wp:attachment":[{"href":"https:\/\/webs.uab.cat\/ahcisp\/wp-json\/wp\/v2\/media?parent=5999"}],"wp:term":[{"taxonomy":"category","embeddable":true,"href":"https:\/\/webs.uab.cat\/ahcisp\/wp-json\/wp\/v2\/categories?post=5999"},{"taxonomy":"post_tag","embeddable":true,"href":"https:\/\/webs.uab.cat\/ahcisp\/wp-json\/wp\/v2\/tags?post=5999"}],"curies":[{"name":"wp","href":"https:\/\/api.w.org\/{rel}","templated":true}]}}