{"id":6009,"date":"2025-06-21T16:05:33","date_gmt":"2025-06-21T14:05:33","guid":{"rendered":"https:\/\/webs.uab.cat\/ahcisp\/?p=6009"},"modified":"2025-09-16T08:49:34","modified_gmt":"2025-09-16T06:49:34","slug":"ajuts-master-i-doctorat-indirec-uab-2025-lloc-i-personalitat","status":"publish","type":"post","link":"https:\/\/webs.uab.cat\/ahcisp\/2025\/06\/21\/ajuts-master-i-doctorat-indirec-uab-2025-lloc-i-personalitat\/","title":{"rendered":"AJUTS MASTER I DOCTORAT INDIREC-UAB 2025 &#8211; \u201cLloc i Personalitat\u201d | Fins el 12-Oct"},"content":{"rendered":"\n<p class=\"wp-block-paragraph\">Convocat\u00f2ria d&#8217;ajuts a la mobilitat INDIREC-UAB 2025, per a treballs de recerca aplicada orientats a les relacions singulars amb el territori entre els pobles ind\u00edgenes i les comunitats locals arreu del m\u00f3n, dirigits a estudiants de M\u00e0ster i Doctorat en Antropologia Social i Cultural de la Universitat Aut\u00f2noma de Barcelona.<\/p>\n\n\n\n<p class=\"has-groc-caputxina-transparent-background-color has-background wp-block-paragraph\">Ampliaci\u00f3 del termini de les candidatures <strong>fins el 12 d&#8217;octubre<\/strong>.<\/p>\n\n\n\n<h2 class=\"wp-block-heading\">Sol\u00b7licitud<\/h2>\n\n\n\n<p class=\"wp-block-paragraph\"><strong>Formulari<\/strong><\/p>\n\n\n\n<p class=\"wp-block-paragraph\">Formulari de sol\u00b7licitud per a les persones interessades.<\/p>\n\n\n\n<div class=\"wp-block-file\"><a id=\"wp-block-file--media-5129aec9-0dac-4bef-8ed4-f0cdd152e13c\" href=\"https:\/\/webs.uab.cat\/ahcisp\/wp-content\/uploads\/sites\/320\/2025\/06\/FORMULARI-INDIREC-UAB-2025.pdf\">FORMULARI INDIREC UAB 2025<\/a><a href=\"https:\/\/webs.uab.cat\/ahcisp\/wp-content\/uploads\/sites\/320\/2025\/06\/FORMULARI-INDIREC-UAB-2025.pdf\" class=\"wp-block-file__button wp-element-button\" download aria-describedby=\"wp-block-file--media-5129aec9-0dac-4bef-8ed4-f0cdd152e13c\">Download<\/a><\/div>\n\n\n\n<p class=\"wp-block-paragraph\"><strong>Bases de la Convocat\u00f2ria<\/strong><\/p>\n\n\n\n<p class=\"wp-block-paragraph\">Podeu consultar tota la informaci\u00f3 i les bases al PDF seg\u00fcent.<\/p>\n\n\n\n<div data-wp-interactive=\"core\/file\" class=\"wp-block-file\"><object data-wp-bind--hidden=\"!state.hasPdfPreview\" hidden class=\"wp-block-file__embed\" data=\"https:\/\/webs.uab.cat\/ahcisp\/wp-content\/uploads\/sites\/320\/2025\/06\/CONVOCATORIA_DAJUTS_INDIREC-AHCISP_UAB_Juny25.pdf\" type=\"application\/pdf\" style=\"width:100%;height:600px\" aria-label=\"Incrustaci\u00f3 del fitxer CONVOCAT\u00d2RIA_DAJUTS_INDIREC-AHCISP_UAB_Juny25.\"><\/object><a id=\"wp-block-file--media-1693dea9-b887-4eec-98f9-393c73789f47\" href=\"https:\/\/webs.uab.cat\/ahcisp\/wp-content\/uploads\/sites\/320\/2025\/06\/CONVOCATORIA_DAJUTS_INDIREC-AHCISP_UAB_Juny25.pdf\">CONVOCAT\u00d2RIA_DAJUTS_INDIREC-AHCISP_UAB_Juny25<\/a><a href=\"https:\/\/webs.uab.cat\/ahcisp\/wp-content\/uploads\/sites\/320\/2025\/06\/CONVOCATORIA_DAJUTS_INDIREC-AHCISP_UAB_Juny25.pdf\" class=\"wp-block-file__button wp-element-button\" download aria-describedby=\"wp-block-file--media-1693dea9-b887-4eec-98f9-393c73789f47\">Download<\/a><\/div>\n","protected":false},"excerpt":{"rendered":"<p>Convocat\u00f2ria d&#8217;ajuts a la mobilitat INDIREC-UAB 2025, per a treballs de recerca aplicada orientats a les relacions singulars amb el territori entre els pobles ind\u00edgenes i les comunitats locals arreu del m\u00f3n, dirigits a estudiants de M\u00e0ster i Doctorat en Antropologia Social i Cultural de la Universitat Aut\u00f2noma de Barcelona. Ampliaci\u00f3 del termini de les [&hellip;]<\/p>\n","protected":false},"author":1643,"featured_media":6013,"comment_status":"closed","ping_status":"closed","sticky":false,"template":"","format":"standard","meta":{"footnotes":""},"categories":[2],"tags":[],"class_list":["post-6009","post","type-post","status-publish","format-standard","has-post-thumbnail","hentry","category-activitats"],"_links":{"self":[{"href":"https:\/\/webs.uab.cat\/ahcisp\/wp-json\/wp\/v2\/posts\/6009","targetHints":{"allow":["GET"]}}],"collection":[{"href":"https:\/\/webs.uab.cat\/ahcisp\/wp-json\/wp\/v2\/posts"}],"about":[{"href":"https:\/\/webs.uab.cat\/ahcisp\/wp-json\/wp\/v2\/types\/post"}],"author":[{"embeddable":true,"href":"https:\/\/webs.uab.cat\/ahcisp\/wp-json\/wp\/v2\/users\/1643"}],"replies":[{"embeddable":true,"href":"https:\/\/webs.uab.cat\/ahcisp\/wp-json\/wp\/v2\/comments?post=6009"}],"version-history":[{"count":5,"href":"https:\/\/webs.uab.cat\/ahcisp\/wp-json\/wp\/v2\/posts\/6009\/revisions"}],"predecessor-version":[{"id":6044,"href":"https:\/\/webs.uab.cat\/ahcisp\/wp-json\/wp\/v2\/posts\/6009\/revisions\/6044"}],"wp:featuredmedia":[{"embeddable":true,"href":"https:\/\/webs.uab.cat\/ahcisp\/wp-json\/wp\/v2\/media\/6013"}],"wp:attachment":[{"href":"https:\/\/webs.uab.cat\/ahcisp\/wp-json\/wp\/v2\/media?parent=6009"}],"wp:term":[{"taxonomy":"category","embeddable":true,"href":"https:\/\/webs.uab.cat\/ahcisp\/wp-json\/wp\/v2\/categories?post=6009"},{"taxonomy":"post_tag","embeddable":true,"href":"https:\/\/webs.uab.cat\/ahcisp\/wp-json\/wp\/v2\/tags?post=6009"}],"curies":[{"name":"wp","href":"https:\/\/api.w.org\/{rel}","templated":true}]}}