{"id":6071,"date":"2025-10-15T17:29:38","date_gmt":"2025-10-15T15:29:38","guid":{"rendered":"https:\/\/webs.uab.cat\/ahcisp\/?p=6071"},"modified":"2025-10-27T19:23:24","modified_gmt":"2025-10-27T17:23:24","slug":"15-oct-seminari-ahcisp-grafo-i-projeccio-documental-parir-en-oriente","status":"publish","type":"post","link":"https:\/\/webs.uab.cat\/ahcisp\/2025\/10\/15\/15-oct-seminari-ahcisp-grafo-i-projeccio-documental-parir-en-oriente\/","title":{"rendered":"Seminari AHCISP-GRAFO i projecci\u00f3 documental &#8216;Parir en oriente&#8217;"},"content":{"rendered":"\n<p class=\"wp-block-paragraph\">Aquest 15 d\u2019octubre a les 16h, en el marc dels seminaris AHCISP i conjuntament amb el grup de recerca GRAFO del Departament d\u2019Antropologia social i cultural, ha tingut lloc, a la Sala d\u2019Actes de la Facultat de Filosofia i Lletres de la UAB el seminari audiovisual \u201c<em>Parir en el oriente colombiano<\/em>\u201d a c\u00e0rrec de la doctoranda Luisa Pel\u00e1ez C\u00f3rdoba.<\/p>\n\n\n\n<figure class=\"wp-block-image size-large\"><img loading=\"lazy\" decoding=\"async\" width=\"778\" height=\"1024\" src=\"https:\/\/webs.uab.cat\/ahcisp\/wp-content\/uploads\/sites\/320\/2025\/09\/Parir-en-el-Oriente-colombiano-778x1024.png\" alt=\"\" class=\"wp-image-6077\" srcset=\"https:\/\/webs.uab.cat\/ahcisp\/wp-content\/uploads\/sites\/320\/2025\/09\/Parir-en-el-Oriente-colombiano-778x1024.png 778w, https:\/\/webs.uab.cat\/ahcisp\/wp-content\/uploads\/sites\/320\/2025\/09\/Parir-en-el-Oriente-colombiano-228x300.png 228w, https:\/\/webs.uab.cat\/ahcisp\/wp-content\/uploads\/sites\/320\/2025\/09\/Parir-en-el-Oriente-colombiano-768x1011.png 768w, https:\/\/webs.uab.cat\/ahcisp\/wp-content\/uploads\/sites\/320\/2025\/09\/Parir-en-el-Oriente-colombiano-1167x1536.png 1167w, https:\/\/webs.uab.cat\/ahcisp\/wp-content\/uploads\/sites\/320\/2025\/09\/Parir-en-el-Oriente-colombiano-1556x2048.png 1556w, https:\/\/webs.uab.cat\/ahcisp\/wp-content\/uploads\/sites\/320\/2025\/09\/Parir-en-el-Oriente-colombiano-1200x1580.png 1200w, https:\/\/webs.uab.cat\/ahcisp\/wp-content\/uploads\/sites\/320\/2025\/09\/Parir-en-el-Oriente-colombiano-1980x2606.png 1980w\" sizes=\"auto, (max-width: 778px) 100vw, 778px\" \/><\/figure>\n\n\n\n<div class=\"wp-block-file\"><a id=\"wp-block-file--media-01a03304-a04c-4260-8186-fb9bdac68bdf\" href=\"https:\/\/webs.uab.cat\/ahcisp\/wp-content\/uploads\/sites\/320\/2025\/09\/Parir-en-el-Oriente-colombiano.pdf.pdf\">Parir en el Oriente colombiano.pdf<\/a><a href=\"https:\/\/webs.uab.cat\/ahcisp\/wp-content\/uploads\/sites\/320\/2025\/09\/Parir-en-el-Oriente-colombiano.pdf.pdf\" class=\"wp-block-file__button wp-element-button\" download aria-describedby=\"wp-block-file--media-01a03304-a04c-4260-8186-fb9bdac68bdf\">Download<\/a><\/div>\n","protected":false},"excerpt":{"rendered":"<p>Aquest 15 d\u2019octubre a les 16h, en el marc dels seminaris AHCISP i conjuntament amb el grup de recerca GRAFO del Departament d\u2019Antropologia social i cultural, ha tingut lloc, a la Sala d\u2019Actes de la Facultat de Filosofia i Lletres de la UAB el seminari audiovisual \u201cParir en el oriente colombiano\u201d a c\u00e0rrec de la [&hellip;]<\/p>\n","protected":false},"author":1643,"featured_media":6077,"comment_status":"closed","ping_status":"closed","sticky":false,"template":"","format":"standard","meta":{"footnotes":""},"categories":[2],"tags":[],"class_list":["post-6071","post","type-post","status-publish","format-standard","has-post-thumbnail","hentry","category-activitats"],"_links":{"self":[{"href":"https:\/\/webs.uab.cat\/ahcisp\/wp-json\/wp\/v2\/posts\/6071","targetHints":{"allow":["GET"]}}],"collection":[{"href":"https:\/\/webs.uab.cat\/ahcisp\/wp-json\/wp\/v2\/posts"}],"about":[{"href":"https:\/\/webs.uab.cat\/ahcisp\/wp-json\/wp\/v2\/types\/post"}],"author":[{"embeddable":true,"href":"https:\/\/webs.uab.cat\/ahcisp\/wp-json\/wp\/v2\/users\/1643"}],"replies":[{"embeddable":true,"href":"https:\/\/webs.uab.cat\/ahcisp\/wp-json\/wp\/v2\/comments?post=6071"}],"version-history":[{"count":2,"href":"https:\/\/webs.uab.cat\/ahcisp\/wp-json\/wp\/v2\/posts\/6071\/revisions"}],"predecessor-version":[{"id":6144,"href":"https:\/\/webs.uab.cat\/ahcisp\/wp-json\/wp\/v2\/posts\/6071\/revisions\/6144"}],"wp:featuredmedia":[{"embeddable":true,"href":"https:\/\/webs.uab.cat\/ahcisp\/wp-json\/wp\/v2\/media\/6077"}],"wp:attachment":[{"href":"https:\/\/webs.uab.cat\/ahcisp\/wp-json\/wp\/v2\/media?parent=6071"}],"wp:term":[{"taxonomy":"category","embeddable":true,"href":"https:\/\/webs.uab.cat\/ahcisp\/wp-json\/wp\/v2\/categories?post=6071"},{"taxonomy":"post_tag","embeddable":true,"href":"https:\/\/webs.uab.cat\/ahcisp\/wp-json\/wp\/v2\/tags?post=6071"}],"curies":[{"name":"wp","href":"https:\/\/api.w.org\/{rel}","templated":true}]}}