{"id":149,"date":"2023-01-10T21:56:00","date_gmt":"2023-01-10T19:56:00","guid":{"rendered":"https:\/\/webs.uab.cat\/amix-critix\/?p=149"},"modified":"2024-04-05T23:00:36","modified_gmt":"2024-04-05T21:00:36","slug":"experiencia-antiracisme-a-laula","status":"publish","type":"post","link":"https:\/\/webs.uab.cat\/amix-critix\/2023\/01\/10\/experiencia-antiracisme-a-laula\/","title":{"rendered":"Experi\u00e8ncia \u00abAntiracisme a l&#8217;aula\u00bb"},"content":{"rendered":"\n<p class=\"wp-block-paragraph\">\u00c9s interessant que treballa l\u2019anti-racisme i l\u2019anticlassisme.<\/p>\n\n\n\n<p class=\"wp-block-paragraph\">Fer preguntes que q\u00fcestionin l\u2019alumnat: Alguna vegada has discriminat a alg\u00fa?<\/p>\n\n\n\n<ul class=\"wp-block-list\">\n<li>Recursos:\n<ul class=\"wp-block-list\">\n<li>Joc de Taula a l\u2019estil del Monopoly, que es diu \u201cFronteres invisibles\u201d que visibilitza que \u00e9s molt dif\u00edcil aconseguir els papers. Tamb\u00e9 tenen un Escape Room sobre MENAs, tots dos per a ESO.<\/li>\n\n\n\n<li>Conte \u201cEmigrantes\u201d de Shaun Tan. (no t\u00e9 text)<\/li>\n\n\n\n<li>Llibre: \u201cDiversitat cultural i educaci\u00f3\u201d.<\/li>\n\n\n\n<li>Din\u00e0miques a la web d\u2019Amnistia Internacional.<\/li>\n\n\n\n<li>Micreate (<a href=\"http:\/\/www.micreate.eu\/?lang=es\">www.micreate.eu\/?lang=es<\/a>)&nbsp;<\/li>\n\n\n\n<li>Barcelona antirumors: Tamb\u00e9 t\u00e9nen activitats i din\u00e0miques (<a href=\"https:\/\/ajuntament.barcelona.cat\/bcnacciointercultural\/ca\/estrategia-bcn-antirumors\/xarxabcnantirumors\">https:\/\/ajuntament.barcelona.cat\/bcnacciointercultural\/ca\/estrategia-bcn-antirumors\/xarxabcnantirumors<\/a>) .<\/li>\n<\/ul>\n<\/li>\n<\/ul>\n","protected":false},"excerpt":{"rendered":"<p>\u00c9s interessant que treballa l\u2019anti-racisme i l\u2019anticlassisme. Fer preguntes que q\u00fcestionin l\u2019alumnat: Alguna vegada has discriminat a alg\u00fa?<\/p>\n","protected":false},"author":2859,"featured_media":150,"comment_status":"closed","ping_status":"closed","sticky":false,"template":"","format":"standard","meta":{"footnotes":""},"categories":[2],"tags":[15],"class_list":["post-149","post","type-post","status-publish","format-standard","has-post-thumbnail","hentry","category-projectes","tag-interculturalitat"],"_links":{"self":[{"href":"https:\/\/webs.uab.cat\/amix-critix\/wp-json\/wp\/v2\/posts\/149","targetHints":{"allow":["GET"]}}],"collection":[{"href":"https:\/\/webs.uab.cat\/amix-critix\/wp-json\/wp\/v2\/posts"}],"about":[{"href":"https:\/\/webs.uab.cat\/amix-critix\/wp-json\/wp\/v2\/types\/post"}],"author":[{"embeddable":true,"href":"https:\/\/webs.uab.cat\/amix-critix\/wp-json\/wp\/v2\/users\/2859"}],"replies":[{"embeddable":true,"href":"https:\/\/webs.uab.cat\/amix-critix\/wp-json\/wp\/v2\/comments?post=149"}],"version-history":[{"count":1,"href":"https:\/\/webs.uab.cat\/amix-critix\/wp-json\/wp\/v2\/posts\/149\/revisions"}],"predecessor-version":[{"id":151,"href":"https:\/\/webs.uab.cat\/amix-critix\/wp-json\/wp\/v2\/posts\/149\/revisions\/151"}],"wp:featuredmedia":[{"embeddable":true,"href":"https:\/\/webs.uab.cat\/amix-critix\/wp-json\/wp\/v2\/media\/150"}],"wp:attachment":[{"href":"https:\/\/webs.uab.cat\/amix-critix\/wp-json\/wp\/v2\/media?parent=149"}],"wp:term":[{"taxonomy":"category","embeddable":true,"href":"https:\/\/webs.uab.cat\/amix-critix\/wp-json\/wp\/v2\/categories?post=149"},{"taxonomy":"post_tag","embeddable":true,"href":"https:\/\/webs.uab.cat\/amix-critix\/wp-json\/wp\/v2\/tags?post=149"}],"curies":[{"name":"wp","href":"https:\/\/api.w.org\/{rel}","templated":true}]}}