{"id":66,"date":"2023-12-04T12:21:00","date_gmt":"2023-12-04T10:21:00","guid":{"rendered":"https:\/\/webs.uab.cat\/amix-critix\/?p=66"},"modified":"2024-04-05T22:49:37","modified_gmt":"2024-04-05T20:49:37","slug":"premi-al-documental-controversia-a-laula","status":"publish","type":"post","link":"https:\/\/webs.uab.cat\/amix-critix\/2023\/12\/04\/premi-al-documental-controversia-a-laula\/","title":{"rendered":"Premi al documental \u00abControv\u00e8rsia a l&#8217;aula\u00bb"},"content":{"rendered":"\n<p class=\"wp-block-paragraph\">El documental \u00abControv\u00e8rsia a l&#8217;aula\u00bb, en el que participen algunxs Amix Cr\u00edtix &#8211; i de forma destacada Mireia Mas i Nerea Huertas &#8211; ha rebut el <a href=\"https:\/\/www.uab.cat\/web\/sala-de-premsa\/detall-noticia\/un-documental-elaborat-per-l-escola-de-cultura-de-pau-de-la-uab-guanya-un-dels-premis-civisme-2023-1345829508832.html?detid=1345903620122\"><strong>Premi de Civisme Serra i Moret al millor Treball Pedag\u00f2gic 2023<\/strong><\/a>.<\/p>\n\n\n\n<p class=\"wp-block-paragraph\">El documental&nbsp; t\u00e9 per objectiu principal aportar eines al professorat per animar-lo a dinamitzar di\u00e0legs controvertits a l\u2019aula. Neix de la necessitat de conviure en la diversitat de persones, col\u00b7lectius i punts de vista que conformen la societat catalana contempor\u00e0nia.<\/p>\n\n\n\n<p class=\"wp-block-paragraph\">Amb una duraci\u00f3 de 55 minuts, ha estat gravat a l\u2019escola Torres Jonama de Palafrugell i a l\u2019IES Ca N\u2019Oriac de Sabadell l\u2019any 2022. Forma part d\u2019una s\u00e8rie d\u2019audiovisuals realitzats per <strong><a href=\"https:\/\/foradequadre.org\/\">Fora de Quadre<\/a><\/strong> i l\u2019<a href=\"https:\/\/escolapau.uab.cat\/ca\/informes\/discrepanciabenvinguda\/\"><strong>Escola de Cultura de Pau<\/strong><\/a>&nbsp;amb el suport de l&#8217;ACCD.<\/p>\n\n\n\n<p class=\"wp-block-paragraph\">El documental es va estrenar al&nbsp;<a href=\"https:\/\/beteve.cat\/docs\/controversia-a-l%c2%92aula\/\"><strong>DOC\u2019s de betev\u00e9<\/strong>&nbsp;el 7 de juliol de 2023<\/a>, i s&#8217;ha em\u00e8s per la xarxa de televisions locals.<\/p>\n","protected":false},"excerpt":{"rendered":"<p>El documental \u00abControv\u00e8rsia a l&#8217;aula\u00bb, en el que participen algunxs Amix Cr\u00edtix &#8211; i de forma destacada Mireia Mas i Nerea Huertas &#8211; ha rebut el Premi de Civisme Serra i Moret al millor Treball Pedag\u00f2gic 2023. El documental&nbsp; t\u00e9 per objectiu principal aportar eines al professorat per animar-lo a dinamitzar di\u00e0legs controvertits a l\u2019aula. [&hellip;]<\/p>\n","protected":false},"author":2859,"featured_media":41,"comment_status":"closed","ping_status":"closed","sticky":false,"template":"","format":"standard","meta":{"footnotes":""},"categories":[8,18],"tags":[11,10,19],"class_list":["post-66","post","type-post","status-publish","format-standard","has-post-thumbnail","hentry","category-audiovisuals","category-difusio","tag-genere","tag-pau","tag-controvertits"],"_links":{"self":[{"href":"https:\/\/webs.uab.cat\/amix-critix\/wp-json\/wp\/v2\/posts\/66","targetHints":{"allow":["GET"]}}],"collection":[{"href":"https:\/\/webs.uab.cat\/amix-critix\/wp-json\/wp\/v2\/posts"}],"about":[{"href":"https:\/\/webs.uab.cat\/amix-critix\/wp-json\/wp\/v2\/types\/post"}],"author":[{"embeddable":true,"href":"https:\/\/webs.uab.cat\/amix-critix\/wp-json\/wp\/v2\/users\/2859"}],"replies":[{"embeddable":true,"href":"https:\/\/webs.uab.cat\/amix-critix\/wp-json\/wp\/v2\/comments?post=66"}],"version-history":[{"count":3,"href":"https:\/\/webs.uab.cat\/amix-critix\/wp-json\/wp\/v2\/posts\/66\/revisions"}],"predecessor-version":[{"id":142,"href":"https:\/\/webs.uab.cat\/amix-critix\/wp-json\/wp\/v2\/posts\/66\/revisions\/142"}],"wp:featuredmedia":[{"embeddable":true,"href":"https:\/\/webs.uab.cat\/amix-critix\/wp-json\/wp\/v2\/media\/41"}],"wp:attachment":[{"href":"https:\/\/webs.uab.cat\/amix-critix\/wp-json\/wp\/v2\/media?parent=66"}],"wp:term":[{"taxonomy":"category","embeddable":true,"href":"https:\/\/webs.uab.cat\/amix-critix\/wp-json\/wp\/v2\/categories?post=66"},{"taxonomy":"post_tag","embeddable":true,"href":"https:\/\/webs.uab.cat\/amix-critix\/wp-json\/wp\/v2\/tags?post=66"}],"curies":[{"name":"wp","href":"https:\/\/api.w.org\/{rel}","templated":true}]}}