{"id":16,"count":7,"description":"Continguts i activitats adre\u00e7ats i cicle inicial, mitj\u00e0 i superior de prim\u00e0ria.","link":"https:\/\/webs.uab.cat\/amix-critix\/tag\/primaria\/","name":"Prim\u00e0ria","slug":"primaria","taxonomy":"post_tag","meta":[],"_links":{"self":[{"href":"https:\/\/webs.uab.cat\/amix-critix\/wp-json\/wp\/v2\/tags\/16","targetHints":{"allow":["GET"]}}],"collection":[{"href":"https:\/\/webs.uab.cat\/amix-critix\/wp-json\/wp\/v2\/tags"}],"about":[{"href":"https:\/\/webs.uab.cat\/amix-critix\/wp-json\/wp\/v2\/taxonomies\/post_tag"}],"wp:post_type":[{"href":"https:\/\/webs.uab.cat\/amix-critix\/wp-json\/wp\/v2\/posts?tags=16"}],"curies":[{"name":"wp","href":"https:\/\/api.w.org\/{rel}","templated":true}]}}