{"id":476,"date":"2024-04-22T17:09:45","date_gmt":"2024-04-22T15:09:45","guid":{"rendered":"https:\/\/webs.uab.cat\/antena-cipa\/?p=476"},"modified":"2024-04-22T17:11:08","modified_gmt":"2024-04-22T15:11:08","slug":"la-methode-verbo-tonale","status":"publish","type":"post","link":"https:\/\/webs.uab.cat\/antena-cipa\/la-methode-verbo-tonale\/","title":{"rendered":"LA M\u00c9THODE VERBO-TONALE 2017"},"content":{"rendered":"\n<p class=\"has-text-align-center\"><strong>PHON\u00c9TIQUE CORRECTIVE ET ENSEIGNEMENT DE LA LANGUE ORALE<\/strong><\/p>\n\n\n\n<p>Le <strong>C.I.P.A<\/strong>. (Centre International de Phon\u00e9tique Appliqu\u00e9e de Mons, Belgique) organise, en collaboration avec <strong><em>l\u2019Universit\u00e9 de Mons<\/em><\/strong> (Facult\u00e9 de Traduction et d\u2019Interpr\u00e9tation et Laboratoire de Phon\u00e9tique) et la <strong><em>Universitat Aut\u00f2noma de Barcelona<\/em><\/strong> (Facultat de Lletres et Institut de Ci\u00e8ncies de l\u2019Educaci\u00f3) \u00e0 l\u2019Universitat Aut\u00f2noma de Barcelona, un stage&nbsp;: la M\u00e9thode Verbo-Tonale de phon\u00e9tique corrective et enseignement de la langue orale.<\/p>\n\n\n\n<p><strong>Dates:<\/strong> 3-8 juillet 2017<strong>&nbsp;&nbsp;&nbsp;&nbsp;&nbsp;&nbsp;&nbsp; &nbsp;&nbsp;&nbsp;&nbsp;&nbsp;&nbsp;&nbsp;&nbsp;&nbsp;&nbsp;&nbsp;&nbsp;&nbsp;&nbsp;&nbsp;&nbsp;&nbsp;Dur\u00e9e <\/strong><strong>:<\/strong> 35-40 heures (cours + ateliers + T.P.)<\/p>\n\n\n\n<p><strong>Adresse<\/strong><strong> <\/strong><strong>:<\/strong> <em>Facultat de Lletres, Universitat Aut\u00f2noma de Barcelona<\/em><\/p>\n\n\n\n<p>&nbsp;&nbsp;&nbsp;&nbsp;&nbsp;&nbsp;&nbsp;&nbsp; E-08193 Bellaterra (Cerdanyola del Vall\u00e8s, Barcelona)<\/p>\n\n\n\n<p><strong>Objectifs <\/strong><strong>: <\/strong>former des enseignants de fran\u00e7ais, d\u2019anglais, d\u2019espagnol et\/ou de&nbsp; catalan \u00e0 l\u2019application de la m\u00e9thode Verbo-Tonale dans l\u2019enseignement-apprentissage des langues \u00e9trang\u00e8res ou secondes.<\/p>\n\n\n\n<p><strong>Certification :<\/strong> Tous les participants recevront Un certificat \u00e9mis par le CIPA, par l\u2019UMons et par l\u2019UAB (Institut Ci\u00e8ncies de l\u2019Educaci\u00f3) ; le stage est homologu\u00e9 par le <em>Departament d\u2019Ensenyament de la Generalitat de Catalunya <\/em>comme <strong><em>Activitat de formaci\u00f3 permanent del professorat<\/em><\/strong>.<\/p>\n\n\n\n<p><strong>Droits d\u2019inscription :<\/strong><\/p>\n\n\n\n<ul class=\"wp-block-list\">\n<li>Paiement avant le 15 mai : <strong>250 \u20ac<\/strong><\/li>\n\n\n\n<li>Paiement effectu\u00e9 en deux versements : <strong>300 \u20ac<\/strong> =  1<sup>er<\/sup> versement avant le 15 mai : <strong>150 \u20ac<\/strong>\u00a0 +\u00a0 2<sup>e<\/sup> versement avant le 20 juin : <strong>150 \u20ac.<\/strong><\/li>\n\n\n\n<li>\u00c9tudiants UMons ou UAB :\u00a0<strong>100 \u20ac<\/strong> (bourses limit\u00e9es)<\/li>\n<\/ul>\n\n\n\n<p><strong>H\u00e9bergement :<\/strong><\/p>\n\n\n\n<p>Possibilit\u00e9 d\u2019h\u00e9bergement sur le campus de Bellaterra<\/p>\n\n\n\n<p>&nbsp;(<a href=\"http:\/\/www.uabcampus.cat\/es\/alojamiento.php\">http:\/\/www.uabcampus.cat\/es\/alojamiento.php<\/a>)<\/p>\n\n\n\n<p><strong>&nbsp;<\/strong><strong>Pr\u00e9inscription <\/strong><strong>: (Voir formulaire ci-joint<\/strong>)<strong><\/strong><\/p>\n\n\n\n<p>Le nombre de participants \u00e9tant limit\u00e9, l\u2019acceptation des candidatures se r\u00e9alisera en respectant&nbsp; l\u2019ordre de pr\u00e9sentation du formulaire de pr\u00e9inscription ci-joint&nbsp;et qui peut \u00eatre adress\u00e9 (sans versement de caution) d\u00e8s le 1<sup>er<\/sup> mars 2017 au <strong>CIPA<\/strong> (\u00e0 Mons ou \u00e0 Barcelone) par courriel \u00e0 une des adresses suivantes :<\/p>\n\n\n\n<p><a href=\"mailto:CIPA@umons.ac.be\">CIPA@umons.ac.be<\/a> \u00a0\u00a0\u00a0\u00a0\u00a0\u00a0\u00a0\u00a0\u00a0ou\u00a0\u00a0\u00a0\u00a0\u00a0\u00a0\u00a0\u00a0\u00a0 <a href=\"mailto:cipa.barcelona@uab.cat\">cipa.barcelona@uab.cat<\/a><\/p>\n\n\n\n<p><strong>Coordinateurs<\/strong>:<strong><\/strong><\/p>\n\n\n\n<ul class=\"wp-block-list\">\n<li>RENARD, Raymond&nbsp;: professeur \u00e9m\u00e9rite Universit\u00e9 de Mons (UMons), pr\u00e9sident d\u2019honneur du CIPA (Mons)<\/li>\n\n\n\n<li>MURILLO, Julio&nbsp;: professeur \u00e9m\u00e9rite (D\u00e9partement de Philologie Fran\u00e7aise et Romane, Universitat Aut\u00f2noma de Barcelona) et directeur de l\u2019Antenne du CIPA \u00e0 Barcelone (UAB)<\/li>\n<\/ul>\n\n\n\n<p><strong>Professeurs<\/strong> et <strong>rapporteurs<\/strong>:<\/p>\n\n\n\n<ul class=\"wp-block-list\">\n<li>BILLI\u00c8RES, Michel&nbsp;: Professeur de l\u2019Universit\u00e9 de Toulouse Jean Jaur\u00e8s<\/li>\n\n\n\n<li>CALVO, M\u00aa Victoria&nbsp;:<strong> <\/strong>orthophoniste\/logop\u00e8de, Pr\u00e9sidente de l\u2019AEV (Asociaci\u00f3n Espa\u00f1ola Verbotonal). Colegio La Pur\u00edsima et Service des Implants Cochl\u00e9aires<strong> (<\/strong>Hospital Cl\u00ednico Universitario Zaragoza)<\/li>\n\n\n\n<li>CEBRI\u00c1N, Juli : professeur au Departament de Filologia Anglesa i German\u00edstica (UAB)<\/li>\n\n\n\n<li>DAOUSSI, Syrine : chercheuse au Departament de Filologia Francesa i Rom\u00e0nica (UAB)<\/li>\n\n\n\n<li>DUMONTET, Fabienne : professeure ENS Lyon<\/li>\n\n\n\n<li>FRANKOL, Dunja : Polyclique SUVAG, Zagreb<\/li>\n\n\n\n<li>GAJIC, Karlo&nbsp;: ancien collaborateur du professeur Petar Guberina. Directeur du \u00ab&nbsp;Gabinete de Logopedia KG&nbsp;\u00bb&nbsp;de Valencia. Formateur \u00e0 l\u2019Universidad de Valencia et \u00e0 l\u2019Universidad Cat\u00f3lica de Valencia<\/li>\n\n\n\n<li>GAUCHOLA, Roser&nbsp;: Professeure au D\u00e9partement de Philologie Fran\u00e7aise et Romane (UAB)<\/li>\n\n\n\n<li>GONDRY, Alain&nbsp;: professeur \u00e0 la Facult\u00e9 Warocqu\u00e9 (UMons)<\/li>\n\n\n\n<li>HARMEGNIES, Bernard&nbsp;: pr\u00e9sident du CIPA et Premier Vice-Recteur de l\u2019UMons<\/li>\n\n\n\n<li>LLISTERRI, Joaquim&nbsp;: Professeur au Departament de Filologia Espanyola (UAB)<\/li>\n\n\n\n<li>MACHUCA, M\u00aa Jes\u00fas&nbsp;: Professeure au Departament de Filologia Espanyola (UAB)<\/li>\n\n\n\n<li>MORRIS, David : ancien professeur \u00e0 l\u2019\u00c9cole d\u2019Interpr\u00e8tes de Mons (UMons)<\/li>\n\n\n\n<li>OSORIO, Marta&nbsp;: chercheuse au Departament de Filologia Francesa i Rom\u00e0nica (UAB)<\/li>\n\n\n\n<li>PELLOIS, Anne&nbsp;: professeure ENS Lyon<\/li>\n\n\n\n<li>ZHANG, Guoxian&nbsp;: chef du D\u00e9partement de Langue et Culture Chinoises \u00e0 la Facult\u00e9 de Traduction et d\u2019Interpr\u00e9tation (UMons)<\/li>\n<\/ul>\n\n\n\n<p><strong>Organisation<\/strong><strong><\/strong><\/p>\n\n\n\n<p>Ludovic ABRASSART&nbsp;: Secr\u00e9tariat du Centre International de Phon\u00e9tique Appliqu\u00e9e (CIPA) &#8211; 12, Place du Parc, 7000 Mons, Belgique&nbsp;; T\u00e9l\u00e9phone&nbsp;: 0032\/65.37.31.36<\/p>\n\n\n\n<p>Tianhe NIU : Secr\u00e9tariat de l\u2019Antenne de Barcelone du Centre International de Phon\u00e9tique Appliqu\u00e9e (CIPA). Facultat de Lletres. UAB. E-08193 Bellaterra (Espagne). T\u00e9l\u00e9phone&nbsp;: 0034\/935812368<\/p>\n\n\n\n<div class=\"wp-block-buttons is-layout-flex wp-block-buttons-is-layout-flex\">\n<div class=\"wp-block-button\"><a class=\"wp-block-button__link wp-element-button\" href=\"https:\/\/webs.uab.cat\/antena-cipa\/wp-content\/uploads\/sites\/547\/2024\/04\/programme-2017.png\" target=\"_blank\" rel=\"noreferrer noopener\">PROGRAMME<\/a><\/div>\n<\/div>\n","protected":false},"excerpt":{"rendered":"<p>PHON\u00c9TIQUE CORRECTIVE ET ENSEIGNEMENT DE LA LANGUE ORALE Le C.I.P.A. (Centre International de Phon\u00e9tique Appliqu\u00e9e de Mons, Belgique) organise, en collaboration avec l\u2019Universit\u00e9 de Mons (Facult\u00e9 de Traduction et d\u2019Interpr\u00e9tation et Laboratoire de Phon\u00e9tique) et la Universitat Aut\u00f2noma de Barcelona (Facultat de Lletres et Institut de Ci\u00e8ncies de l\u2019Educaci\u00f3) \u00e0 l\u2019Universitat Aut\u00f2noma de Barcelona, un [&hellip;]<\/p>\n","protected":false},"author":2889,"featured_media":0,"comment_status":"closed","ping_status":"closed","sticky":false,"template":"","format":"standard","meta":{"footnotes":""},"categories":[1],"tags":[],"class_list":["post-476","post","type-post","status-publish","format-standard","hentry","category-non-classifiee"],"_links":{"self":[{"href":"https:\/\/webs.uab.cat\/antena-cipa\/wp-json\/wp\/v2\/posts\/476","targetHints":{"allow":["GET"]}}],"collection":[{"href":"https:\/\/webs.uab.cat\/antena-cipa\/wp-json\/wp\/v2\/posts"}],"about":[{"href":"https:\/\/webs.uab.cat\/antena-cipa\/wp-json\/wp\/v2\/types\/post"}],"author":[{"embeddable":true,"href":"https:\/\/webs.uab.cat\/antena-cipa\/wp-json\/wp\/v2\/users\/2889"}],"replies":[{"embeddable":true,"href":"https:\/\/webs.uab.cat\/antena-cipa\/wp-json\/wp\/v2\/comments?post=476"}],"version-history":[{"count":2,"href":"https:\/\/webs.uab.cat\/antena-cipa\/wp-json\/wp\/v2\/posts\/476\/revisions"}],"predecessor-version":[{"id":482,"href":"https:\/\/webs.uab.cat\/antena-cipa\/wp-json\/wp\/v2\/posts\/476\/revisions\/482"}],"wp:attachment":[{"href":"https:\/\/webs.uab.cat\/antena-cipa\/wp-json\/wp\/v2\/media?parent=476"}],"wp:term":[{"taxonomy":"category","embeddable":true,"href":"https:\/\/webs.uab.cat\/antena-cipa\/wp-json\/wp\/v2\/categories?post=476"},{"taxonomy":"post_tag","embeddable":true,"href":"https:\/\/webs.uab.cat\/antena-cipa\/wp-json\/wp\/v2\/tags?post=476"}],"curies":[{"name":"wp","href":"https:\/\/api.w.org\/{rel}","templated":true}]}}