{"id":881,"date":"2024-11-05T18:59:19","date_gmt":"2024-11-05T16:59:19","guid":{"rendered":"https:\/\/webs.uab.cat\/antena-cipa\/?p=881"},"modified":"2024-11-05T19:11:55","modified_gmt":"2024-11-05T17:11:55","slug":"lenseignement-apprentissage-plurilingue-dans-lunion-europeenne","status":"publish","type":"post","link":"https:\/\/webs.uab.cat\/antena-cipa\/lenseignement-apprentissage-plurilingue-dans-lunion-europeenne\/","title":{"rendered":"L\u2019Enseignement-Apprentissage plurilingue dans l\u2019Union Europ\u00e9enne 13 novembre 2024 Sala de Graus Facultat de Lletres (UAB)"},"content":{"rendered":"\n<figure class=\"wp-block-embed is-type-video is-provider-youtube wp-block-embed-youtube wp-embed-aspect-16-9 wp-has-aspect-ratio\"><div class=\"wp-block-embed__wrapper\">\n<iframe loading=\"lazy\" title=\"L\u2019Enseignement-Apprentissage plurilingue dans l\u2019Union Europ\u00e9enne\" width=\"580\" height=\"326\" src=\"https:\/\/www.youtube.com\/embed\/videoseries?list=PLfiwyQy5C38fjNZlpf_OchWezp3z7rkFY\" frameborder=\"0\" allow=\"accelerometer; autoplay; clipboard-write; encrypted-media; gyroscope; picture-in-picture; web-share\" referrerpolicy=\"strict-origin-when-cross-origin\" allowfullscreen><\/iframe>\n<\/div><\/figure>\n\n\n\n<p class=\"wp-block-paragraph\"><\/p>\n\n\n\n<p class=\"wp-block-paragraph\"><\/p>\n\n\n\n<p class=\"wp-block-paragraph\"><\/p>\n\n\n\n<div data-wp-interactive=\"core\/file\" class=\"wp-block-file\"><object data-wp-bind--hidden=\"!state.hasPdfPreview\" hidden class=\"wp-block-file__embed\" data=\"https:\/\/webs.uab.cat\/antena-cipa\/wp-content\/uploads\/sites\/547\/2024\/11\/Programa-amb-enllac.pdf\" type=\"application\/pdf\" style=\"width:100%;height:600px\" aria-label=\"Contenu embarqu\u00e9 Programa amb enlla\u00e7.\"><\/object><a id=\"wp-block-file--media-c9cf4657-9f91-4d86-b2b9-825d9e95ee7d\" href=\"https:\/\/webs.uab.cat\/antena-cipa\/wp-content\/uploads\/sites\/547\/2024\/11\/Programa-amb-enllac.pdf\">Programa amb enlla\u00e7<\/a><a href=\"https:\/\/webs.uab.cat\/antena-cipa\/wp-content\/uploads\/sites\/547\/2024\/11\/Programa-amb-enllac.pdf\" class=\"wp-block-file__button wp-element-button\" download aria-describedby=\"wp-block-file--media-c9cf4657-9f91-4d86-b2b9-825d9e95ee7d\">T\u00e9l\u00e9charger<\/a><\/div>\n","protected":false},"excerpt":{"rendered":"<p>Le plurilinguisme est actuellement une exigence socio-\u00e9conomique et un projet institutionnel de l\u2019Union Europ\u00e9enne (cf. Recommandation de la Commission \u201cMultilinguisme : un atout pour l\u2019Europe et un engagement partag\u00e9\u201d [COM(2008)566 final) qui  pr\u00e9conise que le citoyen europ\u00e9en poss\u00e8de deux langues en plus de sa(ses) langue(s) de base. Ainsi envisag\u00e9, le projet de g\u00e9n\u00e9ralisation du plurilinguisme a des implications \u00e9videntes p\u00e9dagogiques et administratives, et d\u00e9j\u00e0 de nombreuses initiatives et exp\u00e9riences didactiques innovatrices ont vu le jour.  Cette Journ\u00e9e d\u2019\u00c9tude s\u2019inscrit dans cette perspective.<\/p>\n","protected":false},"author":2855,"featured_media":0,"comment_status":"closed","ping_status":"closed","sticky":false,"template":"","format":"standard","meta":{"footnotes":""},"categories":[1],"tags":[],"class_list":["post-881","post","type-post","status-publish","format-standard","hentry","category-non-classifiee"],"_links":{"self":[{"href":"https:\/\/webs.uab.cat\/antena-cipa\/wp-json\/wp\/v2\/posts\/881","targetHints":{"allow":["GET"]}}],"collection":[{"href":"https:\/\/webs.uab.cat\/antena-cipa\/wp-json\/wp\/v2\/posts"}],"about":[{"href":"https:\/\/webs.uab.cat\/antena-cipa\/wp-json\/wp\/v2\/types\/post"}],"author":[{"embeddable":true,"href":"https:\/\/webs.uab.cat\/antena-cipa\/wp-json\/wp\/v2\/users\/2855"}],"replies":[{"embeddable":true,"href":"https:\/\/webs.uab.cat\/antena-cipa\/wp-json\/wp\/v2\/comments?post=881"}],"version-history":[{"count":5,"href":"https:\/\/webs.uab.cat\/antena-cipa\/wp-json\/wp\/v2\/posts\/881\/revisions"}],"predecessor-version":[{"id":892,"href":"https:\/\/webs.uab.cat\/antena-cipa\/wp-json\/wp\/v2\/posts\/881\/revisions\/892"}],"wp:attachment":[{"href":"https:\/\/webs.uab.cat\/antena-cipa\/wp-json\/wp\/v2\/media?parent=881"}],"wp:term":[{"taxonomy":"category","embeddable":true,"href":"https:\/\/webs.uab.cat\/antena-cipa\/wp-json\/wp\/v2\/categories?post=881"},{"taxonomy":"post_tag","embeddable":true,"href":"https:\/\/webs.uab.cat\/antena-cipa\/wp-json\/wp\/v2\/tags?post=881"}],"curies":[{"name":"wp","href":"https:\/\/api.w.org\/{rel}","templated":true}]}}