{"id":423,"date":"2024-01-28T20:31:48","date_gmt":"2024-01-28T18:31:48","guid":{"rendered":"https:\/\/webs.uab.cat\/antropologiapoblesespanya\/?p=423"},"modified":"2024-01-28T21:11:44","modified_gmt":"2024-01-28T19:11:44","slug":"aproximacio-al-model-urba-de-barcelona-fracas-i-resistencia","status":"publish","type":"post","link":"https:\/\/webs.uab.cat\/antropologiapoblesespanya\/2024\/01\/28\/aproximacio-al-model-urba-de-barcelona-fracas-i-resistencia\/","title":{"rendered":"Aproximaci\u00f3 al model urb\u00e0 de Barcelona: frac\u00e0s i resist\u00e8ncia"},"content":{"rendered":"","protected":false},"excerpt":{"rendered":"","protected":false},"author":140,"featured_media":455,"comment_status":"closed","ping_status":"closed","sticky":false,"template":"","format":"standard","meta":{"footnotes":""},"categories":[1,9],"tags":[],"class_list":["post-423","post","type-post","status-publish","format-standard","has-post-thumbnail","hentry","category-general","category-posters-curs-2023-24"],"_links":{"self":[{"href":"https:\/\/webs.uab.cat\/antropologiapoblesespanya\/wp-json\/wp\/v2\/posts\/423","targetHints":{"allow":["GET"]}}],"collection":[{"href":"https:\/\/webs.uab.cat\/antropologiapoblesespanya\/wp-json\/wp\/v2\/posts"}],"about":[{"href":"https:\/\/webs.uab.cat\/antropologiapoblesespanya\/wp-json\/wp\/v2\/types\/post"}],"author":[{"embeddable":true,"href":"https:\/\/webs.uab.cat\/antropologiapoblesespanya\/wp-json\/wp\/v2\/users\/140"}],"replies":[{"embeddable":true,"href":"https:\/\/webs.uab.cat\/antropologiapoblesespanya\/wp-json\/wp\/v2\/comments?post=423"}],"version-history":[{"count":1,"href":"https:\/\/webs.uab.cat\/antropologiapoblesespanya\/wp-json\/wp\/v2\/posts\/423\/revisions"}],"predecessor-version":[{"id":426,"href":"https:\/\/webs.uab.cat\/antropologiapoblesespanya\/wp-json\/wp\/v2\/posts\/423\/revisions\/426"}],"wp:featuredmedia":[{"embeddable":true,"href":"https:\/\/webs.uab.cat\/antropologiapoblesespanya\/wp-json\/wp\/v2\/media\/455"}],"wp:attachment":[{"href":"https:\/\/webs.uab.cat\/antropologiapoblesespanya\/wp-json\/wp\/v2\/media?parent=423"}],"wp:term":[{"taxonomy":"category","embeddable":true,"href":"https:\/\/webs.uab.cat\/antropologiapoblesespanya\/wp-json\/wp\/v2\/categories?post=423"},{"taxonomy":"post_tag","embeddable":true,"href":"https:\/\/webs.uab.cat\/antropologiapoblesespanya\/wp-json\/wp\/v2\/tags?post=423"}],"curies":[{"name":"wp","href":"https:\/\/api.w.org\/{rel}","templated":true}]}}