{"id":648,"date":"2020-05-19T13:02:54","date_gmt":"2020-05-19T11:02:54","guid":{"rendered":"https:\/\/webs.uab.cat\/aprenentatgeiconfinament\/2020\/05\/19\/magisterio-19-05-2020-covid-19-una-emergencia-tambien-en-educacion\/"},"modified":"2022-07-15T15:30:39","modified_gmt":"2022-07-15T13:30:39","slug":"magisterio-19-05-2020-covid-19-una-emergencia-tambien-en-educacion","status":"publish","type":"post","link":"https:\/\/webs.uab.cat\/aprenentatgeiconfinament\/2020\/05\/19\/magisterio-19-05-2020-covid-19-una-emergencia-tambien-en-educacion\/?lang=es","title":{"rendered":"Magisterio (19\/05\/2020) Covid-19: Una emergencia tambi\u00e9n en Educaci\u00f3n"},"content":{"rendered":"<p><a href=\"https:\/\/www.magisnet.com\/2020\/05\/covid-19-una-emergencia-tambien-en-educacion\/\" target=\"_blank\" rel=\"noopener noreferrer\"><img loading=\"lazy\" decoding=\"async\" class=\"alignnone size-full wp-image-252\" src=\"https:\/\/webs.uab.cat\/aprenentatgeiconfinament\/wp-content\/uploads\/sites\/50\/2020\/05\/I23.jpg\" alt=\"\" width=\"800\" height=\"533\" srcset=\"https:\/\/webs.uab.cat\/aprenentatgeiconfinament\/wp-content\/uploads\/sites\/50\/2020\/05\/I23.jpg 800w, https:\/\/webs.uab.cat\/aprenentatgeiconfinament\/wp-content\/uploads\/sites\/50\/2020\/05\/I23-300x200.jpg 300w, https:\/\/webs.uab.cat\/aprenentatgeiconfinament\/wp-content\/uploads\/sites\/50\/2020\/05\/I23-768x512.jpg 768w\" sizes=\"auto, (max-width: 800px) 100vw, 800px\" \/><\/a><\/p>\n<p>Pod\u00e9is leer el art\u00edculo completo <a href=\"https:\/\/www.magisnet.com\/2020\/05\/covid-19-una-emergencia-tambien-en-educacion\/\" target=\"_blank\" rel=\"noopener noreferrer\">aqu\u00ed&nbsp;<\/a><\/p>\n","protected":false},"excerpt":{"rendered":"<p>Pod\u00e9is leer el art\u00edculo completo aqu\u00ed&nbsp;<\/p>\n","protected":false},"author":34,"featured_media":0,"comment_status":"closed","ping_status":"closed","sticky":false,"template":"","format":"standard","meta":{"footnotes":""},"categories":[24,26],"tags":[],"class_list":["post-648","post","type-post","status-publish","format-standard","hentry","category-difusio-es","category-difusio_entrevistes-es"],"_links":{"self":[{"href":"https:\/\/webs.uab.cat\/aprenentatgeiconfinament\/wp-json\/wp\/v2\/posts\/648","targetHints":{"allow":["GET"]}}],"collection":[{"href":"https:\/\/webs.uab.cat\/aprenentatgeiconfinament\/wp-json\/wp\/v2\/posts"}],"about":[{"href":"https:\/\/webs.uab.cat\/aprenentatgeiconfinament\/wp-json\/wp\/v2\/types\/post"}],"author":[{"embeddable":true,"href":"https:\/\/webs.uab.cat\/aprenentatgeiconfinament\/wp-json\/wp\/v2\/users\/34"}],"replies":[{"embeddable":true,"href":"https:\/\/webs.uab.cat\/aprenentatgeiconfinament\/wp-json\/wp\/v2\/comments?post=648"}],"version-history":[{"count":1,"href":"https:\/\/webs.uab.cat\/aprenentatgeiconfinament\/wp-json\/wp\/v2\/posts\/648\/revisions"}],"predecessor-version":[{"id":787,"href":"https:\/\/webs.uab.cat\/aprenentatgeiconfinament\/wp-json\/wp\/v2\/posts\/648\/revisions\/787"}],"wp:attachment":[{"href":"https:\/\/webs.uab.cat\/aprenentatgeiconfinament\/wp-json\/wp\/v2\/media?parent=648"}],"wp:term":[{"taxonomy":"category","embeddable":true,"href":"https:\/\/webs.uab.cat\/aprenentatgeiconfinament\/wp-json\/wp\/v2\/categories?post=648"},{"taxonomy":"post_tag","embeddable":true,"href":"https:\/\/webs.uab.cat\/aprenentatgeiconfinament\/wp-json\/wp\/v2\/tags?post=648"}],"curies":[{"name":"wp","href":"https:\/\/api.w.org\/{rel}","templated":true}]}}