{"id":674,"date":"2020-06-10T23:18:29","date_gmt":"2020-06-10T21:18:29","guid":{"rendered":"https:\/\/webs.uab.cat\/aprenentatgeiconfinament\/2020\/06\/10\/informe-juventud-covid-19-y-desigualdad\/"},"modified":"2022-07-15T15:27:03","modified_gmt":"2022-07-15T13:27:03","slug":"informe-juventud-covid-19-y-desigualdad","status":"publish","type":"post","link":"https:\/\/webs.uab.cat\/aprenentatgeiconfinament\/2020\/06\/10\/informe-juventud-covid-19-y-desigualdad\/?lang=es","title":{"rendered":"Informe Juventud, Covid-19 y desigualdad"},"content":{"rendered":"<p><img loading=\"lazy\" decoding=\"async\" class=\"alignnone size-full wp-image-364\" src=\"https:\/\/webs.uab.cat\/aprenentatgeiconfinament\/wp-content\/uploads\/sites\/50\/2020\/06\/i34.png\" alt=\"\" width=\"1337\" height=\"777\" srcset=\"https:\/\/webs.uab.cat\/aprenentatgeiconfinament\/wp-content\/uploads\/sites\/50\/2020\/06\/i34.png 1337w, https:\/\/webs.uab.cat\/aprenentatgeiconfinament\/wp-content\/uploads\/sites\/50\/2020\/06\/i34-300x174.png 300w, https:\/\/webs.uab.cat\/aprenentatgeiconfinament\/wp-content\/uploads\/sites\/50\/2020\/06\/i34-1024x595.png 1024w, https:\/\/webs.uab.cat\/aprenentatgeiconfinament\/wp-content\/uploads\/sites\/50\/2020\/06\/i34-768x446.png 768w, https:\/\/webs.uab.cat\/aprenentatgeiconfinament\/wp-content\/uploads\/sites\/50\/2020\/06\/i34-1200x697.png 1200w\" sizes=\"auto, (max-width: 1337px) 100vw, 1337px\" \/><\/p>\n<p>El Observatori Catal\u00e0 de la Joventut, en colaboraci\u00f3n con el \u00c1rea de Inclusi\u00f3n de la Agencia Catalana de la Juventud (ACJ), ha hecho p\u00fablica la primera parte del informe <em>Joventut, COVID-19 i desigualtats. Situaci\u00f3 actual i prospectiva<\/em>, centrada en la situaci\u00f3n y necesidades de las personas j\u00f3venes de Catalu\u00f1a durante el estado de alarma y los pr\u00f3ximos meses. El informe se ha elaborado a partir de datos estad\u00edsticos provenientes de encuestas y registros administrativos, estudios e informes acad\u00e9micos, reportajes, noticias y art\u00edculos period\u00edsticos y la consulta con diez t\u00e9cnicos especialistas de la ACJ y veintiocho expertos o entidades, a partir de un cuestionario estandardizado.<\/p>\n<p>Pod\u00e9is leer el informe completo <a href=\"https:\/\/treballiaferssocials.gencat.cat\/web\/.content\/JOVENTUT_observatori_catala_de_la_joventut\/documents\/arxiu\/JOVENTUT-COVID-19-I-DESIGUALTATS_Part-I.pdf\" target=\"_blank\" rel=\"noopener noreferrer\">aqu\u00ed&nbsp;<\/a><\/p>\n","protected":false},"excerpt":{"rendered":"<p>El Observatori Catal\u00e0 de la Joventut, en colaboraci\u00f3n con el \u00c1rea de Inclusi\u00f3n de la Agencia Catalana de la Juventud (ACJ), ha hecho p\u00fablica la primera parte del informe Joventut, COVID-19 i desigualtats. Situaci\u00f3 actual i prospectiva, centrada en la situaci\u00f3n y necesidades de las personas j\u00f3venes de Catalu\u00f1a durante el estado de alarma y [&hellip;]<\/p>\n","protected":false},"author":34,"featured_media":0,"comment_status":"closed","ping_status":"closed","sticky":false,"template":"","format":"standard","meta":{"footnotes":""},"categories":[24,28],"tags":[],"class_list":["post-674","post","type-post","status-publish","format-standard","hentry","category-difusio-es","category-difusio_premsa-es"],"_links":{"self":[{"href":"https:\/\/webs.uab.cat\/aprenentatgeiconfinament\/wp-json\/wp\/v2\/posts\/674","targetHints":{"allow":["GET"]}}],"collection":[{"href":"https:\/\/webs.uab.cat\/aprenentatgeiconfinament\/wp-json\/wp\/v2\/posts"}],"about":[{"href":"https:\/\/webs.uab.cat\/aprenentatgeiconfinament\/wp-json\/wp\/v2\/types\/post"}],"author":[{"embeddable":true,"href":"https:\/\/webs.uab.cat\/aprenentatgeiconfinament\/wp-json\/wp\/v2\/users\/34"}],"replies":[{"embeddable":true,"href":"https:\/\/webs.uab.cat\/aprenentatgeiconfinament\/wp-json\/wp\/v2\/comments?post=674"}],"version-history":[{"count":1,"href":"https:\/\/webs.uab.cat\/aprenentatgeiconfinament\/wp-json\/wp\/v2\/posts\/674\/revisions"}],"predecessor-version":[{"id":773,"href":"https:\/\/webs.uab.cat\/aprenentatgeiconfinament\/wp-json\/wp\/v2\/posts\/674\/revisions\/773"}],"wp:attachment":[{"href":"https:\/\/webs.uab.cat\/aprenentatgeiconfinament\/wp-json\/wp\/v2\/media?parent=674"}],"wp:term":[{"taxonomy":"category","embeddable":true,"href":"https:\/\/webs.uab.cat\/aprenentatgeiconfinament\/wp-json\/wp\/v2\/categories?post=674"},{"taxonomy":"post_tag","embeddable":true,"href":"https:\/\/webs.uab.cat\/aprenentatgeiconfinament\/wp-json\/wp\/v2\/tags?post=674"}],"curies":[{"name":"wp","href":"https:\/\/api.w.org\/{rel}","templated":true}]}}