{"id":1470,"date":"2021-11-03T12:33:29","date_gmt":"2021-11-03T10:33:29","guid":{"rendered":"https:\/\/urbag.eu\/?p=1470"},"modified":"2021-11-03T12:33:29","modified_gmt":"2021-11-03T10:33:29","slug":"alba-badia-participa-al-congres-qualitat-de-aire","status":"publish","type":"post","link":"https:\/\/webs.uab.cat\/atmosphere\/2021\/11\/03\/alba-badia-participa-al-congres-qualitat-de-aire\/","title":{"rendered":"Alba Badia participa al Congr\u00e9s de Qualitat de l&#8217;aire a Sabadell"},"content":{"rendered":"<p style=\"text-align: justify\">L&#8217;Alba Badia va participar en una taula rodona de &#8220;Bioindicadors com avaluaci\u00f3 de la qualitat de l\u2019aire&#8221; al 2n Congr\u00e9s de Qualitat de l&#8217;aire que es va fer a Sabadell. Badia va explicar els impactes directes, com la dispersi\u00f3 atmosf\u00e8rica, emissions biog\u00e8niques i deposici\u00f3, i indirectes, com canvis en la temperatura i l&#8217;altura de la capa l\u00edmit de les infrastructures verdes sobre la qualitat de l&#8217;aire. Es va destacar el paper enriquidor d&#8217;aquestes infraestructures verdes, no nom\u00e9s en termes de qualitat de l&#8217;aire, sin\u00f3 tamb\u00e9 en forma de reducci\u00f3 d&#8217;estr\u00e8s a la poblaci\u00f3, reducci\u00f3 de la degradaci\u00f3 del barri o regulaci\u00f3 t\u00e8rmica.\u00a0 Tot i aix\u00ed, cal mencionar alguns efectes negatius com s\u00f3n l&#8217;augment de les al\u00b7l\u00e8rgies o la limitaci\u00f3 de la dispersi\u00f3 de contaminants depenent de la ubicaci\u00f3.<\/p>\n<p style=\"text-align: justify\">Tamb\u00e9 va explicar qu\u00e8 s&#8217;ha fet\u00a0 i qu\u00e8 es far\u00e0 al grup URBAG (models atmosf\u00e8rics, estudis publicats i escen\u00e0ris d&#8217;agricultura). Un objectiu mencionat per Alba Badia \u00e9s evaluar l&#8217;impacte de l&#8217;agricultura i la vegetaci\u00f3 (l&#8217;\u00fas del s\u00f2l) a la qualitat de l&#8217;aire i canvi clim\u00e0tic a l&#8217;AMB.<\/p>\n<p style=\"text-align: justify\">A continuaci\u00f3 trobar\u00e0s la presentaci\u00f3 d&#8217;Alba Badia en forma de PDF. Si prefereixes visualitzar l&#8217;entrevista, clica <a href=\"https:\/\/www.youtube.com\/watch?v=6_NS0wtPR6w&amp;ab_channel=Xarxasost\">aqu\u00ed<\/a>.<\/p>\n<p>&nbsp;<\/p>\n<p style=\"text-align: center\">[pdf-embedder url=&quot;https:\/\/webs.uab.cat\/atmosphere\/wp-content\/uploads\/sites\/692\/2021\/11\/ABadia1.pdf%22]<\/p>\n<p>&nbsp;<\/p>\n<p>&nbsp;<\/p>\n<p>&nbsp;<\/p>\n<h1 class=\"c-article-title\" data-test=\"article-title\" data-article-title=\"\"><\/h1>\n<p>&nbsp;<\/p>\n<p>&nbsp;<\/p>\n<p>&nbsp;<\/p>\n<p>&nbsp;<\/p>\n","protected":false},"excerpt":{"rendered":"<p>L&#8217;Alba Badia va participar en una taula rodona de Bioindicadors com avaluaci\u00f3 de la qualitat de l\u2019aire al 2n Congr\u00e9s de Qualitat de l&#8217;aire que es va fer a Sabadell.\u00a0 Badia va explicar els impactes directes, com la dispersi\u00f3 atmosf\u00e8rica, emissions biog\u00e8niques i deposici\u00f3, i indirectes, com canvis en la temperatura i l&#8217;altura de la capa l\u00edmit, de les infrastructures verdes sobre la qualitat de l&#8217;aire.<\/p>\n","protected":false},"author":3153,"featured_media":1479,"comment_status":"closed","ping_status":"closed","sticky":false,"template":"","format":"standard","meta":{"footnotes":""},"categories":[19],"tags":[104,7,105,8,114,9,106,115,116],"class_list":["post-1470","post","type-post","status-publish","format-standard","has-post-thumbnail","hentry","category-bcn","tag-alba-badia","tag-amb","tag-contaminacio","tag-covid-19","tag-dispersio","tag-no2","tag-oms","tag-qualitat-de-laire","tag-vegetacio-urbana"],"_links":{"self":[{"href":"https:\/\/webs.uab.cat\/atmosphere\/wp-json\/wp\/v2\/posts\/1470","targetHints":{"allow":["GET"]}}],"collection":[{"href":"https:\/\/webs.uab.cat\/atmosphere\/wp-json\/wp\/v2\/posts"}],"about":[{"href":"https:\/\/webs.uab.cat\/atmosphere\/wp-json\/wp\/v2\/types\/post"}],"author":[{"embeddable":true,"href":"https:\/\/webs.uab.cat\/atmosphere\/wp-json\/wp\/v2\/users\/3153"}],"replies":[{"embeddable":true,"href":"https:\/\/webs.uab.cat\/atmosphere\/wp-json\/wp\/v2\/comments?post=1470"}],"version-history":[{"count":0,"href":"https:\/\/webs.uab.cat\/atmosphere\/wp-json\/wp\/v2\/posts\/1470\/revisions"}],"wp:featuredmedia":[{"embeddable":true,"href":"https:\/\/webs.uab.cat\/atmosphere\/wp-json\/wp\/v2\/media\/1479"}],"wp:attachment":[{"href":"https:\/\/webs.uab.cat\/atmosphere\/wp-json\/wp\/v2\/media?parent=1470"}],"wp:term":[{"taxonomy":"category","embeddable":true,"href":"https:\/\/webs.uab.cat\/atmosphere\/wp-json\/wp\/v2\/categories?post=1470"},{"taxonomy":"post_tag","embeddable":true,"href":"https:\/\/webs.uab.cat\/atmosphere\/wp-json\/wp\/v2\/tags?post=1470"}],"curies":[{"name":"wp","href":"https:\/\/api.w.org\/{rel}","templated":true}]}}