{"id":3114,"date":"2025-07-11T17:01:34","date_gmt":"2025-07-11T15:01:34","guid":{"rendered":"https:\/\/urbag.eu\/?p=3114"},"modified":"2025-07-11T17:01:34","modified_gmt":"2025-07-11T15:01:34","slug":"presentations-at-the-isie-singapore-2025","status":"publish","type":"post","link":"https:\/\/webs.uab.cat\/atmosphere\/2025\/07\/11\/presentations-at-the-isie-singapore-2025\/","title":{"rendered":"Presentations at the ISIE Singapore 2025"},"content":{"rendered":"<p><em>(en catal\u00e0 a sota)<\/em><\/p>\n<hr \/>\n<p style=\"text-align: justify\">From July 1 to 4, 2025, the <strong><a href=\"https:\/\/isie2025.sg\/\">12th International Conference on Industrial Ecology<\/a><\/strong> was held at the National University of Singapore, bringing together researchers, engineers, and policymakers from around the world to share knowledge in the field of industrial ecology.<\/p>\n<p>Juan David Arosemena and Guido Evangelista participated by presenting the results of their respective studies through two scientific posters, and Gara Villalba chaired a session in memory of <a href=\"https:\/\/webs.uab.cat\/atmosphere\/homage-to-bob-ayres-1932-2023\/\"><strong>Bob Ayres<\/strong><\/a>:<\/p>\n<p>&nbsp;<\/p>\n<ul>\n<li>\n<p style=\"text-align: justify\"><a href=\"https:\/\/webs.uab.cat\/atmosphere\/team-member\/juan-david\/\"><strong>Juan David Arosemena<\/strong><\/a> presented the poster entitled &#8220;Regenerating and enriching peri-urban agricultural soil through carbon and nutrient circularity: Life cycle environmental benefits and trade-offs&#8221;, aiming to evaluate how cities can benefit from the use of ramial chipped wood (RCW) to regenerate and fertilize peri-urban agricultural soils compared to other organic residues.<\/p>\n<\/li>\n<\/ul>\n<p>[pdf-embedder url=&quot;https:\/\/webs.uab.cat\/atmosphere\/wp-content\/uploads\/sites\/692\/2025\/07\/ISIE2025_Poster_JA_vf.pdf%22]<\/p>\n<p>\u00a0<\/p>\n<ul>\n<li>\n<p style=\"text-align: justify\"><strong><a href=\"https:\/\/webs.uab.cat\/atmosphere\/team-member\/research-support-staff-2\/\">Guido Evangelista<\/a><\/strong> presented the poster entitled &#8220;From Waste to Value: Yield and Environmental Benefits of Pruning Waste Incorporation in Peri-Urban Agriculture&#8221;, aiming to assess the effects of ramial chipped wood application on sweet potato yield, emissions of CO\u2082, N\u2082O, and NH\u2083, and overall soil enrichment.<\/p>\n<\/li>\n<\/ul>\n<p>[pdf-embedder url=&quot;https:\/\/webs.uab.cat\/atmosphere\/wp-content\/uploads\/sites\/692\/2025\/07\/ISIE25_GE_A1-1.pdf%22]<\/p>\n<p>\u00a0<\/p>\n<ul>\n<li>\n<p style=\"text-align: justify\"><strong><a href=\"https:\/\/webs.uab.cat\/atmosphere\/team-member\/gara-villalba\/\">Gara Villalba<\/a><\/strong> chaired the session &#8220;In memory of Bob Ayres- scientific contributions in the intersection of technology, physics, economy, and sustainability&#8221;. The presentations are about Bob&#8217;s favorite subjects: exergy and economics, life cycle assessmentof remanufacturing and recycling; Exergy analysis of industrial processes; low-carbon energy transitions; and the relationship between environmental sustainability and system complexity:<\/p>\n<\/li>\n<\/ul>\n<p>[pdf-embedder url=&quot;https:\/\/webs.uab.cat\/atmosphere\/wp-content\/uploads\/sites\/692\/2025\/07\/BoyAyres_ChairGara.pdf%22]<\/p>\n<hr \/>\n<p><strong>Catal\u00e0<\/strong><\/p>\n<p style=\"text-align: justify\">De l&#8217;1 al 4 de juliol de 2025 es va celebrar la 12a Confer\u00e8ncia Internacional d&#8217;Ecologia Industrial a la Universitat Nacional de Singapur, reunint investigadors, enginyers i responsables pol\u00edtics d&#8217;arreu del m\u00f3n per compartir coneixement en l&#8217;\u00e0mbit de l&#8217;ecologia industrial.<\/p>\n<p>Juan David Arosemena i Guido Evangelista hi van participar presentant els resultats dels seus respectius estudis mitjan\u00e7ant dos p\u00f2sters cient\u00edfics:<\/p>\n<p>&nbsp;<\/p>\n<ul>\n<li>\n<p style=\"text-align: justify\"><a href=\"https:\/\/webs.uab.cat\/atmosphere\/team-member\/juan-david\/\"><strong>Juan David Arosemena<\/strong><\/a> va presentar el p\u00f2ster titulat &#8220;Regenerating and enriching peri-urban agricultural soil through carbon and nutrient circularity: Life cycle environmental benefits and trade-offs&#8221;, amb l&#8217;objectiu d\u2019avaluar com les ciutats poden beneficiar-se de l\u2019\u00fas d&#8217;estelles de fusta (RCW) per regenerar i fertilitzar els s\u00f2ls agr\u00edcoles periurbans, en comparaci\u00f3 amb altres residus org\u00e0nics.<\/p>\n<\/li>\n<li>\n<p style=\"text-align: justify\"><strong><a href=\"https:\/\/webs.uab.cat\/atmosphere\/team-member\/research-support-staff-2\/\">Guido Evangelista<\/a><\/strong> va presentar el p\u00f2ster titulat &#8220;From Waste to Value: Yield and Environmental Benefits of Pruning Waste Incorporation in Peri-Urban Agriculture&#8221;, amb l\u2019objectiu d\u2019estudiar els efectes de l\u2019aplicaci\u00f3 d&#8217;estelles de fusta en el rendiment de la patata dol\u00e7a, les emissions de CO\u2082, N\u2082O i NH\u2083, aix\u00ed com l\u2019enriquiment del s\u00f2l.<\/p>\n<\/li>\n<li>\n<p style=\"text-align: justify\"><strong><a href=\"https:\/\/webs.uab.cat\/atmosphere\/team-member\/gara-villalba\/\">Gara Villalba<\/a><\/strong> va presidir la sessi\u00f3 &#8220;In memory of Bob Ayres \u2013 scientific contributions in the intersection of technology, physics, economy, and sustainability&#8221;. Les presentacions tractaven sobre els temes preferits d&#8217;en Bob: l\u2019exergia i l\u2019economia, l\u2019an\u00e0lisi del cicle de vida de la remanufactura i el reciclatge, l\u2019an\u00e0lisi exerg\u00e8tic dels processos industrials, les transicions energ\u00e8tiques cap a baixes emissions de carboni, i la relaci\u00f3 entre la sostenibilitat ambiental i la complexitat dels sistemes.<\/p>\n<\/li>\n<\/ul>\n<p>&nbsp;<\/p>\n<p>&nbsp;<\/p>\n","protected":false},"excerpt":{"rendered":"<p>From July 1 to 4, 2025, the 12th International Conference on Industrial Ecology was held at the National University of Singapore, bringing together researchers, engineers, and policymakers from around the world to share knowledge in the field of industrial ecology. Juan David Arosemena and Guido Evangelista participated by presenting the results of their respective studies through two scientific posters.<\/p>\n","protected":false},"author":3153,"featured_media":3124,"comment_status":"closed","ping_status":"closed","sticky":false,"template":"","format":"standard","meta":{"footnotes":""},"categories":[1],"tags":[401,33,242,431,432,433,434,15,435,436],"class_list":["post-3114","post","type-post","status-publish","format-standard","has-post-thumbnail","hentry","category-general","tag-401","tag-emissions","tag-isie","tag-organic-waste","tag-pruning-waste","tag-rcw","tag-sweet-potato","tag-urban-agriculture","tag-waste","tag-wood"],"_links":{"self":[{"href":"https:\/\/webs.uab.cat\/atmosphere\/wp-json\/wp\/v2\/posts\/3114","targetHints":{"allow":["GET"]}}],"collection":[{"href":"https:\/\/webs.uab.cat\/atmosphere\/wp-json\/wp\/v2\/posts"}],"about":[{"href":"https:\/\/webs.uab.cat\/atmosphere\/wp-json\/wp\/v2\/types\/post"}],"author":[{"embeddable":true,"href":"https:\/\/webs.uab.cat\/atmosphere\/wp-json\/wp\/v2\/users\/3153"}],"replies":[{"embeddable":true,"href":"https:\/\/webs.uab.cat\/atmosphere\/wp-json\/wp\/v2\/comments?post=3114"}],"version-history":[{"count":0,"href":"https:\/\/webs.uab.cat\/atmosphere\/wp-json\/wp\/v2\/posts\/3114\/revisions"}],"wp:featuredmedia":[{"embeddable":true,"href":"https:\/\/webs.uab.cat\/atmosphere\/wp-json\/wp\/v2\/media\/3124"}],"wp:attachment":[{"href":"https:\/\/webs.uab.cat\/atmosphere\/wp-json\/wp\/v2\/media?parent=3114"}],"wp:term":[{"taxonomy":"category","embeddable":true,"href":"https:\/\/webs.uab.cat\/atmosphere\/wp-json\/wp\/v2\/categories?post=3114"},{"taxonomy":"post_tag","embeddable":true,"href":"https:\/\/webs.uab.cat\/atmosphere\/wp-json\/wp\/v2\/tags?post=3114"}],"curies":[{"name":"wp","href":"https:\/\/api.w.org\/{rel}","templated":true}]}}