{"id":2843,"date":"2017-05-17T09:49:02","date_gmt":"2017-05-17T07:49:02","guid":{"rendered":"http:\/\/blogs.uab.cat\/bibliotecainformacions\/?p=2843"},"modified":"2022-10-14T08:47:09","modified_gmt":"2022-10-14T06:47:09","slug":"de-bibliothecis-conversa-amb-diego-prior","status":"publish","type":"post","link":"https:\/\/webs.uab.cat\/bibliotecainformacions\/2017\/05\/17\/de-bibliothecis-conversa-amb-diego-prior\/","title":{"rendered":"De Bibliothecis: Conversa amb Diego Prior"},"content":{"rendered":"<p><strong>Diego Prior Jim\u00e9nez va realitzar els estudis de llicenciatura, m\u00e0ster i doctorat a la UAB, on exerceix la doc\u00e8ncia des de 1997. Des de l\u2019any 2015 \u00e9s deg\u00e0 de la <a href=\"http:\/\/www.uab.cat\/economia-empresa\/\">Facultat d\u2019Economia i Empresa<\/a> de la Universitat Aut\u00f2noma de Barcelona i catedr\u00e0tic del <a href=\"http:\/\/www.uab.cat\/departament\/empresa\/\">Departament d\u2019Empresa<\/a>.<\/strong><\/p>\n<p>Ens hem posat en contacte amb el professor Diego Prior per saber la seva opini\u00f3 pel que fa al present i el futur de les biblioteques.<\/p>\n<p><a href=\"https:\/\/webs.uab.cat\/bibliotecainformacions\/wp-content\/uploads\/sites\/194\/2017\/05\/priorweb.jpg\"><img loading=\"lazy\" decoding=\"async\" class=\"aligncenter size-medium wp-image-2842\" src=\"https:\/\/webs.uab.cat\/bibliotecainformacions\/wp-content\/uploads\/sites\/194\/2017\/05\/priorweb-300x200.jpg\" alt=\"\" width=\"300\" height=\"200\" srcset=\"https:\/\/webs.uab.cat\/bibliotecainformacions\/wp-content\/uploads\/sites\/194\/2017\/05\/priorweb-300x200.jpg 300w, https:\/\/webs.uab.cat\/bibliotecainformacions\/wp-content\/uploads\/sites\/194\/2017\/05\/priorweb.jpg 567w\" sizes=\"auto, (max-width: 300px) 100vw, 300px\" \/><\/a><\/p>\n<p><strong>Quin \u00e9s el llibre que s\u2019est\u00e0 llegint en aquests moments?<\/strong><br \/>\nEstic llegint un llibre de literatura, b\u00e9, vull dir a part de la meva especialitat, estic llegint un llibre de literatura d\u2019un autor d\u2019on vaig n\u00e9ixer, de Can\u00e0ries, Alexis Ravelo.<\/p>\n<p><strong> Sobre qu\u00e8 tracta el llibre?<\/strong><br \/>\n\u00c9s un llibre sobre situacions concretes de gent que t\u00e9 mala sort a la vida i es reflexa una mica com evolucionen.<\/p>\n<p><strong>Es considera afortunat vost\u00e8?<\/strong><br \/>\nHome, si ho comparo amb els personatges del llibre aquest que estic llegint, s\u00f3c molt afortunat, efectivament. La fortuna per\u00f2, no vol dir en el sentit material, en el sentit de la riquesa, de diners, sin\u00f3 en qu\u00e8 fas una mica el que t\u2019agrada i que et paguen per aix\u00f2; i que tu ets en gran mesura la persona que decideix els teus horaris. S\u00ed, efectivament s\u00f3c molt afortunat en aquest sentit. Segurament si parlem dels sous comen\u00e7arem a queixar-nos, per\u00f2 aquest no \u00e9s el cas.<\/p>\n<p><strong> Com seria la seva biblioteca preferida, la ideal?<\/strong><br \/>\nLa biblioteca \u00e9s un concepte molt ampli, \u00e9s a dir, jo s\u00f3c usuari de biblioteques tant per feina com per coses m\u00e9s t\u00e8cniques, i necessito les biblioteques per poder fer la meva activitat de recerca; necessito molt les biblioteques. I despr\u00e9s, encara que efectivament tinc menys activitat de la que voldria, tamb\u00e9 parlo com a persona que llegeixo, o sigui, les necessito per distreure\u2019m, per goig i per inter\u00e8s personal. I aix\u00f2 \u00e9s molt, molt diferent pel que fa als requisits d\u2019un usuari des d\u2019un punt de vista professional, als de l\u2019usuari que ho agafa tot per distreure\u2019s, per oci o per lleure. Per\u00f2 \u00e9s fonamental, que una bona biblioteca estigui molt ben dotada, que tingui una bona capacitat d\u2019elecci\u00f3, que hi hagi molta varietat i puguis accedir r\u00e0pidament a les novetats que van sortint.<\/p>\n<p><strong>I a les biblioteques de la UAB trobem aquestes necessitats que vost\u00e8 diu?<\/strong><br \/>\nS\u00ed. Haur\u00e9 de dir que malauradament la crisi ha fet i ha deixat sentir el seu efecte. La Biblioteca de Ci\u00e8ncies Socials, que \u00e9s la que jo faig servir m\u00e9s, hist\u00f2ricament ha estat a dalt de tot, ha estat considerada una biblioteca de refer\u00e8ncia a nivell d\u2019Espanya. Jo tinc molts col\u00b7legues d\u2019altres universitats, que no trobaven segons quines revistes, que no trobaven segons quins articles i llibres i nosaltres els ten\u00edem i em demanaven ajuda a mi perqu\u00e8 sabien que jo a la Aut\u00f2noma aconseguia acc\u00e9s a publicacions que ells a la seva universitat, segurament m\u00e9s petita o menys dotada de volums, no podien aconseguir. Aix\u00f2, la crisi ho ha relaxat una mica. Aquest diferencial que hi havia tan important entre les fonts que tenia la Biblioteca de Socials de la UAB i altres universitats espanyoles, ara s\u2019ha equilibrat una mica. \u00c9s a dir, les crisis malauradament tenen aquest efecte, que no es veu en el dia a dia, per\u00f2 que efectivament, han fet que es perdi una mica la dist\u00e0ncia. Per\u00f2 en general, penso que s\u00ed, que la dotaci\u00f3 de les nostres biblioteques \u00e9s satisfact\u00f2ria i hom pot fer la seva feina en condicions bastant bones.<\/p>\n<p><strong>Ja m\u00e9s cap al terreny personal, la seva biblioteca quins llibres t\u00e9, quins autors?<\/strong><br \/>\nDoncs a veure, tampoc tinc massa temps per\u00f2 intento llegir molta literatura, m\u2019agrada la novel\u00b7la negra i q\u00fcestions d\u2019actualitat, b\u00e0sicament. Tamb\u00e9 literatura nord-americana per\u00f2 molt recent, \u00e9s a dir, que parlin de problem\u00e0tiques actuals.<\/p>\n<p><strong>No li agrada la ficci\u00f3?<\/strong><br \/>\nS\u00ed, s\u00ed, per\u00f2 sobretot ficci\u00f3 que tingui a veure amb problemes contemporanis.<\/p>\n<p><strong>I vost\u00e8 que es dedica a l\u2019economia, a l\u2019empresa, quins consells li donaria a una empresa editorial per fer-se un espai en el mercat actual?<\/strong><br \/>\nEl m\u00f3n de les editorials \u00e9s molt complicat. El canvi tecnol\u00f2gic t\u00e9 moltes avantatges com a usuari, per\u00f2 t\u00e9 molts inconvenients per a les editorials. \u00c9s clar, una empresa que vol sobreviure al mercat, ha d\u2019oferir un valor afegit i la tecnologia els hi est\u00e0 posant molt dif\u00edcil, especialment a Espanya on \u00e9s molt f\u00e0cil i la gent t\u00e9 per costum, l\u2019acc\u00e9s a la cultura sense pagar. Aix\u00f2 \u00e9s un problema important perqu\u00e8 \u00e9s molt dif\u00edcil trobar editorials que tinguin garantit el seu futur ja que la tecnologia els est\u00e0 posant molt complicat, donat que tot aix\u00f2 t\u00e9 un cost. Abans les fotoc\u00f2pies sempre eren de pitjor qualitat que l\u2019original d\u2019un llibre, un disc original sempre era de m\u00e9s qualitat que un disc gravat en un casset; per\u00f2 aix\u00f2 ara no \u00e9s veritat, la qual cosa tecnol\u00f2gicament \u00e9s molt complicat, \u00e9s molt dif\u00edcil. \u00c9s un sector, efectivament, que s\u2019ha actualitzat al canvi t\u00e8cnic per\u00f2 que el mateix canvi t\u00e8cnic posa en perill aix\u00f2, que hi hagi gent que faci ab\u00fas i que no respecti els drets de propietat. \u00c9s complicat, realment.<\/p>\n<p><strong>I en aquest canvi t\u00e8cnic, vost\u00e8 s\u2019ha quedat amb el llibre de paper tradicional o ha preferit altres formats?<\/strong><br \/>\nNo, segurament per una q\u00fcesti\u00f3 d\u2019edat, a mi cada vegada m\u2019agrada portar menys pes, amb la qual cosa ja tinc aqu\u00ed una andr\u00f2mina que em permet aix\u00f2, tenir molts llibres que no has d\u2019arrossegar; sobretot quan viatges veus les grans avantatges de tenir un artefacte d\u2019aquests, on no tens molt de pes per\u00f2 molta varietat, efectivament.<\/p>\n<p><strong> I mai ha fet cap c\u00f2pia pirata, vost\u00e8?<\/strong><br \/>\nNo, haig de dir que alguna vegada en concret, quan no hi havia manera de trobar el llibre, ni tan sols aqu\u00ed a la biblioteca, doncs efectivament, si havies de consultar alguna cosa concreta, ho he fet, per\u00f2 he intentat que aix\u00f2 no sigui el modus operandi habitual. Sempre ha estat en algun cas concret que era molt dif\u00edcil. Per\u00f2 jo intento no fer-ho, sobretot perqu\u00e8 tamb\u00e9, com que tinc col\u00b7legues, de vegades una mica existeix aquesta idea de la solidaritat. Els acad\u00e8mics som molt solidaris, encara que hom pensi que no, i quan un no troba una cosa, intenta que un company en un altre lloc la pugi aconseguir, \u00e9s com una mena d\u2019intercanvi, un troc, i en aquest cas, \u00e9s perfectament possible i aix\u00f2 no obliga a haver d\u2019anar a buscar m\u00e8todes absolutament il\u00b7legals. Aix\u00f2 s\u00ed, tu pots demanar-li a un company que tingui un determinat article que te\u2019l passi.<\/p>\n<p><strong>\u00c9s q\u00fcesti\u00f3 de contactes, llavors?<\/strong><br \/>\n\u00c9s q\u00fcesti\u00f3 de xarxa, \u00e9s q\u00fcesti\u00f3 de networking i aix\u00f2 funciona molt b\u00e9 i de forma satisfact\u00f2ria. De vegades tamb\u00e9 he rebut correus electr\u00f2nics o missatges de persones que estan en universitats que no estan subscrits a una revista en la qual publico un article i que me\u2019l demanen, i jo, senzillament els hi envio, potser no pas la darrera c\u00f2pia, la que ha publicat la revista, per\u00f2 s\u00ed la pr\u00e8via i aix\u00f2 de vegades ni tan sols va contra els drets de les editorials. Per tant, efectivament aquesta corrent de solidaritat a trav\u00e9s de la qual tothom pugui tenir acc\u00e9s al que es va publicant i\/o editant i sempre que no violi el drets de les editorials, jo penso que \u00e9s una bona pr\u00e0ctica. En el m\u00f3n acad\u00e8mic \u00e9s important, sobretot perqu\u00e8 al final a tots ens interessa estar molt al dia de tot el es va fent; has de tenir en compte que en la mesura que aconsegueixes que el que publiques s\u2019ho llegeixi m\u00e9s gent, aix\u00f2 ja \u00e9s un valor per s\u00ed mateix, \u00e9s un dels criteris de v\u00e0lua del que has fet, quan aconsegueixes que molta gent et llegeixi i que molta gent citi el que fas. Per tant penso que aquesta solidaritat \u00e9s molt comprensible i s\u2019ent\u00e9n perfectament.<\/p>\n<p><strong>Finalment, un llibre que ens recomanaria?<\/strong><br \/>\nDoncs el mateix que parl\u00e0vem al principi, el de l\u2019Alexis Ravelo. \u00c9s un autor jove, canari, que est\u00e0 fent coses molt bones, que t\u00e9 molts premis i que est\u00e0 fent el pas, la transici\u00f3, de fer novel\u00b7la polic\u00edaca amb contingut m\u00e9s social. Jo penso que \u00e9s un autor molt bo i interessant.<\/p>\n<p><strong>Molt b\u00e9. Doncs fins aqu\u00ed l\u2019entrevista, moltes gr\u00e0cies doctor Prior.<\/strong><br \/>\nMoltes gr\u00e0cies a vosaltres, fins a una altra.<\/p>\n<p><strong>Servei de Biblioteques<\/strong><br \/>\nUniversitat Aut\u00f2noma de Barcelona<br \/>\n[entrevista realitzada per l\u2019equip de<strong> UAB Campus M\u00e8dia,\u00a0 <\/strong>juny de 2016]<\/p>\n","protected":false},"excerpt":{"rendered":"<p>Diego Prior Jim\u00e9nez va realitzar els estudis de llicenciatura, m\u00e0ster i doctorat a la UAB, on exerceix la doc\u00e8ncia des de 1997. Des de l\u2019any 2015 \u00e9s deg\u00e0 de la Facultat d\u2019Economia i Empresa de la Universitat Aut\u00f2noma de Barcelona i catedr\u00e0tic del Departament d\u2019Empresa. Ens hem posat en contacte amb el professor Diego Prior [&hellip;]<\/p>\n","protected":false},"author":64,"featured_media":0,"comment_status":"closed","ping_status":"closed","sticky":false,"template":"","format":"standard","meta":{"footnotes":""},"categories":[3],"tags":[],"class_list":["post-2843","post","type-post","status-publish","format-standard","hentry","category-recerca"],"_links":{"self":[{"href":"https:\/\/webs.uab.cat\/bibliotecainformacions\/wp-json\/wp\/v2\/posts\/2843","targetHints":{"allow":["GET"]}}],"collection":[{"href":"https:\/\/webs.uab.cat\/bibliotecainformacions\/wp-json\/wp\/v2\/posts"}],"about":[{"href":"https:\/\/webs.uab.cat\/bibliotecainformacions\/wp-json\/wp\/v2\/types\/post"}],"author":[{"embeddable":true,"href":"https:\/\/webs.uab.cat\/bibliotecainformacions\/wp-json\/wp\/v2\/users\/64"}],"replies":[{"embeddable":true,"href":"https:\/\/webs.uab.cat\/bibliotecainformacions\/wp-json\/wp\/v2\/comments?post=2843"}],"version-history":[{"count":1,"href":"https:\/\/webs.uab.cat\/bibliotecainformacions\/wp-json\/wp\/v2\/posts\/2843\/revisions"}],"predecessor-version":[{"id":4840,"href":"https:\/\/webs.uab.cat\/bibliotecainformacions\/wp-json\/wp\/v2\/posts\/2843\/revisions\/4840"}],"wp:attachment":[{"href":"https:\/\/webs.uab.cat\/bibliotecainformacions\/wp-json\/wp\/v2\/media?parent=2843"}],"wp:term":[{"taxonomy":"category","embeddable":true,"href":"https:\/\/webs.uab.cat\/bibliotecainformacions\/wp-json\/wp\/v2\/categories?post=2843"},{"taxonomy":"post_tag","embeddable":true,"href":"https:\/\/webs.uab.cat\/bibliotecainformacions\/wp-json\/wp\/v2\/tags?post=2843"}],"curies":[{"name":"wp","href":"https:\/\/api.w.org\/{rel}","templated":true}]}}