{"id":2885,"date":"2017-06-07T09:36:25","date_gmt":"2017-06-07T07:36:25","guid":{"rendered":"http:\/\/blogs.uab.cat\/bibliotecainformacions\/?p=2885"},"modified":"2022-10-14T08:46:42","modified_gmt":"2022-10-14T06:46:42","slug":"de-bibliothecis-conversa-amb-montse-bonet","status":"publish","type":"post","link":"https:\/\/webs.uab.cat\/bibliotecainformacions\/2017\/06\/07\/de-bibliothecis-conversa-amb-montse-bonet\/","title":{"rendered":"De Bibliothecis: Conversa amb Montse Bonet"},"content":{"rendered":"<p><strong><a href=\"https:\/\/webs.uab.cat\/bibliotecainformacions\/wp-content\/uploads\/sites\/194\/2017\/06\/Bonetweb-e1513069865666.jpg\"><img loading=\"lazy\" decoding=\"async\" class=\"size-medium wp-image-2883 alignleft\" src=\"http:\/\/blogs.uab.cat\/bibliotecainformacions\/files\/2017\/06\/Bonetweb-300x200.jpg\" alt=\"\" width=\"300\" height=\"200\" \/><\/a><\/strong><\/p>\n<p><strong>Montse Bonet Bagant \u00e9s professora del <a href=\"http:\/\/www.uab.cat\/departament\/audiovisual-publicitat\/\">Departament de Comunicaci\u00f3 Audiovisual i Publicitat<\/a> de la UAB i coordinadora dels estudis de Comunicaci\u00f3 Audiovisual.<\/strong><\/p>\n<p>Ens hem posat en contacte amb la professora Montse Bonet per saber la seva opini\u00f3 pel que fa al present i el futur de les biblioteques.<\/p>\n<p>&nbsp;<\/p>\n<p><strong>Ens podria explicar una mica en qu\u00e8 consisteix la seva tasca com a professora de Comunicaci\u00f3?<\/strong><br \/>\nT\u00e9 moltes facetes. Una part \u00e9s intentar que el jovent descobreixi que aprendre tamb\u00e9 pot ser divertit, o interessant, i que t\u00e9 la capacitat per fer-ho. Despr\u00e9s hi ha una part de recerca, que \u00e9s la que despr\u00e9s revertim en la doc\u00e8ncia. I finalment una part de gesti\u00f3, que no \u00e9s que sigui molt divertida per\u00f2 que tamb\u00e9 cal fer-la. Tres pilars b\u00e0sics.<\/p>\n<p><strong>Passant al tema de les biblioteques, quin llibre est\u00e0 llegint ara mateix?<\/strong><br \/>\nNo n\u2019estic llegint un de sol. N\u2019estic llegint m\u00e9s d\u2019un perqu\u00e8 agafo tant articles de revistes especialitzades com cap\u00edtols de llibre. I avui mateix n\u2019he anat a recollir un que vaig demanar que compressin. S\u00f3n dos volums que parlen de la converg\u00e8ncia medi\u00e0tica i tenen un munt de cap\u00edtols per especialitats: tecnol\u00f2gica, de contingut&#8230; que semblen molt, molt interessants. I despr\u00e9s estic llegint algunes coses sobre pol\u00edtiques de gesti\u00f3 de l\u2019espectre radioel\u00e8ctric.<\/p>\n<p><strong>\u00c9s a dir, els llibres que llegeix estan relacionats amb la seva mat\u00e8ria docent.<\/strong><br \/>\nAra s\u00ed. A mi m\u2019agradava molt disposar d\u2019una estona, cada dia o quasi cada dia, per llegir literatura que no tingu\u00e9s absolutament res a veure amb la meva feina. Per\u00f2 porto una temporada una miqueta dura&#8230; i b\u00e0sicament \u00e9s aix\u00f2, intentar informar-me a trav\u00e9s de diaris i revistes de qu\u00e8 est\u00e0 passant al m\u00f3n.<\/p>\n<p><strong>Creu que a vegades les persones no tenim suficient temps per llegir?<\/strong><br \/>\nDep\u00e8n de com ho plantegis. Si vols llegir-ho tot i vols ser molt exhaustiva, \u00e9s impossible. Com que hi ha tant a escollir&#8230; crec que el que ens manca \u00e9s m\u00e9s capacitat de triar. Per\u00f2 si ets m\u00ednimament organitzat i saps quines s\u00f3n les prioritats, pots combinar coses m\u00e9s profundes amb coses m\u00e9s de p\u00edndola, que et poden ajudar.<\/p>\n<p><strong>I per vost\u00e8 quina seria la seva biblioteca ideal?<\/strong><br \/>\nPer temes de comunicaci\u00f3, evidentment la nostra, aix\u00f2 ho tinc clar. Perqu\u00e8 a m\u00e9s a m\u00e9s \u00e9s una de les millors d\u2019Europa. T\u00e9 n\u00fameros \u00ab\u00fa\u00bb de revistes hist\u00f2riques molt importants i la gent que hi treballa sempre est\u00e0 disposada a ajudar-te. Despr\u00e9s, \u00e9s clar, veus algunes biblioteques cl\u00e0ssiques, precioses, com la del Vatic\u00e0 o la d\u2019Oxford i dius: doncs mira, si m\u2019hi puc passejar, tamb\u00e9, no? Per\u00f2, per temes de comunicaci\u00f3, clar\u00edssimament la nostra.<\/p>\n<p><strong>Destaqui dos autors del seu camp, i digui\u2019ns per qu\u00e8.<\/strong><br \/>\nAra estic bastant ficada amb una gent que m\u2019agrada molt com escriu i que explica les coses perqu\u00e8 s\u2019entenguin. Un \u00e9s un finland\u00e8s que es diu Marko Ala-Fossi, i l\u2019altre \u00e9s Stephen Lax. D\u2019aqu\u00ed, per exemple, la Maria Corominas m\u2019agrada perqu\u00e8 explica les coses d\u2019una manera molt clara i directa; \u00e9s all\u00f2 d\u2019\u00abordre i m\u00e8tode\u00bb. Per\u00f2 hi ha molta m\u00e9s gent, molt\u00edssima m\u00e9s, dep\u00e8n del tema.<\/p>\n<p><strong>Quin \u00e9s el llibre m\u00e9s preat de la seva biblioteca?<\/strong><br \/>\nUns llibres molt petitets que tenien la meva mare i la meva \u00e0via. El meu avi va ser professor abans de la guerra i elles els van guardar. S\u00f3n en catal\u00e0 i estan bastant ben conservats. Tenen un valor emocional i simb\u00f2lic m\u00e9s que altra cosa: per exemple, qu\u00e8 representava ser mestre just abans de la guerra civil. Despr\u00e9s en tinc molts altres que m\u2019agraden perqu\u00e8 me\u2019ls han regalat o perqu\u00e8 s\u00f3n divertits o perqu\u00e8 me\u2019ls han personalitzat&#8230;<\/p>\n<p><strong>I per a vost\u00e8 quin \u00e9s el millor lloc per llegir?<\/strong><br \/>\nQualsevol lloc on estiguis c\u00f2moda. Si est\u00e0s c\u00f2moda i hi ha llum suficient, que \u00e9s molt important per no deixar-s\u2019hi la vista, qualsevol lloc \u00e9s bo. A mi m\u2019agrada molt llegir quan estic al sof\u00e0 perqu\u00e8 associo sof\u00e0 amb descans. Per\u00f2 algunes vegades he llegit molt c\u00f2modament en algun tren i m\u2019ha semblat tamb\u00e9 perfecte. Em costa m\u00e9s si he d\u2019estar ajaguda en una platja: he de tenir una certa comoditat f\u00edsica.<\/p>\n<p><strong>I qu\u00e8 prefereix, llibre de paper o llibre electr\u00f2nic?<\/strong><br \/>\nNo prefereixo ni un ni l\u2019altre. Evidentment, tota la meva formaci\u00f3 va ser en paper. Soc de l\u2019era Gutenberg, per\u00f2 en un moment determinat, si he d\u2019anar molt carregada &#8211;el pes et deixa l\u2019esquena bastant malament&#8211;, doncs trobo que \u00e9s molt pr\u00e0ctic portar els articles i llibres en una tauleta. A mi m\u2019agrada combinar-ho. Si he d\u2019anar de viatge prefereixo no haver de carregar pes. Per\u00f2 reconec que per tradici\u00f3, doncs s\u00ed, estic molt m\u00e9s acostumada al paper.<\/p>\n<p><strong>I subratlla els llibres? Els sol subratllar?<\/strong><br \/>\nNo m\u2019agrada. Em sembla que de llibres de feina nom\u00e9s en tinc subratllat un de fa molts anys, que era un que vaig fer servir per la tesi doctoral. S\u00f3c de posar-hi fitxes, papers, post-it o fins i tot alguna vegada si he de treballar molt amb un llibre em fotocopio aquell cap\u00edtol; el llibre \u00e9s meu per\u00f2 jo em fotocopio el cap\u00edtol i llavors all\u00e0 hi faig ratlles, ratllots i hi apunto de tot.<\/p>\n<p><strong>I en els llibres que ofereix la biblioteca, se n\u2019ha trobat molts de subratllats?<\/strong><br \/>\nPer sort, no. Alguna vegada alguna cosa per\u00f2 cada vegada menys. No s\u00e9 si vol dir que la gent no els llegeix o que est\u00e0 una mica m\u00e9s conscienciada. Altra cosa \u00e9s que alg\u00fa hagi fet donaci\u00f3 de llibres i llavors si un d\u2019ells est\u00e0 subratllat no s\u2019hi pot fer res, per\u00f2 potser \u00e9s un llibre molt vell i t\u00e9 un valor determinat.<\/p>\n<p><strong>Quin paper creu que han de jugar les biblioteques amb les directrius d\u2019avaluaci\u00f3 continuada de la universitat?<\/strong><br \/>\nJo no associaria les biblioteques nom\u00e9s amb l\u2019avaluaci\u00f3 continuada. La biblioteca \u00e9s un espai que la gent ha d\u2019entendre de moltes maneres diferents: de coneixement, per llegir, per estudiar, per estar tranquil, perqu\u00e8 no hi ha soroll. Jo comprenc que molta gent que est\u00e0 acostumada a molt de soroll quan est\u00e0 a les biblioteques al principi s\u2019angoixa una miqueta, perqu\u00e8 el silenci a vegades pot ser angoixant. Per\u00f2 jo no les associaria nom\u00e9s a l\u2019avaluaci\u00f3 continuada. \u00c9s molt important perqu\u00e8 nosaltres constantment estem demanant coses a la biblioteca: que si han sortit aquests llibres o aquella revista; en aquesta assignatura m\u2019interessaria aix\u00f2, aquesta base de dades&#8230; i sempre responen. Jo aniria m\u00e9s enll\u00e0. La biblioteca no s\u2019ha d\u2019associar nom\u00e9s a les assignatures: \u00e9s tot un global referit al coneixement.<\/p>\n<p><strong>Quina \u00e9s la biblioteca del campus que m\u00e9s freq\u00fcenta?<\/strong><br \/>\nLa nostra, la de Comunicaci\u00f3. No \u00e9s l\u2019\u00fanica, perqu\u00e8 tamb\u00e9 he anat bastant a la Sala de Revistes de la Biblioteca d\u2019Humanitats, que \u00e9s preciosa, i a la Biblioteca de Ci\u00e8ncies Socials. S\u00f3n potser les tres que m\u00e9s faig servir. Per\u00f2 la que m\u00e9s freq\u00fcento \u00e9s la de Comunicaci\u00f3.<\/p>\n<p><strong>Quina valoraci\u00f3 general li mereixen les biblioteques de la Universitat Aut\u00f2noma de Barcelona?<\/strong><br \/>\nJo estic molt contenta. S\u00f3n molts anys d\u2019anar-hi, primer com a alumna i despr\u00e9s com a professora, i sempre he vist un inter\u00e8s enorme per ajudar-me. I despr\u00e9s est\u00e0 el com han sabut adaptar-se de veritat a l\u2019entorn digital i a les necessitats, com ells es reciclen, fan cursets, han obert blocs, s\u2019han especialitzat. Ara aquest dijous tenim una presentaci\u00f3 del dip\u00f2sit digital. En aquest sentit a vegades els pregunto moltes coses, no referides als llibres, sin\u00f3 la seva opini\u00f3 personal per a alguns temes.<\/p>\n<p>Servei de Biblioteques<br \/>\n<strong>Universitat Aut\u00f2noma de Barcelona<\/strong><\/p>\n","protected":false},"excerpt":{"rendered":"<p>Montse Bonet Bagant \u00e9s professora del Departament de Comunicaci\u00f3 Audiovisual i Publicitat de la UAB i coordinadora dels estudis de Comunicaci\u00f3 Audiovisual. Ens hem posat en contacte amb la professora Montse Bonet per saber la seva opini\u00f3 pel que fa al present i el futur de les biblioteques. &nbsp; Ens podria explicar una mica en [&hellip;]<\/p>\n","protected":false},"author":64,"featured_media":0,"comment_status":"closed","ping_status":"closed","sticky":false,"template":"","format":"standard","meta":{"footnotes":""},"categories":[3],"tags":[],"class_list":["post-2885","post","type-post","status-publish","format-standard","hentry","category-recerca"],"_links":{"self":[{"href":"https:\/\/webs.uab.cat\/bibliotecainformacions\/wp-json\/wp\/v2\/posts\/2885","targetHints":{"allow":["GET"]}}],"collection":[{"href":"https:\/\/webs.uab.cat\/bibliotecainformacions\/wp-json\/wp\/v2\/posts"}],"about":[{"href":"https:\/\/webs.uab.cat\/bibliotecainformacions\/wp-json\/wp\/v2\/types\/post"}],"author":[{"embeddable":true,"href":"https:\/\/webs.uab.cat\/bibliotecainformacions\/wp-json\/wp\/v2\/users\/64"}],"replies":[{"embeddable":true,"href":"https:\/\/webs.uab.cat\/bibliotecainformacions\/wp-json\/wp\/v2\/comments?post=2885"}],"version-history":[{"count":1,"href":"https:\/\/webs.uab.cat\/bibliotecainformacions\/wp-json\/wp\/v2\/posts\/2885\/revisions"}],"predecessor-version":[{"id":4835,"href":"https:\/\/webs.uab.cat\/bibliotecainformacions\/wp-json\/wp\/v2\/posts\/2885\/revisions\/4835"}],"wp:attachment":[{"href":"https:\/\/webs.uab.cat\/bibliotecainformacions\/wp-json\/wp\/v2\/media?parent=2885"}],"wp:term":[{"taxonomy":"category","embeddable":true,"href":"https:\/\/webs.uab.cat\/bibliotecainformacions\/wp-json\/wp\/v2\/categories?post=2885"},{"taxonomy":"post_tag","embeddable":true,"href":"https:\/\/webs.uab.cat\/bibliotecainformacions\/wp-json\/wp\/v2\/tags?post=2885"}],"curies":[{"name":"wp","href":"https:\/\/api.w.org\/{rel}","templated":true}]}}