{"id":3219,"date":"2018-04-30T19:25:18","date_gmt":"2018-04-30T17:25:18","guid":{"rendered":"http:\/\/blogs.uab.cat\/bibliotecainformacions\/?p=3219"},"modified":"2022-10-17T11:07:34","modified_gmt":"2022-10-17T09:07:34","slug":"exposicions-2018-a-les-biblioteques-de-la-uab-gener-abril-guerrero-rosa","status":"publish","type":"post","link":"https:\/\/webs.uab.cat\/bibliotecainformacions\/2018\/04\/30\/exposicions-2018-a-les-biblioteques-de-la-uab-gener-abril-guerrero-rosa\/","title":{"rendered":"Exposicions 2018 a les biblioteques de la UAB (Gener-Abril) \/ Guerrero, Rosa"},"content":{"rendered":"<p><strong>Hem encetat l\u2019any 2018 amb tot un seguit d\u2019exposicions a les biblioteques de la UAB sobre tem\u00e0tiques ben diverses. Ressaltem les dues mostres relatives al paper de les dones en la ci\u00e8ncia i en la societat: \u00abDones {amb, de, i} ci\u00e8ncia\u00bb i \u00abDones periodistes\u00bb; la continuaci\u00f3 de la s\u00e8rie #Ci\u00e8nciaCiutadana del CREAF que convida a participar als amants de la naturalesa en les seves recerques i a contribuir aix\u00ed en els aven\u00e7os de la ci\u00e8ncia. Igualment destaquem les exposicions commemoratives vinculades a la cultura catalana dins l&#8217;\u00e0mbit de les humanitats.<\/strong><br \/>\n<!--more--><\/p>\n<h2><strong>BIBLIOTECA DE CI\u00c8NCIA I TECNOLOGIA<\/strong><\/h2>\n<p><strong>Ci\u00e8ncia Ciutadana: RitmeNatura <\/strong><br \/>\nExposici\u00f3 presencial i virtual<br \/>\nFebrer 2018<br \/>\n<a href=\"http:\/\/pagines.uab.cat\/cienciaxllegir\/content\/cienciaciutadana\">M\u00e9s &gt;<\/a><\/p>\n<p><a href=\"http:\/\/ddd.uab.cat\/record\/182633\"><img loading=\"lazy\" decoding=\"async\" class=\"alignright wp-image-3206\" src=\"https:\/\/webs.uab.cat\/bibliotecainformacions\/wp-content\/uploads\/sites\/194\/2018\/04\/RitmeNatura-300x169.jpg\" alt=\"\" width=\"341\" height=\"192\" srcset=\"https:\/\/webs.uab.cat\/bibliotecainformacions\/wp-content\/uploads\/sites\/194\/2018\/04\/RitmeNatura-300x169.jpg 300w, https:\/\/webs.uab.cat\/bibliotecainformacions\/wp-content\/uploads\/sites\/194\/2018\/04\/RitmeNatura.jpg 480w\" sizes=\"auto, (max-width: 341px) 100vw, 341px\" \/><\/a>Segona exposici\u00f3 sobre <strong>#Ci\u00e8nciaCiutadana<\/strong> que organitza la Biblioteca de Ci\u00e8ncia i Tecnologia en col\u00b7laboraci\u00f3 amb el <a href=\"http:\/\/www.creaf.cat\/\">CREAF<\/a>. <a href=\"http:\/\/ritmenatura.cat\/\">RitmeNatura.cat<\/a> busca ciutadans amants de la naturalesa que vulguin aprendre a fer observacions fenol\u00f2giques i ajudar els cient\u00edfics a estudiar els impactes del canvi clim\u00e0tic sobre les plantes i els animals. Si voleu veure les fotografies de l\u2019exposici\u00f3 cliqueu <a href=\"http:\/\/ddd.uab.cat\/record\/182633\">aqu\u00ed<\/a>.<\/p>\n<p><strong>Dones {amb, de, i} ci\u00e8ncia<\/strong><br \/>\nExposici\u00f3 presencial i virtual<br \/>\nMar\u00e7 2018<br \/>\n<a href=\"http:\/\/ddd.uab.cat\/record\/187950\">M\u00e9s &gt;<\/a><\/p>\n<p><a href=\"http:\/\/ddd.uab.cat\/record\/187950\"><img loading=\"lazy\" decoding=\"async\" class=\"alignleft wp-image-3207\" src=\"https:\/\/webs.uab.cat\/bibliotecainformacions\/wp-content\/uploads\/sites\/194\/2018\/04\/DonesCiencia-300x169.jpg\" alt=\"\" width=\"284\" height=\"160\" srcset=\"https:\/\/webs.uab.cat\/bibliotecainformacions\/wp-content\/uploads\/sites\/194\/2018\/04\/DonesCiencia-300x169.jpg 300w, https:\/\/webs.uab.cat\/bibliotecainformacions\/wp-content\/uploads\/sites\/194\/2018\/04\/DonesCiencia.jpg 407w\" sizes=\"auto, (max-width: 284px) 100vw, 284px\" \/><\/a>Una exposici\u00f3 muntada per la BCT on <strong>les dones i la seva ci\u00e8ncia<\/strong> tenen tot el protagonisme. A partir de les \u00a0darreres novetats arribades a la biblioteca i dels reculls biogr\u00e0fics que parlen de la seva contribuci\u00f3 al m\u00f3n cient\u00edfic i tecnol\u00f2gic, se singularitzen dotze noms propis que tenen una destacada pres\u00e8ncia dins la secci\u00f3 de <a href=\"http:\/\/pagines.uab.cat\/cienciaxllegir\/content\/donesiciencia\">Ci\u00e8ncia x Llegir<\/a><strong>.<\/strong><\/p>\n<p>&nbsp;<\/p>\n<p><strong>Ci\u00e8ncia Ciutadana: Natusfera <a href=\"http:\/\/ddd.uab.cat\/record\/182633\"><img loading=\"lazy\" decoding=\"async\" class=\"alignright wp-image-3208\" src=\"https:\/\/webs.uab.cat\/bibliotecainformacions\/wp-content\/uploads\/sites\/194\/2018\/04\/Natusfera-300x169.jpg\" alt=\"\" width=\"332\" height=\"187\" srcset=\"https:\/\/webs.uab.cat\/bibliotecainformacions\/wp-content\/uploads\/sites\/194\/2018\/04\/Natusfera-300x169.jpg 300w, https:\/\/webs.uab.cat\/bibliotecainformacions\/wp-content\/uploads\/sites\/194\/2018\/04\/Natusfera.jpg 480w\" sizes=\"auto, (max-width: 332px) 100vw, 332px\" \/><\/a><\/strong><br \/>\nExposici\u00f3 presencial i virtual<br \/>\nAbril 2018<br \/>\n<a href=\"http:\/\/ddd.uab.cat\/record\/182633\">M\u00e9s &gt;<\/a><\/p>\n<p>Tercera exposici\u00f3 sobre<strong> #Ci\u00e8nciaCiutadana<\/strong> que organitza la Biblioteca de Ci\u00e8ncia i Tecnologia en col\u00b7laboraci\u00f3 amb el <a href=\"http:\/\/www.creaf.cat\/\">CREAF<\/a>.\u00a0 <a href=\"http:\/\/natusfera.gbif.es\/\">Natusfera<\/a> \u00e9s una plataforma online i cooperativa que permet a qualsevol persona introduir fotografies d&#8217;elements de la natura i, posteriorment, una xarxa d\u2019experts n\u2019identificar\u00e0 el nom cient\u00edfic d\u2019all\u00f2 fotografiat.<\/p>\n<p>&nbsp;<\/p>\n<h2><strong>BIBLIOTECA DE<\/strong> CI\u00c8NCIES SOCIALS<\/h2>\n<p><strong>Producci\u00f3 cient\u00edfica del projecte INCASI<\/strong><br \/>\nExposici\u00f3 presencial i virtual<br \/>\nFebrer \u2013 mar\u00e7\u00a0 2018<br \/>\n<a href=\"http:\/\/www.bib.uab.es\/socials\/exposicions\/incasi2\/\">M\u00e9s &gt;<\/a><\/p>\n<p><a href=\"http:\/\/www.bib.uab.es\/socials\/exposicions\/incasi2\/\"><img loading=\"lazy\" decoding=\"async\" class=\"alignleft size-medium wp-image-3211\" src=\"https:\/\/webs.uab.cat\/bibliotecainformacions\/wp-content\/uploads\/sites\/194\/2018\/04\/INCASI1-300x171.jpg\" alt=\"\" width=\"300\" height=\"171\" srcset=\"https:\/\/webs.uab.cat\/bibliotecainformacions\/wp-content\/uploads\/sites\/194\/2018\/04\/INCASI1-300x171.jpg 300w, https:\/\/webs.uab.cat\/bibliotecainformacions\/wp-content\/uploads\/sites\/194\/2018\/04\/INCASI1-768x438.jpg 768w, https:\/\/webs.uab.cat\/bibliotecainformacions\/wp-content\/uploads\/sites\/194\/2018\/04\/INCASI1.jpg 798w\" sizes=\"auto, (max-width: 300px) 100vw, 300px\" \/><\/a>Exposici\u00f3 sobre l\u2019activitat i producci\u00f3 cient\u00edfica del projecte europeu\u00a0 <em>International Network for Comparative Analysis of Social Inequalities<\/em> (INCASI), amb motiu de la reuni\u00f3 anual d&#8217;aquesta xarxa. L&#8217;<a href=\"http:\/\/incasi.uab.cat\/es\">INCASI <\/a>\u00e9s un projecte finan\u00e7at pel programa Horizon 2020 de la Comissi\u00f3 Europea que t\u00e9 com a objectiu l<strong>&#8216;estudi de les desigualtats a Europa i Llatinoam\u00e8rica <\/strong>per tal de reduir-les.<\/p>\n<p>Dins aquest marc tamb\u00e9 es van presentar dos llibres sobre les tasques de l\u2019INCASI: <em>La movilidad social en Espa\u00f1a<\/em> (2015), del professor Ildefonso Marqu\u00e9s Perales (Universidad de Sevilla); i <em>La equidad y la educaci\u00f3n<\/em> (2017), del professor Jos\u00e9 Saturnino Mart\u00ednez Garc\u00eda (Universidad de La Laguna).<\/p>\n<p>&nbsp;<\/p>\n<p><strong><a href=\"http:\/\/www.bib.uab.cat\/socials\/exposicions\/homenatgemoronlama\/index.html\"><img loading=\"lazy\" decoding=\"async\" class=\"alignright wp-image-3212\" src=\"https:\/\/webs.uab.cat\/bibliotecainformacions\/wp-content\/uploads\/sites\/194\/2018\/04\/EstherAlejandra1-300x214.jpg\" alt=\"\" width=\"315\" height=\"225\" srcset=\"https:\/\/webs.uab.cat\/bibliotecainformacions\/wp-content\/uploads\/sites\/194\/2018\/04\/EstherAlejandra1-300x214.jpg 300w, https:\/\/webs.uab.cat\/bibliotecainformacions\/wp-content\/uploads\/sites\/194\/2018\/04\/EstherAlejandra1-768x549.jpg 768w, https:\/\/webs.uab.cat\/bibliotecainformacions\/wp-content\/uploads\/sites\/194\/2018\/04\/EstherAlejandra1.jpg 788w\" sizes=\"auto, (max-width: 315px) 100vw, 315px\" \/><\/a>Pres\u00e8ncia d\u2019abs\u00e8ncies. In memoriam Dra. Esther Mor\u00f3n Lerma i Dra. Alejandra de Lama Aym\u00e0<\/strong><br \/>\nExposici\u00f3 presencial i virtual<br \/>\nAbril \u2013 juny 2018<br \/>\n<a href=\"http:\/\/www.bib.uab.cat\/socials\/exposicions\/homenatgemoronlama\/index.html\">M\u00e9s &gt;<\/a><\/p>\n<p>Coincidint amb la presentaci\u00f3 d\u2019un llibre que se\u2019ls dedica, la Facultat de Dret i la Biblioteca de Ci\u00e8ncies Socials van presentar a l\u2019abril una exposici\u00f3 en record d\u2019aquestes dues professores\u00a0 que, per un atzar fortu\u00eft, ens van deixar en el transcurs dels dos \u00faltims anys a una edat encara jove, plenes de qualitats humanes i capacitats docents i investigadores.<\/p>\n<p>&nbsp;<\/p>\n<h2><strong>BIBLIOTECA DE<\/strong> COMUNICACI\u00d3 I HEMEROTECA GENERAL<\/h2>\n<p><strong>Dones periodistes<\/strong><br \/>\nExposici\u00f3 presencial<br \/>\nMar\u00e7 &#8211; abril 2018<\/p>\n<p><a href=\"https:\/\/webs.uab.cat\/bibliotecainformacions\/wp-content\/uploads\/sites\/194\/2018\/04\/DonesPeriodistes.jpg\"><img loading=\"lazy\" decoding=\"async\" class=\"alignleft size-medium wp-image-3213\" src=\"https:\/\/webs.uab.cat\/bibliotecainformacions\/wp-content\/uploads\/sites\/194\/2018\/04\/DonesPeriodistes-300x169.jpg\" alt=\"\" width=\"300\" height=\"169\" srcset=\"https:\/\/webs.uab.cat\/bibliotecainformacions\/wp-content\/uploads\/sites\/194\/2018\/04\/DonesPeriodistes-300x169.jpg 300w, https:\/\/webs.uab.cat\/bibliotecainformacions\/wp-content\/uploads\/sites\/194\/2018\/04\/DonesPeriodistes.jpg 480w\" sizes=\"auto, (max-width: 300px) 100vw, 300px\" \/><\/a>Dins el marc de la celebraci\u00f3 del <strong>Dia Internacional de les Dones<\/strong>, la BCHG\u00a0 hi va contribuir muntant una exposici\u00f3 al voltant de la tasca desenvolupada per les <strong>dones periodistes<\/strong>. La mostra, que aplega una selecci\u00f3 de llibres, assajos, ficci\u00f3, biografies etc. de dones professionals del periodisme, molt sovint oblidades o poc conegudes. Tot un llegat molt valu\u00f3s per a les generacions venidores.<\/p>\n<p>Si esteu interessats a disposar d\u2019un llistat dels documents exposats, podeu sol\u00b7licitar-lo a la Biblioteca mitjan\u00e7ant el formulari: <a href=\"http:\/\/www.uab.cat\/bib\/pregunta\">http:\/\/www.uab.cat\/bib\/pregunta<\/a><\/p>\n<p>&nbsp;<\/p>\n<h2><strong>BIBLIOTECA<\/strong> D&#8217;HUMANITATS<\/h2>\n<p><a href=\"https:\/\/webs.uab.cat\/bibliotecainformacions\/wp-content\/uploads\/sites\/194\/2018\/05\/Pannikar.jpg\"><img loading=\"lazy\" decoding=\"async\" class=\"alignright size-medium wp-image-3313\" src=\"https:\/\/webs.uab.cat\/bibliotecainformacions\/wp-content\/uploads\/sites\/194\/2018\/05\/Pannikar-300x203.jpg\" alt=\"\" width=\"300\" height=\"203\" srcset=\"https:\/\/webs.uab.cat\/bibliotecainformacions\/wp-content\/uploads\/sites\/194\/2018\/05\/Pannikar-300x203.jpg 300w, https:\/\/webs.uab.cat\/bibliotecainformacions\/wp-content\/uploads\/sites\/194\/2018\/05\/Pannikar.jpg 549w\" sizes=\"auto, (max-width: 300px) 100vw, 300px\" \/><\/a><strong>Montserrat Abell\u00f3 i Raimon Pannikar: 100 anys del seu naixement <\/strong><br \/>\nExposici\u00f3 presencial<br \/>\nFebrer 2018<\/p>\n<p>Mostra bibliogr\u00e0fica a les vitrines de la Biblioteca d\u2019Humanitats, en homenatge a <strong>Raimon Pannikar<\/strong> i <strong>Montserrat Abell\u00f3<\/strong> pel 100 aniversari del seu naixement.<\/p>\n<p>&nbsp;<\/p>\n<p><strong>En temps del g\u00f2tic <\/strong><br \/>\nExposici\u00f3 presencial<br \/>\nMar\u00e7 2018<\/p>\n<p><a href=\"https:\/\/webs.uab.cat\/bibliotecainformacions\/wp-content\/uploads\/sites\/194\/2018\/05\/Gotic.jpg\"><img loading=\"lazy\" decoding=\"async\" class=\"alignleft  wp-image-3314\" src=\"https:\/\/webs.uab.cat\/bibliotecainformacions\/wp-content\/uploads\/sites\/194\/2018\/05\/Gotic-300x168.jpg\" alt=\"\" width=\"262\" height=\"146\" srcset=\"https:\/\/webs.uab.cat\/bibliotecainformacions\/wp-content\/uploads\/sites\/194\/2018\/05\/Gotic-300x168.jpg 300w, https:\/\/webs.uab.cat\/bibliotecainformacions\/wp-content\/uploads\/sites\/194\/2018\/05\/Gotic.jpg 448w\" sizes=\"auto, (max-width: 262px) 100vw, 262px\" \/><\/a>Amb motiu de la Jornada interdisciplinar <strong>\u00abEn temps del g\u00f2tic\u00bb<\/strong> que es va celebrar a la Facultat de Filosofia i Lletres de la UAB el dies 8, 9 i 10 de mar\u00e7, la Biblioteca va preparar una exposici\u00f3 sobre l\u2019\u00e8poca del g\u00f2tic a les vitrines de la sala de revistes d\u2019Humanitats.<\/p>\n<p>&nbsp;<\/p>\n<p><strong>Manresa, capital de la cultura catalana\u00a0<\/strong><br \/>\nExposici\u00f3 presencial<br \/>\nMar\u00e7 2018<br \/>\n<a href=\"http:\/\/www.uab.cat\/web\/detall-noticia\/manresa-capital-de-la-cultura-catalana-1345729159515.html?noticiaid=1345749244568\">M\u00e9s &gt;<\/a><\/p>\n<p><a href=\"http:\/\/www.uab.cat\/web\/detall-noticia\/manresa-capital-de-la-cultura-catalana-1345729159515.html?noticiaid=1345749244568\"><img loading=\"lazy\" decoding=\"async\" class=\"alignright wp-image-3214\" src=\"https:\/\/webs.uab.cat\/bibliotecainformacions\/wp-content\/uploads\/sites\/194\/2018\/04\/Manresa1-300x221.jpg\" alt=\"\" width=\"339\" height=\"250\" srcset=\"https:\/\/webs.uab.cat\/bibliotecainformacions\/wp-content\/uploads\/sites\/194\/2018\/04\/Manresa1-300x221.jpg 300w, https:\/\/webs.uab.cat\/bibliotecainformacions\/wp-content\/uploads\/sites\/194\/2018\/04\/Manresa1.jpg 500w\" sizes=\"auto, (max-width: 339px) 100vw, 339px\" \/><\/a>La ciutat de Manresa \u00e9s la nova <strong>Capital Cultural Catalana del 2018<\/strong> (Manresa CCC\u201918), despr\u00e9s d\u2019haver-ne tingut la titularitat Reus. Per aquest motiu, la Biblioteca d\u2019Humanitats, juntament amb <strong>Sibhil\u00b7la<\/strong> (Servei Informaci\u00f3 Bibliogr\u00e0fica i de Documentaci\u00f3 d\u2019Hist\u00f2ria, Llengua, Literatura i Art de Catalunya) i la col\u00b7laboraci\u00f3 especial de l\u2019<strong>Ajuntament de Manresa<\/strong>, va voler adherir-se a la celebraci\u00f3 d\u2019aquesta iniciativa amb una exposici\u00f3 sobre la capital del Bages.<\/p>\n<p>La mostra recollia trets de la \u00e0mplia riquesa cultural i patrimonial de la ciutat, els fetes m\u00e9s rellevants, l\u2019arquitectura, els museus i els equipaments culturals m\u00e9s reconeguts, aix\u00f2 com el llegat d\u2019alguns dels manresans m\u00e9s destacats en l\u2019\u00e0mbit de la literatura, la hist\u00f2ria i la m\u00fasica.<\/p>\n<p>&nbsp;<\/p>\n<p><strong>Vig\u00e8ncia de Manuel de Pedrolo<\/strong><br \/>\nExposici\u00f3 presencial<br \/>\nAbril 2018<br \/>\n<a href=\"http:\/\/cultura.gencat.cat\/ca\/anymanueldepedrolo\/inici\/\">M\u00e9s &gt;<\/a><\/p>\n<p><a href=\"http:\/\/cultura.gencat.cat\/ca\/anymanueldepedrolo\/inici\/\"><img loading=\"lazy\" decoding=\"async\" class=\"alignleft wp-image-3216\" src=\"https:\/\/webs.uab.cat\/bibliotecainformacions\/wp-content\/uploads\/sites\/194\/2018\/04\/Pedrolo-300x169.jpg\" alt=\"\" width=\"330\" height=\"186\" srcset=\"https:\/\/webs.uab.cat\/bibliotecainformacions\/wp-content\/uploads\/sites\/194\/2018\/04\/Pedrolo-300x169.jpg 300w, https:\/\/webs.uab.cat\/bibliotecainformacions\/wp-content\/uploads\/sites\/194\/2018\/04\/Pedrolo.jpg 480w\" sizes=\"auto, (max-width: 330px) 100vw, 330px\" \/><\/a>Exposici\u00f3 bibliogr\u00e0fica sobre l\u2019obra d\u2019aquest escriptor amb motiu del simposi \u00ab<a href=\"http:\/\/filescat.uab.cat\/filcat\/simposi-vigencia-de-manuel-de-pedrolo\/\">Vig\u00e8ncia de Manuel de Pedrolo<\/a>\u00bb. Entre les peces exposades es van incloure manuscrits de l\u2019obra de l\u2019autor que provenen del fons personal de <a href=\"http:\/\/www.bib.uab.cat\/human\/fonspersonals\/arbones\/\">Jordi Arbon\u00e8s<\/a>.<\/p>\n<p>&nbsp;<\/p>\n<p>&nbsp;<\/p>\n<p><em>A m\u00e9s, la Biblioteca d\u2019Humanitats col\u00b7labora activament amb diverses institucions culturals cedint material i\/o espais per tal d\u2019ajudar-las en el muntatge i difusi\u00f3 de diverses exposicions. En aquest quadrimestre destaquem les seg\u00fcents:<\/em><\/p>\n<p><strong><a href=\"http:\/\/www.uab.cat\/web\/sala-de-premsa\/detall-de-noticia\/l-exposicio-el-sexe-a-l-epoca-romana-arriba-a-la-uab-1345667174054.html?noticiaid=1345750632952\"><img loading=\"lazy\" decoding=\"async\" class=\"alignright wp-image-3217\" src=\"https:\/\/webs.uab.cat\/bibliotecainformacions\/wp-content\/uploads\/sites\/194\/2018\/04\/SexeRomans-300x172.jpg\" alt=\"\" width=\"256\" height=\"147\" srcset=\"https:\/\/webs.uab.cat\/bibliotecainformacions\/wp-content\/uploads\/sites\/194\/2018\/04\/SexeRomans-300x172.jpg 300w, https:\/\/webs.uab.cat\/bibliotecainformacions\/wp-content\/uploads\/sites\/194\/2018\/04\/SexeRomans.jpg 471w\" sizes=\"auto, (max-width: 256px) 100vw, 256px\" \/><\/a>El sexe a l\u2019\u00e8poca romana<\/strong><br \/>\nExposici\u00f3 presencial<br \/>\nAbril \u2013 juny 2018<br \/>\n<a href=\"http:\/\/www.uab.cat\/web\/sala-de-premsa\/detall-de-noticia\/l-exposicio-el-sexe-a-l-epoca-romana-arriba-a-la-uab-1345667174054.html?noticiaid=1345750632952\">M\u00e9s &gt;<\/a><\/p>\n<p>Organitzada pel Museu d\u2019Arqueologia i produ\u00efda pel Museu de Badalona en col\u00b7laboraci\u00f3 amb la UAB, es va presentar a la sala de revistes de la Biblioteca d\u2019Humanitats l\u2019exposici\u00f3 \u00ab<a href=\"http:\/\/www.uab.cat\/web\/sala-de-premsa\/detall-de-noticia\/l-exposicio-el-sexe-a-l-epoca-romana-arriba-a-la-uab-1345667174054.html?noticiaid=1345750632952\">El sexe a l\u2019\u00e8poca romana<\/a>\u00bb.<\/p>\n<p><a href=\"http:\/\/www.uab.cat\/web\/sala-de-premsa\/detall-de-noticia\/la-biblioteca-d-humanitats-inaugura-la-mostra-el-sexe-a-l-epoca-romana-1345667174054.html?noticiaid=1345751314918\"><img loading=\"lazy\" decoding=\"async\" class=\"alignleft wp-image-3218\" src=\"https:\/\/webs.uab.cat\/bibliotecainformacions\/wp-content\/uploads\/sites\/194\/2018\/04\/SexeRomans2-300x169.jpg\" alt=\"\" width=\"313\" height=\"176\" srcset=\"https:\/\/webs.uab.cat\/bibliotecainformacions\/wp-content\/uploads\/sites\/194\/2018\/04\/SexeRomans2-300x169.jpg 300w, https:\/\/webs.uab.cat\/bibliotecainformacions\/wp-content\/uploads\/sites\/194\/2018\/04\/SexeRomans2.jpg 480w\" sizes=\"auto, (max-width: 313px) 100vw, 313px\" \/><\/a>La mostra va aplegar un conjunt de peces de l&#8217;\u00e8poca romana conservades en museus catalans, entre les quals hi ha reproduccions de pintures i textos d&#8217;autors llatins. Les peces exposades donen a con\u00e8ixer l&#8217;univers sexual de l&#8217;antiga Roma des de la rep\u00fablica fins al segle IV, com per exemple el sexe dins i fora del matrimoni, l&#8217;art de la seducci\u00f3 i la sexualitat dels d\u00e9us, amb qui s&#8217;emmirallava la societat romana.<\/p>\n<p><strong>Rosa Guerrero<\/strong><br \/>\nBiblioteca de Ci\u00e8ncia i Tecnologia<br \/>\nServei de Biblioteques UAB<\/p>\n","protected":false},"excerpt":{"rendered":"<p>Hem encetat l\u2019any 2018 amb tot un seguit d\u2019exposicions a les biblioteques de la UAB sobre tem\u00e0tiques ben diverses. Ressaltem les dues mostres relatives al paper de les dones en la ci\u00e8ncia i en la societat: \u00abDones {amb, de, i} ci\u00e8ncia\u00bb i \u00abDones periodistes\u00bb; la continuaci\u00f3 de la s\u00e8rie #Ci\u00e8nciaCiutadana del CREAF que convida a [&hellip;]<\/p>\n","protected":false},"author":64,"featured_media":3205,"comment_status":"closed","ping_status":"closed","sticky":false,"template":"","format":"standard","meta":{"footnotes":""},"categories":[6],"tags":[20],"class_list":["post-3219","post","type-post","status-publish","format-standard","has-post-thumbnail","hentry","category-exposicions","tag-exposicions"],"_links":{"self":[{"href":"https:\/\/webs.uab.cat\/bibliotecainformacions\/wp-json\/wp\/v2\/posts\/3219","targetHints":{"allow":["GET"]}}],"collection":[{"href":"https:\/\/webs.uab.cat\/bibliotecainformacions\/wp-json\/wp\/v2\/posts"}],"about":[{"href":"https:\/\/webs.uab.cat\/bibliotecainformacions\/wp-json\/wp\/v2\/types\/post"}],"author":[{"embeddable":true,"href":"https:\/\/webs.uab.cat\/bibliotecainformacions\/wp-json\/wp\/v2\/users\/64"}],"replies":[{"embeddable":true,"href":"https:\/\/webs.uab.cat\/bibliotecainformacions\/wp-json\/wp\/v2\/comments?post=3219"}],"version-history":[{"count":1,"href":"https:\/\/webs.uab.cat\/bibliotecainformacions\/wp-json\/wp\/v2\/posts\/3219\/revisions"}],"predecessor-version":[{"id":4770,"href":"https:\/\/webs.uab.cat\/bibliotecainformacions\/wp-json\/wp\/v2\/posts\/3219\/revisions\/4770"}],"wp:featuredmedia":[{"embeddable":true,"href":"https:\/\/webs.uab.cat\/bibliotecainformacions\/wp-json\/wp\/v2\/media\/3205"}],"wp:attachment":[{"href":"https:\/\/webs.uab.cat\/bibliotecainformacions\/wp-json\/wp\/v2\/media?parent=3219"}],"wp:term":[{"taxonomy":"category","embeddable":true,"href":"https:\/\/webs.uab.cat\/bibliotecainformacions\/wp-json\/wp\/v2\/categories?post=3219"},{"taxonomy":"post_tag","embeddable":true,"href":"https:\/\/webs.uab.cat\/bibliotecainformacions\/wp-json\/wp\/v2\/tags?post=3219"}],"curies":[{"name":"wp","href":"https:\/\/api.w.org\/{rel}","templated":true}]}}