{"id":3682,"date":"2019-04-03T08:29:22","date_gmt":"2019-04-03T06:29:22","guid":{"rendered":"http:\/\/blogs.uab.cat\/bibliotecainformacions\/?p=3682"},"modified":"2022-10-17T12:35:58","modified_gmt":"2022-10-17T10:35:58","slug":"biblioteca-virtual-tirant-campos-elisa","status":"publish","type":"post","link":"https:\/\/webs.uab.cat\/bibliotecainformacions\/2019\/04\/03\/biblioteca-virtual-tirant-campos-elisa\/","title":{"rendered":"Biblioteca virtual Tirant \\ Campos, Elisa"},"content":{"rendered":"<p>La Biblioteca de Ci\u00e8ncies Socials a trav\u00e9s del Servei de Biblioteques de la UAB ha adquirit en modalitat de subscripci\u00f3 l\u2019acc\u00e9s a la plataforma de llibres electr\u00f2nics <a href=\"https:\/\/cataleg.uab.cat\/iii\/encore\/record\/C__Rb2038457?lang=cat\">Biblioteca virtual Tirant.<\/a><\/p>\n<p>L\u2019acc\u00e9s \u00e9s amb tres concurr\u00e8ncies i la plataforma cont\u00e9 m\u00e9s de 4000 t\u00edtols publicats per l\u2019editorial Tirant lo Blanch publicats des de l\u2019any 2005 fins a l\u2019actualitat, amb una mitjana de noves incorporacions de 350 nous t\u00edtols per any.<\/p>\n<p>El primer cop que s\u2019accedeix a la plataforma s\u2019ofereix la possibilitat de crear un compte personal online on l\u2019usuari podr\u00e0 fer la seva biblioteca personalitzada amb diferents funcionalitats: fer anotacions, ressaltar text, crear marcadors de p\u00e0gines, crear carpetes, posar etiquetes, escriure comentaris, o veure la seva activitat m\u00e9s recent. Tamb\u00e9 podr\u00e0 seleccionar les mat\u00e8ries de les quals en vol saber les novetats.<\/p>\n<p><a href=\"https:\/\/webs.uab.cat\/bibliotecainformacions\/wp-content\/uploads\/sites\/194\/2019\/04\/58-03-04.jpg\"><img loading=\"lazy\" decoding=\"async\" class=\"aligncenter wp-image-3679 size-full\" src=\"https:\/\/webs.uab.cat\/bibliotecainformacions\/wp-content\/uploads\/sites\/194\/2019\/04\/58-03-04.jpg\" alt=\"\" width=\"669\" height=\"256\" srcset=\"https:\/\/webs.uab.cat\/bibliotecainformacions\/wp-content\/uploads\/sites\/194\/2019\/04\/58-03-04.jpg 669w, https:\/\/webs.uab.cat\/bibliotecainformacions\/wp-content\/uploads\/sites\/194\/2019\/04\/58-03-04-300x115.jpg 300w\" sizes=\"auto, (max-width: 669px) 100vw, 669px\" \/><\/a><\/p>\n<p>\u00c9s especialment remarcable pel que fa a la bibliografia b\u00e0sica de curs ja que cont\u00e9 les \u00faltimes edicions de manuals fonamentals per a la col\u00b7lecci\u00f3 de la nostra Biblioteca, com per exemple, <a href=\"https:\/\/cataleg.uab.cat\/iii\/encore\/record\/C__Rb2042854?lang=cat\">Curso b\u00e1sico del derecho del Trabajo<\/a>, de Juan Manuel Ram\u00edrez Mart\u00ednez, <a href=\"https:\/\/cataleg.uab.cat\/iii\/encore\/record\/C__Rb2042647?lang=cat\">Esquemas de procedimiento administrativo<\/a> de Luc\u00eda Casado, o <a href=\"https:\/\/cataleg.uab.cat\/iii\/encore\/record\/C__Rb2043074?lang=cat\">Curso de Seguridad social<\/a> de Jos\u00e9 F. Blasco Lahoz, entre molts d\u2019altres.<\/p>\n<p><a href=\"https:\/\/webs.uab.cat\/bibliotecainformacions\/wp-content\/uploads\/sites\/194\/2019\/04\/58-03-03.jpg\"><img loading=\"lazy\" decoding=\"async\" class=\"aligncenter wp-image-3678 size-full\" src=\"https:\/\/webs.uab.cat\/bibliotecainformacions\/wp-content\/uploads\/sites\/194\/2019\/04\/58-03-03.jpg\" alt=\"\" width=\"800\" height=\"554\" srcset=\"https:\/\/webs.uab.cat\/bibliotecainformacions\/wp-content\/uploads\/sites\/194\/2019\/04\/58-03-03.jpg 800w, https:\/\/webs.uab.cat\/bibliotecainformacions\/wp-content\/uploads\/sites\/194\/2019\/04\/58-03-03-300x208.jpg 300w, https:\/\/webs.uab.cat\/bibliotecainformacions\/wp-content\/uploads\/sites\/194\/2019\/04\/58-03-03-768x532.jpg 768w\" sizes=\"auto, (max-width: 800px) 100vw, 800px\" \/><\/a><\/p>\n<p>El contingut de la plataforma \u00e9s principalment de l\u2019\u00e0mbit jur\u00eddic per\u00f2 tamb\u00e9 inclou altres disciplines com Humanitats (m\u00fasica, antropologia, psicologia, pedagogia, ci\u00e8ncies de la informaci\u00f3, etc), Ci\u00e8ncies (f\u00edsica, arquitectura, biologia, matem\u00e0tiques, medicina&#8230;) etc.<\/p>\n<p>Es pot cercar per autor i t\u00edtol per\u00f2 tamb\u00e9 per cerca avan\u00e7ada (editorial, ISBN, any de publicaci\u00f3, mat\u00e8ries i ordre de rellev\u00e0ncia). Un cop trobat el t\u00edtol que estem cercant, a l\u2019esquerra s\u2019obre un requadre de filtres per autor, per mat\u00e8ries i per any de publicaci\u00f3. Els resultats es poden ordenar alfab\u00e8ticament, pels m\u00e9s recents o per rellev\u00e0ncia.<\/p>\n<p><a href=\"https:\/\/webs.uab.cat\/bibliotecainformacions\/wp-content\/uploads\/sites\/194\/2019\/04\/58-03-02.jpg\"><img loading=\"lazy\" decoding=\"async\" class=\"aligncenter wp-image-3677 size-full\" src=\"https:\/\/webs.uab.cat\/bibliotecainformacions\/wp-content\/uploads\/sites\/194\/2019\/04\/58-03-02.jpg\" alt=\"\" width=\"399\" height=\"119\" srcset=\"https:\/\/webs.uab.cat\/bibliotecainformacions\/wp-content\/uploads\/sites\/194\/2019\/04\/58-03-02.jpg 399w, https:\/\/webs.uab.cat\/bibliotecainformacions\/wp-content\/uploads\/sites\/194\/2019\/04\/58-03-02-300x89.jpg 300w\" sizes=\"auto, (max-width: 399px) 100vw, 399px\" \/><\/a><br \/>\nPodeu accedir a la plataforma des del <a href=\"https:\/\/cataleg.uab.cat\/iii\/encore\/plus\/C__SBiblioteca%20virtual%20tirant__Orightresult__U?lang=cat\">Cercador<\/a> pel t\u00edtol (inclou una guia d\u2019\u00fas) o b\u00e9 des de l\u2019enlla\u00e7 de <a href=\"https:\/\/www.uab.cat\/web\/els-nostres-fons\/bases-de-dades-i-altres-recursos-electronics-1345746021506.html\">Bases de dades<\/a>.<\/p>\n<p>Elisa Campos<br \/>\n<strong>Biblioteca de Ci\u00e8ncies Socials<\/strong><\/p>\n<p>&nbsp;<\/p>\n","protected":false},"excerpt":{"rendered":"<p>La Biblioteca de Ci\u00e8ncies Socials a trav\u00e9s del Servei de Biblioteques de la UAB ha adquirit en modalitat de subscripci\u00f3 l\u2019acc\u00e9s a la plataforma de llibres electr\u00f2nics Biblioteca virtual Tirant. L\u2019acc\u00e9s \u00e9s amb tres concurr\u00e8ncies i la plataforma cont\u00e9 m\u00e9s de 4000 t\u00edtols publicats per l\u2019editorial Tirant lo Blanch publicats des de l\u2019any 2005 fins [&hellip;]<\/p>\n","protected":false},"author":64,"featured_media":3680,"comment_status":"closed","ping_status":"closed","sticky":false,"template":"","format":"standard","meta":{"footnotes":""},"categories":[4],"tags":[17],"class_list":["post-3682","post","type-post","status-publish","format-standard","has-post-thumbnail","hentry","category-serveis","tag-biblioteca-digital"],"_links":{"self":[{"href":"https:\/\/webs.uab.cat\/bibliotecainformacions\/wp-json\/wp\/v2\/posts\/3682","targetHints":{"allow":["GET"]}}],"collection":[{"href":"https:\/\/webs.uab.cat\/bibliotecainformacions\/wp-json\/wp\/v2\/posts"}],"about":[{"href":"https:\/\/webs.uab.cat\/bibliotecainformacions\/wp-json\/wp\/v2\/types\/post"}],"author":[{"embeddable":true,"href":"https:\/\/webs.uab.cat\/bibliotecainformacions\/wp-json\/wp\/v2\/users\/64"}],"replies":[{"embeddable":true,"href":"https:\/\/webs.uab.cat\/bibliotecainformacions\/wp-json\/wp\/v2\/comments?post=3682"}],"version-history":[{"count":1,"href":"https:\/\/webs.uab.cat\/bibliotecainformacions\/wp-json\/wp\/v2\/posts\/3682\/revisions"}],"predecessor-version":[{"id":4847,"href":"https:\/\/webs.uab.cat\/bibliotecainformacions\/wp-json\/wp\/v2\/posts\/3682\/revisions\/4847"}],"wp:featuredmedia":[{"embeddable":true,"href":"https:\/\/webs.uab.cat\/bibliotecainformacions\/wp-json\/wp\/v2\/media\/3680"}],"wp:attachment":[{"href":"https:\/\/webs.uab.cat\/bibliotecainformacions\/wp-json\/wp\/v2\/media?parent=3682"}],"wp:term":[{"taxonomy":"category","embeddable":true,"href":"https:\/\/webs.uab.cat\/bibliotecainformacions\/wp-json\/wp\/v2\/categories?post=3682"},{"taxonomy":"post_tag","embeddable":true,"href":"https:\/\/webs.uab.cat\/bibliotecainformacions\/wp-json\/wp\/v2\/tags?post=3682"}],"curies":[{"name":"wp","href":"https:\/\/api.w.org\/{rel}","templated":true}]}}