{"id":4287,"date":"2020-11-24T13:19:44","date_gmt":"2020-11-24T11:19:44","guid":{"rendered":"http:\/\/blogs.uab.cat\/bibliotecainformacions\/?p=4287"},"modified":"2022-10-17T12:27:17","modified_gmt":"2022-10-17T10:27:17","slug":"servei-dobtencio-de-microdades-de-la-biblioteca-de-ciencies-socials-estrugas-gemma","status":"publish","type":"post","link":"https:\/\/webs.uab.cat\/bibliotecainformacions\/2020\/11\/24\/servei-dobtencio-de-microdades-de-la-biblioteca-de-ciencies-socials-estrugas-gemma\/","title":{"rendered":"Servei d\u2019obtenci\u00f3 de microdades de la Biblioteca de Ci\u00e8ncies Socials \/ Estrugas, Gemma"},"content":{"rendered":"<p>Des de la Unitat d\u2019Estad\u00edstiques de la Biblioteca de Ci\u00e8ncies Socials s\u2019ofereix un servei d\u2019assessorament i intermediaci\u00f3 en l\u2019obtenci\u00f3 de microdades per als investigadors.<\/p>\n<p>D\u2019una manera senzilla, podem dir que les microdades s\u00f3n fitxers que \u201ccontenen les dades individuals d\u2019una estad\u00edstica, convenientment anonimitzades, amb la finalitat de preservar la confidencialitat de la informaci\u00f3. Es tracta de fitxers ASCII amb estructura de camps que recullen per a cada registre individual de l\u2019enquesta els valors que pren cada variable. Les dades apareixen sense agregar, per tant per a l\u2019estudi de les mateixes es necessiten programes adequats pel tractament de dades\u00a0 estad\u00edstiques\u201d (segons l\u2019INE).<a href=\"#_ftn1\" name=\"_ftnref1\">[1]<\/a><\/p>\n<p>En tractar-se de resultats individualitzats per persones o per empreses, segons el tipus d\u2019enquesta, \u00e9s un material molt \u201csensible\u201d i est\u00e0 a sotm\u00e8s a secret estad\u00edstic que garanteix la privadesa i la protecci\u00f3 legal d\u2019aquestes dades. Per aquests motius normalment aquests tipus de dades nom\u00e9s estan disponibles per a investigadors, per\u00f2 cada vegada m\u00e9s es faciliten de manera gratu\u00efta, pr\u00e8via signatura de la llic\u00e8ncia \u00fas i\/o del document de confidencialitat.<\/p>\n<p>Aquest servei d\u2019obtenci\u00f3 de microdades t\u00e9 el seu origen en el servei d\u2019obtenci\u00f3 de dades estad\u00edstiques (no microdades) d\u2019organismes oficials nacionals i internacionals que es gestionaven des de la Unitat d\u2019Estad\u00edstiques de la Biblioteca de Ci\u00e8ncies Socials. Aquest servei per\u00f2 va deixar de tenir sentit, perqu\u00e8 a partir de principis del segle XXI gaireb\u00e9 tots els organismes oficials van posar les seves dades a l\u2019abast de tothom, de manera gratu\u00efta, des d\u2019Internet.<\/p>\n<p>D&#8217;una banda aquest esmentat servei es va autoextingint, per\u00f2 per contra, es va generar una demanda d\u2019ajut d\u2019alguns investigadors en la gesti\u00f3 de la petici\u00f3 de les microdades a la Biblioteca que resultava especialment farragosa i llarga, sobretot en el cas de les enquestes produ\u00efdes per Eurostat. Una gesti\u00f3 centralitzada des de la Biblioteca d\u2019aquestes peticions tenia moltes avantatges: agilitzaci\u00f3 dels tr\u00e0mits, evitar les peticions reiterades del mateix material per part de diversos grups d\u2019investigaci\u00f3 alhora, conservaci\u00f3 del material. Per aix\u00f2 es va decidir, a partir de 2012 aproximadament, atendre aquestes reiterades peticions d\u2019investigadors i fer-se c\u00e0rrec de centralitzar la petici\u00f3 i la gesti\u00f3 d\u2019aquestes peticions i l\u2019arxiu de les dades rebudes des de la Unitat d\u2019Estad\u00edstiques de la Biblioteca de Ci\u00e8ncies Socials, una mica a imatge del que havia fet la Biblioteca de la Universitat Pompeu Fabra.<a href=\"#_ftn2\" name=\"_ftnref2\">[2]<\/a><\/p>\n<p>En un primer moment, es va tramitar algunes peticions conjuntes entre diversos projectes de diversos departaments que volien obtenir les microdades de les mateixes enquestes, era una manera d\u2019estalviar esfor\u00e7os i compartir recursos, per\u00f2 m\u00e9s tard ja no va ser operatiu fer-ho d\u2019aquesta manera \u00a0i es va continuar fent de manera individual per cada projecte peticionari.<\/p>\n<p>La Biblioteca es feia c\u00e0rrec de tot el tr\u00e0mit de la petici\u00f3 i gesti\u00f3 de les microdades: es preparava el formulari de petici\u00f3 de les microdades en col\u00b7laboraci\u00f3 amb els investigadors; una vegada estava acceptada la petici\u00f3 per part de l\u2019organisme receptor (normalment Eurostat), reb\u00edem la proposta de contracte que ens encarreg\u00e0vem que sign\u00e9s l\u2019investigador principal i un responsable de la UAB, que inicialmente era\u00a0 el\/la vice-rector\/a d\u2019investigaci\u00f3 de la UAB, despr\u00e9s va ser el director del Servei de Biblioteques, ara directora. A part d\u2019aquest document, calia enviar signades tamb\u00e9 les declaracions de confidencialitat (<em>Individual Confidentiality Declaration<\/em>) per part de tots els investigadors que participaven en el projecte. A continuaci\u00f3 es recepcion\u00e0vem les microdades que arribaven en suport cd-rom, es desencriptaven i es pujaven a un espai al n\u00favol (Nebula) i es compartien amb els investigadors autoritzats segons s\u2019havia signat al contracte. Quan s\u2019acabava el per\u00edode d\u2019acc\u00e9s de les microdades (uns 5 anys com a m\u00e0xim) es recordava als investigadors que les microdades s\u2019havien de destruir i que comuniquessin les publicacions que havien realitzat a partir de les microdades.<\/p>\n<p>Tot aquest proc\u00e9s de petici\u00f3 i recepci\u00f3 de les microdades es podia allargar uns quants mesos (una mitjana de 6 mesos).<\/p>\n<p>Eurostat ha anat millorant, modernitzant i agilitzant el procediment i els tr\u00e0mits, de manera que ara actualment en un parell de mesos es poden aconseguir les microdades, per\u00f2 aix\u00f2 ha implicat una m\u00e9s gran personalitzaci\u00f3 del procediment, de manera que algunes tasques d\u2019intermediaci\u00f3 de la biblioteca deixen de ser factibles. De manera, que actualment les peticions es gestionen a trav\u00e9s d\u2019un formulari electr\u00f2nic que ha d\u2019omplir el mateix peticionari, \u00a0ja no es reben microdades en cd-rom sin\u00f3 que s\u2019hi accedeix a trav\u00e9s d\u2019un servidor del mateix productor i est\u00e0 tot protegit amb contrasenya que s\u2019envia al tel\u00e8fon m\u00f3bil de l\u2019investigador principal.<\/p>\n<p>Aix\u00ed ara la Biblioteca ha simplificat el seu paper: ja no s\u2019encarrega d\u2019enviar les peticions, simplement assessora en el procediment de petici\u00f3 de les microdades i s\u2019ocupa com a intermediari d\u2019aconseguir la signatura de la persona de contacte dins la UAB, que actualment \u00e9s la directora del Servei de Biblioteques, qui amb la seva signatura valida que l\u2019investigador principal forma part de la comunitat UAB. La Biblioteca s\u2019encarrega d\u2019emmagatzemar una c\u00f2pia d\u2019aquests contractes (<em>Research Project Proposal application form<\/em>) .<\/p>\n<p>Tot aquest procediment descriu els tr\u00e0mits que implica una petici\u00f3 de microdades a Eurostat, que pr\u00e0cticament s\u00f3n les que es fan habitualment, per\u00f2 molt espor\u00e0dicament tamb\u00e9 ens han demanat microdades d\u2019altres productors estad\u00edstics, com ara el Ministerio de Trabajo. En aquests casos el procediment pot variar segons cada entitat, normalment \u00e9s molt m\u00e9s simple.<\/p>\n<p>Les microdades d\u2019Eurostat m\u00e9s sol\u00b7licitades corresponen a les seg\u00fcents enquestes:<\/p>\n<ul>\n<li><em>European Community Household Panel (ECHP)<\/em><\/li>\n<li><em>Labour Force Survey (LFS)<\/em><\/li>\n<li><em>Community Innovation Survey (CIS)<\/em><\/li>\n<li><em>European Union Statistics on Income and Living Conditions (EU-SILC)<\/em><\/li>\n<\/ul>\n<p>Els usuaris principals d\u2019aquest servei s\u00f3n investigadors de les Facultats d\u2019Economia i Empresa i Pol\u00edtiques i Sociologia, per\u00f2 alguna vegada puntualment ha arribat alguna petici\u00f3 d\u2019alguna altra Facultat.<\/p>\n<p>Si voleu m\u00e9s informaci\u00f3 sobre les microdades d\u2019Eurostat podeu anar a: &lt;<a href=\"https:\/\/ec.europa.eu\/eurostat\/web\/microdata\">https:\/\/ec.europa.eu\/eurostat\/web\/microdata<\/a>&gt;<\/p>\n<p>&nbsp;<\/p>\n<p><a href=\"https:\/\/webs.uab.cat\/bibliotecainformacions\/wp-content\/uploads\/sites\/194\/2020\/11\/62-01.jpg\"><img loading=\"lazy\" decoding=\"async\" class=\"aligncenter wp-image-4289 size-full\" src=\"https:\/\/webs.uab.cat\/bibliotecainformacions\/wp-content\/uploads\/sites\/194\/2020\/11\/62-01.jpg\" alt=\"\" width=\"567\" height=\"479\" srcset=\"https:\/\/webs.uab.cat\/bibliotecainformacions\/wp-content\/uploads\/sites\/194\/2020\/11\/62-01.jpg 567w, https:\/\/webs.uab.cat\/bibliotecainformacions\/wp-content\/uploads\/sites\/194\/2020\/11\/62-01-300x253.jpg 300w\" sizes=\"auto, (max-width: 567px) 100vw, 567px\" \/><\/a><\/p>\n<p>&nbsp;<\/p>\n<p>Gemma Estrugas<br \/>\n<strong>Biblioteca de Ci\u00e8ncies Socials<\/strong><\/p>\n<p>&nbsp;<\/p>\n<p><strong>BIBLIOGRAFIA<\/strong><\/p>\n<p>&nbsp;<\/p>\n<ul>\n<li><em>Eurostat <\/em>[en l\u00ednia] &lt;<a href=\"https:\/\/ec.europa.eu\/eurostat\/web\/microdata\">https:\/\/ec.europa.eu\/eurostat\/web\/microdata<\/a>&gt; [Consulta: 20.11.2020].<\/li>\n<li><em>INE <\/em>[en l\u00ednia] &lt;<a href=\"https:\/\/www.ine.es\/prodyser\/microdatos.htm\">https:\/\/www.ine.es\/prodyser\/microdatos.htm<\/a>&gt; [Consulta: 20.11.2020].<\/li>\n<li>Monta\u00f1\u00e0, Rosa; Pozuelo, Coro. \u201cFitxers de microdades a la Biblioteca de la UPF\u201d [en l\u00ednia]. <em>1r Espai CBUC d\u2019intercanvi de coneixements i experi\u00e8ncies<\/em>, 28 d\u2019abril de2005. &lt;<a href=\"https:\/\/www.recercat.cat\/bitstream\/handle\/2072\/67681\/UPF.pdf?sequence=1\">https:\/\/www.recercat.cat\/bitstream\/handle\/2072\/67681\/UPF.pdf?sequence=1<\/a>&gt; [Consulta: 20.11.2020].<\/li>\n<li>Monta\u00f1\u00e0, Rosa. \u201cFonts estad\u00edstiques i biblioteques: estat de la q\u00fcesti\u00f3 = Fuentes estad\u00edsticas y bibliotecas: estado de la cuesti\u00f3n\u201d[en l\u00ednia].\u00a0<em>BiD: textos universitaris de biblioteconomia i documentaci\u00f3<\/em>, 2005, N\u00fam. 15. &lt;<a href=\"http:\/\/bid.ub.edu\/15montan.htm\">http:\/\/bid.ub.edu\/15montan.htm<\/a>&gt; [Consulta: 23-11-2020].<\/li>\n<\/ul>\n<h5><\/h5>\n<h6><a href=\"#_ftnref1\" name=\"_ftn1\">[1]<\/a>Definici\u00f3 de microdades segons l\u2019Instituto Nacional de Estad\u00edstica (INE). <em>INE<\/em> [en l\u00ednia]. &lt;<a href=\"https:\/\/www.ine.es\/prodyser\/microdatos.htm\">https:\/\/www.ine.es\/prodyser\/microdatos.htm<\/a>&gt; [Consulta: 20.11.2020].<a href=\"#_ftnref2\" name=\"_ftn2\"><\/a><\/h6>\n<h6><\/h6>\n<p>&nbsp;<\/p>\n<h6>[2]Monta\u00f1\u00e0, Rosa; Pozuelo, Coro. \u201cFitxers de microdades a la Biblioteca de la UPF\u201d [en l\u00ednia]. <em>1r Espai CBUC d\u2019intercanvi de coneixements i experi\u00e8ncies<\/em>, 28 d\u2019abril de 2005.<\/h6>\n<h6>&lt;<a href=\"https:\/\/www.recercat.cat\/bitstream\/handle\/2072\/67681\/UPF.pdf?sequence=1\">https:\/\/www.recercat.cat\/bitstream\/handle\/2072\/67681\/UPF.pdf?sequence=1<\/a>&gt; [Consulta: 20.11.2020].<\/h6>\n","protected":false},"excerpt":{"rendered":"<p>Des de la Unitat d\u2019Estad\u00edstiques de la Biblioteca de Ci\u00e8ncies Socials s\u2019ofereix un servei d\u2019assessorament i intermediaci\u00f3 en l\u2019obtenci\u00f3 de microdades per als investigadors. D\u2019una manera senzilla, podem dir que les microdades s\u00f3n fitxers que \u201ccontenen les dades individuals d\u2019una estad\u00edstica, convenientment anonimitzades, amb la finalitat de preservar la confidencialitat de la informaci\u00f3. Es tracta [&hellip;]<\/p>\n","protected":false},"author":64,"featured_media":0,"comment_status":"closed","ping_status":"closed","sticky":false,"template":"","format":"standard","meta":{"footnotes":""},"categories":[4],"tags":[24],"class_list":["post-4287","post","type-post","status-publish","format-standard","hentry","category-serveis","tag-biblioteca-de-ciencies-socials"],"_links":{"self":[{"href":"https:\/\/webs.uab.cat\/bibliotecainformacions\/wp-json\/wp\/v2\/posts\/4287","targetHints":{"allow":["GET"]}}],"collection":[{"href":"https:\/\/webs.uab.cat\/bibliotecainformacions\/wp-json\/wp\/v2\/posts"}],"about":[{"href":"https:\/\/webs.uab.cat\/bibliotecainformacions\/wp-json\/wp\/v2\/types\/post"}],"author":[{"embeddable":true,"href":"https:\/\/webs.uab.cat\/bibliotecainformacions\/wp-json\/wp\/v2\/users\/64"}],"replies":[{"embeddable":true,"href":"https:\/\/webs.uab.cat\/bibliotecainformacions\/wp-json\/wp\/v2\/comments?post=4287"}],"version-history":[{"count":1,"href":"https:\/\/webs.uab.cat\/bibliotecainformacions\/wp-json\/wp\/v2\/posts\/4287\/revisions"}],"predecessor-version":[{"id":4795,"href":"https:\/\/webs.uab.cat\/bibliotecainformacions\/wp-json\/wp\/v2\/posts\/4287\/revisions\/4795"}],"wp:attachment":[{"href":"https:\/\/webs.uab.cat\/bibliotecainformacions\/wp-json\/wp\/v2\/media?parent=4287"}],"wp:term":[{"taxonomy":"category","embeddable":true,"href":"https:\/\/webs.uab.cat\/bibliotecainformacions\/wp-json\/wp\/v2\/categories?post=4287"},{"taxonomy":"post_tag","embeddable":true,"href":"https:\/\/webs.uab.cat\/bibliotecainformacions\/wp-json\/wp\/v2\/tags?post=4287"}],"curies":[{"name":"wp","href":"https:\/\/api.w.org\/{rel}","templated":true}]}}