{"id":283,"date":"2023-05-05T16:11:55","date_gmt":"2023-05-05T14:11:55","guid":{"rendered":"https:\/\/c15.es\/2025\/08\/05\/realidad-aumentada-del-patrimonial-local\/"},"modified":"2026-03-04T08:18:23","modified_gmt":"2026-03-04T06:18:23","slug":"realidad-aumentada-del-patrimonial-local","status":"publish","type":"post","link":"https:\/\/webs.uab.cat\/campus-social-educatiu\/realidad-aumentada-del-patrimonial-local\/","title":{"rendered":"Realidad aumentada del patrimonial local"},"content":{"rendered":"<\/p>\n<div class=\"separator\" style=\"clear: both;text-align: center\">\n<div class=\"separator\" style=\"clear: both;text-align: left\">\n<div style=\"clear: both;text-align: left\">\n<p>\ud83d\udda5\ufe0f <strong><span style=\"font-family: arial\">Realidad aumentada sobre el patrimonio en educaci\u00f3n infantil<\/span><\/strong><\/p>\n<p><span style=\"font-family: arial\">Esta experiencia de realidad aumentada invita a ni\u00f1as y ni\u00f1os a colorear im\u00e1genes de los gegants (gigantes) y la bestia Abraxas del pueblo. Una vez terminados los dibujos, utilizando un dispositivo con la aplicaci\u00f3n Arloopa, podr\u00e1n presenciar c\u00f3mo estos personajes emblem\u00e1ticos cobran vida en realidad aumentada.&nbsp;<\/span><\/p>\n<div class=\"separator\" style=\"clear: both;text-align: center\"><span style=\"font-family: arial\"><a href=\"https:\/\/blogger.googleusercontent.com\/img\/b\/R29vZ2xl\/AVvXsEgR6qsuk8VClxsuqYbTJaq3pn3skBC5ZJW3_TGksbahxhJQIEavDP8lqxM_3No_YJqoIk2NZsazUKsz5HEUkUc3KUAczx30A55dQWwsoSQ-WKc6noktrEopLxqht749SthXZ4yyvluPIlXMJjKvHH8rFtdAk_pXpKrGz2-IQGITugY1cTuxwYa8m4r6acQ\/s320\/realidad%20aumentada.png\" style=\"clear: right;float: right;margin-bottom: 1em;margin-left: 1em\"><img loading=\"lazy\" decoding=\"async\" border=\"0\" data-original-height=\"289\" data-original-width=\"320\" height=\"289\" src=\"https:\/\/blogger.googleusercontent.com\/img\/b\/R29vZ2xl\/AVvXsEgR6qsuk8VClxsuqYbTJaq3pn3skBC5ZJW3_TGksbahxhJQIEavDP8lqxM_3No_YJqoIk2NZsazUKsz5HEUkUc3KUAczx30A55dQWwsoSQ-WKc6noktrEopLxqht749SthXZ4yyvluPIlXMJjKvHH8rFtdAk_pXpKrGz2-IQGITugY1cTuxwYa8m4r6acQ\/s1600\/realidad%20aumentada.png\" width=\"320\" \/><\/a><\/span><\/div>\n<p><span style=\"font-family: arial\"><br \/><\/span><\/p>\n<p><span style=\"font-family: arial\">El proyecto nace de la b\u00fasqueda por encontrar nuevas formas de acercar la identidad del pueblo y sus tradiciones a la infancia, utilizando herramientas interactivas que generen sorpresa, curiosidad y conexi\u00f3n emocional. Los gegants y Abraxas son s\u00edmbolos importantes en las festividades locales, como la Fiesta Mayor, el pasacalles y la Fiesta del Guirigall. Estas figuras no solo son elementos culturales clave, sino que tambi\u00e9n forman parte de las actividades escolares en Educaci\u00f3n Infantil.<\/span><a href=\"https:\/\/blogger.googleusercontent.com\/img\/b\/R29vZ2xl\/AVvXsEjGEc8iNLDEYSzZBhNpnKuhuJWlS3y2KPxQNN6MP9c5AORGzCh0Lk2C86u-JO5RqSipXnakj1-J9B5ITCaaUfzmeQglXSzK2BwQJyCOqf8whhR_MIl8Bb6ndawKusCE94dB1c4OhXLdE0oeYh_iu0RKOgIYUOe1zfuFy0djG2r0L27sTMdzF-sbihn7auU\/s302\/realidad.png\" style=\"clear: right;float: right;font-size: 18.72px;margin-bottom: 1em;margin-left: 1em;text-align: right\"><\/a><\/p>\n<p><span style=\"font-family: arial\">El objetivo principal es llevar este conocimiento popular a trav\u00e9s de un recurso interactivo, accesible y l\u00fadico que permita a los ni\u00f1os y ni\u00f1as identificarse con los gegants reales del pueblo.<\/span><\/p>\n<p><span style=\"font-family: arial\">Actualmente, el proyecto se encuentra en una segunda fase, donde se est\u00e1 investigando c\u00f3mo las escuelas de Infantil y las escuelas Bressol est\u00e1n utilizando estos materiales. A partir de esta observaci\u00f3n, se busca ajustar, mejorar e integrar el recurso con otros materiales educativos existentes, contando con la participaci\u00f3n activa de profesoras y profesores para recoger sus comentarios y sugerencias.<\/span><span style=\"clear: right;float: right;font-family: arial;margin-bottom: 1em;margin-left: 1em\"><img loading=\"lazy\" decoding=\"async\" border=\"0\" data-original-height=\"302\" data-original-width=\"227\" height=\"302\" src=\"https:\/\/blogger.googleusercontent.com\/img\/b\/R29vZ2xl\/AVvXsEjGEc8iNLDEYSzZBhNpnKuhuJWlS3y2KPxQNN6MP9c5AORGzCh0Lk2C86u-JO5RqSipXnakj1-J9B5ITCaaUfzmeQglXSzK2BwQJyCOqf8whhR_MIl8Bb6ndawKusCE94dB1c4OhXLdE0oeYh_iu0RKOgIYUOe1zfuFy0djG2r0L27sTMdzF-sbihn7auU\/s1600\/realidad.png\" width=\"227\" \/><\/span><\/p>\n<p><span style=\"font-family: arial\"><span>\ud83e\udde9<\/span><span style=\"font-family: arial\">&nbsp;Estas tres figuras forman parte del proyecto socioeducativo de divulgaci\u00f3n patrimonial&nbsp;<em><a href=\"https:\/\/pluab.blogspot.com\/2023\/04\/guia-de-actividades-el-dimoni-i-les.html\" target=\"_blank\">\u00abUn viaje generacional: El Dimoni i les Pedres<\/a>\u00ab<\/em>.<\/span><\/span><\/p>\n<\/p>\n<p><span style=\"font-family: arial\">\ud83c\udfaf <strong>Objetivos de aprendizaje<\/strong><br \/>*Acercar la identidad cultural y las tradiciones locales a la infancia a trav\u00e9s de la realidad aumentada.<br \/>*Fomentar la creatividad y la imaginaci\u00f3n mediante el coloreado y la interacci\u00f3n digital.<br \/>*Desarrollar habilidades de psicomotricidad fina a trav\u00e9s del coloreado de las ilustraciones.<br \/>*Generar una conexi\u00f3n emocional con los personajes culturales del pueblo.<br \/>*Facilitar el aprendizaje significativo mediante el uso de tecnolog\u00eda interactiva.<br \/>*Involucrar a las escuelas y al profesorado en el proceso de mejora e integraci\u00f3n del recurso.<\/span><\/p>\n<p><span style=\"font-family: arial\">\ud83d\udee0\ufe0f <strong>Metodolog\u00eda desarrollada<\/strong><br \/>El proyecto surge con el objetivo de acercar a ni\u00f1as y ni\u00f1os a las figuras culturales emblem\u00e1ticas del pueblo mediante una herramienta innovadora que combina el dibujo y la realidad aumentada.<\/span><\/p>\n<div style=\"text-align: center\"><a href=\"https:\/\/blogger.googleusercontent.com\/img\/b\/R29vZ2xl\/AVvXsEg2ssPyzUWkAorm6cKJ0bRJ4Nm3o2jE8dJEPlLViIT1sv5-cmqMszUyZAqE1VXeJL_CjXXieKOCzHP-VtmZ5hUz5CYdKJbJzA0_Q8nBK-VMo7fJgTuiggElJWqAi6Ouo4quRXPldFV8xdpCao5MIqMUe8OFCSBoUgq3IFFYYPiR7rjpqRMJlpR5iwUHrPw\/s738\/realidad%20aumentada.png\" style=\"margin-left: 1em;margin-right: 1em;text-align: right\"><span style=\"font-family: arial\"><img loading=\"lazy\" decoding=\"async\" border=\"0\" data-original-height=\"395\" data-original-width=\"738\" height=\"228\" src=\"https:\/\/blogger.googleusercontent.com\/img\/b\/R29vZ2xl\/AVvXsEg2ssPyzUWkAorm6cKJ0bRJ4Nm3o2jE8dJEPlLViIT1sv5-cmqMszUyZAqE1VXeJL_CjXXieKOCzHP-VtmZ5hUz5CYdKJbJzA0_Q8nBK-VMo7fJgTuiggElJWqAi6Ouo4quRXPldFV8xdpCao5MIqMUe8OFCSBoUgq3IFFYYPiR7rjpqRMJlpR5iwUHrPw\/w426-h228\/realidad%20aumentada.png\" width=\"426\" \/><\/span><\/a><\/div>\n<\/p>\n<p><span style=\"font-family: arial\"><strong>Definici\u00f3n del objetivo y concepto:<\/strong><br \/>Se seleccionaron los gegants de Palau-solit\u00e0 i Plegamans y la bestia Abraxas como protagonistas de la experiencia, debido a su relevancia en las festividades locales y su presencia habitual en las actividades escolares de Educaci\u00f3n Infantil.<\/span><\/p>\n<div class=\"separator\" style=\"clear: both;text-align: center\"><a href=\"https:\/\/blogger.googleusercontent.com\/img\/b\/R29vZ2xl\/AVvXsEiAkinGKxtKZyAi20ID86tpujXpzgsDf5JDYVvv10vWwL9pt01YsLerEcq5Tf6-hJ4A9QHwvHHtTHyxGuNCJCKgKpc3hAm5BCcJUvZu8FeZGAbY5cxlM1Y-eaid06-iuQXwe9CV4r1vSkN3M-7XxA9Dkyo3nIW-F4_ne1FNLQ0-vPIghUt3hvjnYU1c\/s842\/DimoniBN.jpg\" style=\"clear: right;float: right;margin-bottom: 1em;margin-left: 1em\"><span style=\"font-family: arial\"><img loading=\"lazy\" decoding=\"async\" border=\"0\" data-original-height=\"842\" data-original-width=\"596\" height=\"265\" src=\"https:\/\/blogger.googleusercontent.com\/img\/b\/R29vZ2xl\/AVvXsEiAkinGKxtKZyAi20ID86tpujXpzgsDf5JDYVvv10vWwL9pt01YsLerEcq5Tf6-hJ4A9QHwvHHtTHyxGuNCJCKgKpc3hAm5BCcJUvZu8FeZGAbY5cxlM1Y-eaid06-iuQXwe9CV4r1vSkN3M-7XxA9Dkyo3nIW-F4_ne1FNLQ0-vPIghUt3hvjnYU1c\/w188-h265\/DimoniBN.jpg\" width=\"188\" \/><\/span><\/a><\/div>\n<\/p>\n<p style=\"text-align: right\"><a href=\"https:\/\/blogger.googleusercontent.com\/img\/b\/R29vZ2xl\/AVvXsEiz9H-yqREnJGjPQAuy8MgXNWap_2sOmYxpyilflcnrCulGq4VUByGxXMCvdER-mFAYk9GHQiZ_R8Joduj6vqzYu3Erwvxmi1nuzl5nQ_RNy8c5O5e2E9GyZJg7MQJRs0UTfIu6pWDPGKtPo6Z7v8V1Rb-c3v7ZZwfvSZJmgpe90XzlisnsLkPTtlXc\/s3508\/Masovera%20BN.jpg\" style=\"clear: right;float: right;margin-bottom: 1em;margin-left: 1em;text-align: center\"><span style=\"font-family: arial\"><img loading=\"lazy\" decoding=\"async\" border=\"0\" data-original-height=\"3508\" data-original-width=\"2480\" height=\"254\" src=\"https:\/\/blogger.googleusercontent.com\/img\/b\/R29vZ2xl\/AVvXsEiz9H-yqREnJGjPQAuy8MgXNWap_2sOmYxpyilflcnrCulGq4VUByGxXMCvdER-mFAYk9GHQiZ_R8Joduj6vqzYu3Erwvxmi1nuzl5nQ_RNy8c5O5e2E9GyZJg7MQJRs0UTfIu6pWDPGKtPo6Z7v8V1Rb-c3v7ZZwfvSZJmgpe90XzlisnsLkPTtlXc\/w179-h254\/Masovera%20BN.jpg\" width=\"179\" \/><\/span><\/a><\/p>\n<p><span style=\"font-family: arial\"><strong>Fase de creaci\u00f3n:<\/strong><br \/>*Se dise\u00f1\u00f3 la experiencia pensando en infantes de 3 a 8 a\u00f1os, teniendo en cuenta sus capacidades psicomotrices, sus intereses y los objetivos del curr\u00edculo educativo.<br \/>*Se crearon dibujos para colorear que representan a los gegants y a la bestia Abraxas en versiones caricaturescas, atractivas y accesibles.<br \/>*Se a\u00f1adieron ilustraciones adicionales, como las figuras de la masovera y el Abraxas.<br \/>*Se escanearon las figuras en formato SketchUp, donde se pulieron las texturas y se prepararon para su integraci\u00f3n en la plataforma de realidad aumentada.<br \/>*Se dise\u00f1aron marcadores interactivos (im\u00e1genes para colorear) que act\u00faan como puntos de activaci\u00f3n para la experiencia en Arloopa.<\/span><\/p>\n<p><span style=\"font-family: arial\"><strong>Fase de validaci\u00f3n:<\/strong><br \/>*El prototipo fue validado en una primera fase con estudiantes de P2 de las escuelas Bressol.<br \/>*Se recopilaron observaciones y comentarios de los docentes para ajustar y mejorar la experiencia.<br \/>*Actualmente, el proyecto est\u00e1 en una segunda fase, donde se est\u00e1 evaluando c\u00f3mo las escuelas est\u00e1n integrando este material con sus din\u00e1micas educativas y c\u00f3mo se puede mejorar su implementaci\u00f3n.<\/span><\/p>\n<\/p>\n<p style=\"text-align: left\"><a href=\"https:\/\/blogger.googleusercontent.com\/img\/b\/R29vZ2xl\/AVvXsEjKLuA6fsR6ci1xtsU12vCIpB-NjsGRTxtOrDR7MQFYUXoO0P0Ysv4B_xQ3mm0OvmDS_iu1Tv6rm05NkhZs-vWczr3khD0vLz6JMwHj78hsdGJwTlK-04GaDFIjDS3OEe0N1F41ZZP6cEvHCgCBlDKyTGHl35_3NU_kvHqx_35f86IbsrJxm3ztuap2\/s842\/gallo.jpg\" style=\"clear: right;float: right;margin-bottom: 1em;margin-left: 1em;text-align: right\"><span style=\"font-family: arial\"><img loading=\"lazy\" decoding=\"async\" border=\"0\" data-original-height=\"842\" data-original-width=\"596\" height=\"267\" src=\"https:\/\/blogger.googleusercontent.com\/img\/b\/R29vZ2xl\/AVvXsEjKLuA6fsR6ci1xtsU12vCIpB-NjsGRTxtOrDR7MQFYUXoO0P0Ysv4B_xQ3mm0OvmDS_iu1Tv6rm05NkhZs-vWczr3khD0vLz6JMwHj78hsdGJwTlK-04GaDFIjDS3OEe0N1F41ZZP6cEvHCgCBlDKyTGHl35_3NU_kvHqx_35f86IbsrJxm3ztuap2\/w189-h267\/gallo.jpg\" width=\"189\" \/><\/span><\/a><\/p>\n<p><span style=\"font-family: arial\">\ud83e\uddf0 <strong>Materiales necesarios<\/strong><br \/>*Dibujos para colorear de los gegants y Abraxas (en blanco y negro y a color).<br \/>*Ilustraciones adicionales de otros personajes locales, como la masovera.<br \/>*Archivos escaneados en formato SketchUp.<br \/>*Dispositivo m\u00f3vil o tableta con la aplicaci\u00f3n Arloopa instalada.<br \/>*Colores, l\u00e1pices o rotuladores para colorear.<br \/>*Acceso a internet.<\/span><\/p>\n<p><span style=\"font-family: arial\">\ud83d\uddfa\ufe0f <strong>Instrucciones paso a paso<\/strong><br \/>*Colorea las ilustraciones de los gegants y Abraxas con tus colores favoritos.<br \/>*Abre la aplicaci\u00f3n Arloopa en tu dispositivo m\u00f3vil o tableta.<br \/>*Escanea las ilustraciones utilizando la c\u00e1mara del dispositivo.<br \/>*Observa c\u00f3mo las figuras cobran vida en realidad aumentada directamente en tu pantalla.<br \/>*Interact\u00faa con los personajes y disfruta de la experiencia.<br \/>*Reflexiona sobre lo aprendido: \u00bfqu\u00e9 representan estos personajes en la historia local?<\/span><\/p>\n<p><span style=\"font-family: arial\">\u23f3 <strong>Tiempo estimado<\/strong><br \/>La experiencia tiene una duraci\u00f3n aproximada de 30 minutos, aunque puede adaptarse seg\u00fan el inter\u00e9s y la participaci\u00f3n de cada grupo.<\/span><\/p>\n<\/p>\n<p><span style=\"font-family: arial\">\ud83d\udc65 <strong>N\u00famero de participantes sugerido<\/strong><br \/>La actividad puede realizarse de forma individual o en peque\u00f1os grupos, adapt\u00e1ndose tanto a entornos escolares como dom\u00e9sticos.<\/span><\/p>\n<p><span style=\"font-family: arial\">\u2728 <strong>Reflexiones<\/strong><br \/>El uso de la realidad aumentada en el \u00e1mbito de la educaci\u00f3n patrimonial presenta m\u00faltiples beneficios:<\/span><\/p>\n<p><span style=\"font-family: arial\">*Inclusi\u00f3n y participaci\u00f3n: Permite que ni\u00f1as y ni\u00f1os de diferentes habilidades y or\u00edgenes participen en la experiencia sin barreras f\u00edsicas.<br \/>*Aprendizaje interactivo y experiencial: Facilita un aprendizaje activo y significativo a trav\u00e9s de la interacci\u00f3n directa con los personajes virtuales.<br \/>*Conexi\u00f3n emocional y empoderamiento: Crea un v\u00ednculo emocional con el patrimonio, fomentando el sentido de pertenencia y orgullo cultural.<br \/>*Di\u00e1logo y construcci\u00f3n colectiva del conocimiento: Promueve la colaboraci\u00f3n, el intercambio de ideas y la exploraci\u00f3n conjunta.<br \/>*Acceso a narrativas diversas y multiculturales: Permite abordar diferentes perspectivas hist\u00f3ricas y culturales en una sola experiencia.<br \/>*Impacto social y comunitario: Contribuye a la valoraci\u00f3n, revitalizaci\u00f3n y preservaci\u00f3n del patrimonio local.<\/span><\/p>\n<\/p>\n<p><span style=\"font-family: arial\">\ud83d\udce5 <strong>Descarga del material<\/strong><br \/>*<span style=\"background-color: #fcff01\">Plantillas descargables con las ilustraciones para colorear.<br \/>*Gu\u00eda interactiva para la implementaci\u00f3n de la experiencia en entornos educativos.<br \/>*Enlace al Dep\u00f3sito <\/span>Digital de Documentos de la UAB para acceder a materiales adicionales.<\/span><\/p>\n<p><span style=\"font-family: arial\">\ud83d\udcdd <strong>Cr\u00e9ditos y licencias<\/strong><br \/>*Licencia: Creative Commons &#8211; Distribuci\u00f3n Igual (CC BY-SA).<br \/>*Responsables del proyecto: Paloma Valdivia, Wen Gu, Suren V\u00e1zquez, Esther de Veer y Ver\u00f3nica Valcarce.<\/span><\/p>\n<\/div>\n<div class=\"separator\" style=\"clear: both;text-align: right\">\n<div style=\"text-align: left\"><span style=\"font-family: arial\">Material de aprendizaje:&nbsp;<\/span><\/div>\n<\/div>\n<\/div>\n<\/div>\n<div>\n<div>\n<p><span style=\"font-family: arial\">nPasos para usar y ver la realidad aumentada  n&nbsp;<\/span><\/p>\n<div><span style=\"font-family: arial\">La siguiente presentaci\u00f3n profundiza en la creaci\u00f3n de realidad aumentada, en este caso en Arloopan<\/span><\/p>\n<div><span style=\"font-family: arial\"><br \/><\/span><\/div>\n<p><span style=\"font-family: arial\"><\/span><\/div>\n<div><span style=\"font-family: arial\"><br \/><\/span><\/div>\n<div><span style=\"font-family: arial\">*\u00bfQu\u00e9 es la realidad Aumentada?<\/span><\/div>\n<div><span style=\"font-family: arial\"><br \/><\/span><\/div>\n<\/div>\n<div>\n<div><span style=\"font-family: arial\">AR (Realidad Aumentada) es cuando el contenido generado por computadora se superpone al mundo real, generalmente experimentado a trav\u00e9s de un tel\u00e9fono inteligente, tableta o pantalla montada en la cabeza AR (HMD).&nbsp;<\/span><\/div>\n<div><span style=\"font-family: arial\"><br \/><\/span><\/div>\n<div><span style=\"font-family: arial\">Las experiencias AR dependen de una c\u00e1mara o GPS para activarse.<\/span><\/div>\n<div><span style=\"font-family: arial\"><br \/><\/span><\/div>\n<div><span style=\"font-family: arial\">Estos son algunos t\u00e9rminos que puede ver usados \u200b\u200bpara categorizar diferentes tipos de experiencias AR:<\/span><\/div>\n<div><span style=\"font-family: arial\"><br \/><\/span><\/div>\n<div><span style=\"font-family: arial\">Sin marcadores : los objetos digitales se pueden superponer en cualquier espacio f\u00edsico, por ejemplo, la aplicaci\u00f3n <a href=\"https:\/\/www.dezeen.com\/2020\/11\/06\/blam-history-bites-black-month-app-augmented-reality\/\" target=\"_blank\">BLAM<\/a><\/span><\/div>\n<div><span style=\"font-family: arial\"><br \/><\/span><\/div>\n<div><span style=\"font-family: arial\">Basado en marcadores : el mundo digital est\u00e1 anclado y activado por objetos del mundo real, por ejemplo, <a href=\"https:\/\/www.youtube.com\/watch?v=ry1v2G1WoJo&amp;ab_channel=ArtofLondon\" target=\"_blank\">AOL Augmented Art Gallery.<\/a><\/span><\/div>\n<div><span style=\"font-family: arial\"><br \/><\/span><\/div>\n<div><span style=\"font-family: arial\">Basado en la ubicaci\u00f3n : el mundo digital est\u00e1 anclado a una ubicaci\u00f3n f\u00edsica. La realidad aumentada sin marcadores y basada en marcadores tambi\u00e9n puede basarse en la ubicaci\u00f3n, por ejemplo, <a href=\"https:\/\/youtu.be\/OMv92DpcgfI?t=78\" target=\"_blank\">Story of the Forest<\/a> y <a href=\"https:\/\/pokemongolive.com\/en\/\" target=\"_blank\">Pokemon GO<\/a>.<\/span><\/div>\n<\/div>\n<div><span style=\"font-family: arial\"><br \/><\/span><\/div>\n<div><span style=\"font-family: arial\"><br \/><\/span><\/div>\n<div><span style=\"font-family: arial\">Para saber m\u00e1s:<\/span><\/div>\n<div><span style=\"font-family: arial\"><br \/><\/span><\/div>\n<div><span style=\"font-family: arial\"><a href=\"https:\/\/www.culturehive.co.uk\/digital-heritage-hub\/resource\/engagement\/using-ar-and-vr-to-increase-audience-engagement-participation\/\">https:\/\/www.culturehive.co.uk\/digital-heritage-hub\/resource\/engagement\/using-ar-and-vr-to-increase-audience-engagement-participation\/<\/a>&nbsp;<\/span><\/div>\n<\/div>\n","protected":false},"excerpt":{"rendered":"<p>\ud83d\udda5\ufe0f Realidad aumentada sobre el patrimonio en educaci\u00f3n infantil Esta experiencia de realidad aumentada invita a ni\u00f1as y ni\u00f1os a colorear im\u00e1genes de los gegants (gigantes) y la bestia Abraxas del pueblo. Una vez terminados los dibujos, utilizando un dispositivo con la aplicaci\u00f3n Arloopa, podr\u00e1n presenciar c\u00f3mo estos personajes emblem\u00e1ticos cobran vida en realidad aumentada.&nbsp; [&hellip;]<\/p>\n","protected":false},"author":87,"featured_media":0,"comment_status":"closed","ping_status":"closed","sticky":false,"template":"","format":"standard","meta":{"footnotes":""},"categories":[27,28,18,19,29,46],"tags":[],"class_list":["post-283","post","type-post","status-publish","format-standard","hentry","category-el-dimoni-y-les-pedres","category-ods11","category-patrimonio","category-psip","category-qr","category-recursos"],"_links":{"self":[{"href":"https:\/\/webs.uab.cat\/campus-social-educatiu\/wp-json\/wp\/v2\/posts\/283","targetHints":{"allow":["GET"]}}],"collection":[{"href":"https:\/\/webs.uab.cat\/campus-social-educatiu\/wp-json\/wp\/v2\/posts"}],"about":[{"href":"https:\/\/webs.uab.cat\/campus-social-educatiu\/wp-json\/wp\/v2\/types\/post"}],"author":[{"embeddable":true,"href":"https:\/\/webs.uab.cat\/campus-social-educatiu\/wp-json\/wp\/v2\/users\/87"}],"replies":[{"embeddable":true,"href":"https:\/\/webs.uab.cat\/campus-social-educatiu\/wp-json\/wp\/v2\/comments?post=283"}],"version-history":[{"count":1,"href":"https:\/\/webs.uab.cat\/campus-social-educatiu\/wp-json\/wp\/v2\/posts\/283\/revisions"}],"predecessor-version":[{"id":797,"href":"https:\/\/webs.uab.cat\/campus-social-educatiu\/wp-json\/wp\/v2\/posts\/283\/revisions\/797"}],"wp:attachment":[{"href":"https:\/\/webs.uab.cat\/campus-social-educatiu\/wp-json\/wp\/v2\/media?parent=283"}],"wp:term":[{"taxonomy":"category","embeddable":true,"href":"https:\/\/webs.uab.cat\/campus-social-educatiu\/wp-json\/wp\/v2\/categories?post=283"},{"taxonomy":"post_tag","embeddable":true,"href":"https:\/\/webs.uab.cat\/campus-social-educatiu\/wp-json\/wp\/v2\/tags?post=283"}],"curies":[{"name":"wp","href":"https:\/\/api.w.org\/{rel}","templated":true}]}}