{"id":1001,"date":"2024-07-09T20:48:00","date_gmt":"2024-07-09T18:48:00","guid":{"rendered":"https:\/\/webs.uab.cat\/ccoo\/?p=1001"},"modified":"2024-07-10T07:59:53","modified_gmt":"2024-07-10T05:59:53","slug":"les-noves-estructures","status":"publish","type":"post","link":"https:\/\/webs.uab.cat\/ccoo\/2024\/07\/09\/les-noves-estructures\/","title":{"rendered":"Les noves estructures"},"content":{"rendered":"\n<p>Estem en temps de descompte i no es mou res. La ger\u00e8ncia aprofita que la Junta est\u00e0 adormida i sembla clar que imposar\u00e0 el seu model d\u2019estructures.<\/p>\n\n\n\n<p>El model ara mateix continua tenint tot all\u00f2 que hav\u00edem demanat modificar, i que ens va fer ocupar la Comissi\u00f3 d\u2019Economia al novembre:<\/p>\n\n\n\n<ul class=\"wp-block-list\">\n<li>\u00c9s un model <strong>desigual entre els \u00e0mbits centrals i els territorials<\/strong>. <strong>Tamb\u00e9 dintre dels mateixos \u00e0mbits centrals<\/strong> hi ha desigualtats. La darrera proposta filtrada ha aixecat molta polseguera en molts \u00e0mbits.<\/li>\n<\/ul>\n\n\n\n<ul class=\"wp-block-list\">\n<li>Els <strong>criteris d\u2019aplicaci\u00f3<\/strong> no s\u2019han transparentat i sembla que <strong>no seran iguals a tots els llocs<\/strong>.<\/li>\n<\/ul>\n\n\n\n<ul class=\"wp-block-list\">\n<li><strong>No tenim calendari<\/strong> d\u2019aplicaci\u00f3, ni d\u2019oposicions ni concursos.<\/li>\n<\/ul>\n\n\n\n<ul class=\"wp-block-list\">\n<li>All\u00e0 on es barregen places de personal laboral i funcionari l\u2019equiparaci\u00f3 nom\u00e9s significa una cosa: abaixar el sou al personal laboral. \u00c9s simptom\u00e0tic que nom\u00e9s es parli d\u2019equitat quan es proposa&nbsp;abaixar el sou d\u2019un col\u00b7lectiu. Cada cop que hem demanat equitat i equiparaci\u00f3 aquesta ha estat refusada per la ger\u00e8ncia.<\/li>\n<\/ul>\n\n\n\n<ul class=\"wp-block-list\">\n<li>Respecte als <strong>efectes retroactius<\/strong>, a la darrera reuni\u00f3 es va negar aquesta possibilitat. Tot i el que diu el document al respecte, ara es diu que els efectes seran posteriors a l\u2019aprovaci\u00f3. Mai abans de setembre del 2024 van ser les paraules. Sembla que la ger\u00e8ncia ja s\u2019ha gastat els diners, i est\u00e0 clar que no ha estat en el PTGAS Funcionari.<\/li>\n<\/ul>\n\n\n\n<p>A m\u00e9s a m\u00e9s, queda clar que el pla continua. Es volen estalviar diners abaixant salaris, i sembla clar que els diners estalviats serviran per apujar el sou dels directius (se\u2019ls hi va escapar) i per a PDI.&nbsp;<\/p>\n\n\n\n<p>Nom\u00e9s tenim dues dates, el dimecres 10 la darrera comissi\u00f3 negociadora, i el dimarts 16 la Comissi\u00f3 d\u2019Economia i Organitzaci\u00f3 que ho santificar\u00e0.<\/p>\n\n\n\n<p>El pla de la ger\u00e8ncia \u00e9s ben clar, ho hem anat denunciant fa mesos. La pregunta que ens fem com a treballadores \u00e9s, quin \u00e9s el pla de la Junta?<\/p>\n","protected":false},"excerpt":{"rendered":"<p>Estem en temps de descompte i no es mou res. La ger\u00e8ncia aprofita que la Junta est\u00e0 adormida i sembla clar que imposar\u00e0 el seu model d\u2019estructures. El model ara mateix continua tenint tot all\u00f2 que hav\u00edem demanat modificar, i que ens va fer ocupar la Comissi\u00f3 d\u2019Economia al novembre: A m\u00e9s a m\u00e9s, queda [&hellip;]<\/p>\n","protected":false},"author":1627,"featured_media":1002,"comment_status":"closed","ping_status":"closed","sticky":false,"template":"","format":"standard","meta":{"footnotes":""},"categories":[5],"tags":[],"class_list":["post-1001","post","type-post","status-publish","format-standard","has-post-thumbnail","hentry","category-pas-funcionari"],"_links":{"self":[{"href":"https:\/\/webs.uab.cat\/ccoo\/wp-json\/wp\/v2\/posts\/1001","targetHints":{"allow":["GET"]}}],"collection":[{"href":"https:\/\/webs.uab.cat\/ccoo\/wp-json\/wp\/v2\/posts"}],"about":[{"href":"https:\/\/webs.uab.cat\/ccoo\/wp-json\/wp\/v2\/types\/post"}],"author":[{"embeddable":true,"href":"https:\/\/webs.uab.cat\/ccoo\/wp-json\/wp\/v2\/users\/1627"}],"replies":[{"embeddable":true,"href":"https:\/\/webs.uab.cat\/ccoo\/wp-json\/wp\/v2\/comments?post=1001"}],"version-history":[{"count":3,"href":"https:\/\/webs.uab.cat\/ccoo\/wp-json\/wp\/v2\/posts\/1001\/revisions"}],"predecessor-version":[{"id":1017,"href":"https:\/\/webs.uab.cat\/ccoo\/wp-json\/wp\/v2\/posts\/1001\/revisions\/1017"}],"wp:featuredmedia":[{"embeddable":true,"href":"https:\/\/webs.uab.cat\/ccoo\/wp-json\/wp\/v2\/media\/1002"}],"wp:attachment":[{"href":"https:\/\/webs.uab.cat\/ccoo\/wp-json\/wp\/v2\/media?parent=1001"}],"wp:term":[{"taxonomy":"category","embeddable":true,"href":"https:\/\/webs.uab.cat\/ccoo\/wp-json\/wp\/v2\/categories?post=1001"},{"taxonomy":"post_tag","embeddable":true,"href":"https:\/\/webs.uab.cat\/ccoo\/wp-json\/wp\/v2\/tags?post=1001"}],"curies":[{"name":"wp","href":"https:\/\/api.w.org\/{rel}","templated":true}]}}