{"id":1106,"date":"2024-11-19T20:02:33","date_gmt":"2024-11-19T18:02:33","guid":{"rendered":"https:\/\/webs.uab.cat\/ccoo\/?p=1106"},"modified":"2024-11-19T20:06:13","modified_gmt":"2024-11-19T18:06:13","slug":"reconeixement-dels-accidents-de-treball","status":"publish","type":"post","link":"https:\/\/webs.uab.cat\/ccoo\/2024\/11\/19\/reconeixement-dels-accidents-de-treball\/","title":{"rendered":"Reconeixement dels accidents de treball"},"content":{"rendered":"\n<p class=\"wp-block-paragraph\">La normativa de Seguretat Social defineix\u00a0<em>accident de treball<\/em>\u00a0com\u00a0<strong>\u2018tota lesi\u00f3 que la persona treballadora pateix amb motiu o a conseq\u00fc\u00e8ncia del treball que realitza per compte d\u2019altri\u2019.<\/strong><\/p>\n\n\n\n<figure class=\"wp-block-embed is-type-video is-provider-youtube wp-block-embed-youtube wp-embed-aspect-16-9 wp-has-aspect-ratio\"><div class=\"wp-block-embed__wrapper\">\n<iframe loading=\"lazy\" title=\"Accidents de treball\" width=\"580\" height=\"326\" src=\"https:\/\/www.youtube.com\/embed\/dow7aydhHDI?feature=oembed\" frameborder=\"0\" allow=\"accelerometer; autoplay; clipboard-write; encrypted-media; gyroscope; picture-in-picture; web-share\" referrerpolicy=\"strict-origin-when-cross-origin\" allowfullscreen><\/iframe>\n<\/div><\/figure>\n\n\n\n<h2 class=\"wp-block-heading\">Com es classifiquen?<\/h2>\n\n\n\n<p class=\"wp-block-paragraph\"><strong>Segons les conseq\u00fc\u00e8ncies<\/strong><\/p>\n\n\n\n<ul class=\"wp-block-list\">\n<li><strong>Sense baixa<\/strong>: s\u00f3n aquells que no donen lloc a una baixa m\u00e8dica, per\u00f2 han causat un dany personal.<\/li>\n\n\n\n<li><strong>Amb baixa<\/strong>: s\u00f3n aquells que donen lloc a una baixa m\u00e8dica<\/li>\n<\/ul>\n\n\n\n<p class=\"wp-block-paragraph\"><strong>Segons el lloc on es produeixen<\/strong><\/p>\n\n\n\n<ul class=\"wp-block-list\">\n<li><a href=\"https:\/\/www.ccoo.cat\/wp-content\/uploads\/2023\/09\/prevenir-els-accidents-de-transit-in-itinere.pdf\" target=\"_blank\" rel=\"noreferrer noopener\"><strong>In itinere<\/strong><\/a><strong>:\u00a0<\/strong>en anar al lloc de treball o en tornar-ne, fora de la jornada laboral.<\/li>\n\n\n\n<li><strong>En jornada:\u00a0<\/strong>tenen lloc dins de la jornada de treball. Cal destacar que a la UAB considerem tamb\u00e9 com accidents laborals els de tipus <a href=\"https:\/\/www.uab.cat\/doc\/Riscos_psicosocials\" target=\"_blank\" rel=\"noreferrer noopener\"><strong>psicosocial<\/strong><\/a>.<\/li>\n<\/ul>\n\n\n\n<p class=\"wp-block-paragraph\"><strong>Segons la gravetat (lleus, greus o mortals)<\/strong><\/p>\n\n\n\n<h2 class=\"wp-block-heading\">Com ho gestionem?<\/h2>\n\n\n\n<p class=\"wp-block-paragraph\">A la UAB hem de donar avis dels accidents ocorreguts, per tal que s\u2019investiguin i no es tornin a produir i per tal que la persona accidentada tingui dret al reconeixement de l\u2019accident com a laboral per part de la m\u00fatua de l\u2019empresa.<\/p>\n\n\n\n<p class=\"wp-block-paragraph\">En cas d\u2019accident, ens hem de posar en contacte amb el <a target=\"_blank\" rel=\"noreferrer noopener\" href=\"https:\/\/www.uab.cat\/sas\/\"><strong>Servei Assistencial de Salut<\/strong><\/a> (SAS de la UAB) perqu\u00e8 ens derivi a la M\u00fatua adscrita a la Seguretat Social i l\u2019accident pugui ser reconegut com a laboral, i amb l\u2019\u00c0rea de Prevenci\u00f3 i Assist\u00e8ncia perqu\u00e8 pugui fer-ne la corresponent investigaci\u00f3 i seguiment.<\/p>\n\n\n\n<p class=\"wp-block-paragraph\">El metge del servei de salut (que t\u00e9 contacte amb la m\u00fatua) t\u2019ha de facilitar un volant d\u2019assist\u00e8ncia sanit\u00e0ria per omplir. La M\u00fatua ja es posar\u00e0 en contacte amb la persona treballadora accidentada per fer les gestions i seguiment m\u00e8dic que calgui. Per tal que hi hagi una investigaci\u00f3 i es prenguin mesures preventives per tal d\u2019evitar nous accidents, podem omplir i enviar <a target=\"_blank\" rel=\"noreferrer noopener\" href=\"https:\/\/eformularis.uab.cat\/web\/area_prevencio\/informeaccidents\"><strong>aquest formulari<\/strong><\/a>, a la vegada que contactem amb l\u2019\u00c0rea de Prevenci\u00f3.<\/p>\n\n\n\n<p class=\"wp-block-paragraph\">Si no s\u2019ha produ\u00eft un accident, per\u00f2 &nbsp;considerem que existeixen condicions que el puguin provocar, tamb\u00e9 podem enviar un <a target=\"_blank\" rel=\"noreferrer noopener\" href=\"https:\/\/eformularis.uab.cat\/web\/risc\/eformularis.uab.cat\/web\/risc\/comunicatrisc\"><strong>comunicat de risc<\/strong><\/a>.<\/p>\n\n\n\n<p class=\"wp-block-paragraph\">Si l\u2019accident causa baixa m\u00e8dica, i la m\u00fatua no la reconeix com a accident laboral, s\u2019ha de gestionar amb el teu metge de cap\u00e7alera, que valorar\u00e0 el teu estat i t\u2019orientar\u00e0 en com demanar un canvi de conting\u00e8ncia. Despr\u00e9s haur\u00e0s de fer una reclamaci\u00f3 a trav\u00e9s de <a target=\"_blank\" rel=\"noreferrer noopener\" href=\"https:\/\/www.ovrmatepss.es\/virtual\/\"><strong>l\u2019oficina virtual de reclamacions a m\u00fatues<\/strong><\/a><strong>.<\/strong><\/p>\n\n\n\n<p class=\"wp-block-paragraph\"><a target=\"_blank\" rel=\"noreferrer noopener\" href=\"https:\/\/www.ccoo.cat\/wp-content\/uploads\/2022\/04\/el-reconeixement-de-laccident-de-treball-o-malaltia-professional.pdf\"><strong>Aqu\u00ed et deixem una p\u00edndola informativa on s\u2019explica breument i de forma resumida com actuar<\/strong><\/a>.<\/p>\n\n\n\n<p class=\"wp-block-paragraph\"><\/p>\n","protected":false},"excerpt":{"rendered":"<p>La normativa de Seguretat Social defineix\u00a0accident de treball\u00a0com\u00a0\u2018tota lesi\u00f3 que la persona treballadora pateix amb motiu o a conseq\u00fc\u00e8ncia del treball que realitza per compte d\u2019altri\u2019. Com es classifiquen? Segons les conseq\u00fc\u00e8ncies Segons el lloc on es produeixen Segons la gravetat (lleus, greus o mortals) Com ho gestionem? A la UAB hem de donar avis [&hellip;]<\/p>\n","protected":false},"author":1627,"featured_media":1111,"comment_status":"closed","ping_status":"closed","sticky":false,"template":"","format":"standard","meta":{"footnotes":""},"categories":[8],"tags":[],"class_list":["post-1106","post","type-post","status-publish","format-standard","has-post-thumbnail","hentry","category-salut"],"_links":{"self":[{"href":"https:\/\/webs.uab.cat\/ccoo\/wp-json\/wp\/v2\/posts\/1106","targetHints":{"allow":["GET"]}}],"collection":[{"href":"https:\/\/webs.uab.cat\/ccoo\/wp-json\/wp\/v2\/posts"}],"about":[{"href":"https:\/\/webs.uab.cat\/ccoo\/wp-json\/wp\/v2\/types\/post"}],"author":[{"embeddable":true,"href":"https:\/\/webs.uab.cat\/ccoo\/wp-json\/wp\/v2\/users\/1627"}],"replies":[{"embeddable":true,"href":"https:\/\/webs.uab.cat\/ccoo\/wp-json\/wp\/v2\/comments?post=1106"}],"version-history":[{"count":1,"href":"https:\/\/webs.uab.cat\/ccoo\/wp-json\/wp\/v2\/posts\/1106\/revisions"}],"predecessor-version":[{"id":1108,"href":"https:\/\/webs.uab.cat\/ccoo\/wp-json\/wp\/v2\/posts\/1106\/revisions\/1108"}],"wp:featuredmedia":[{"embeddable":true,"href":"https:\/\/webs.uab.cat\/ccoo\/wp-json\/wp\/v2\/media\/1111"}],"wp:attachment":[{"href":"https:\/\/webs.uab.cat\/ccoo\/wp-json\/wp\/v2\/media?parent=1106"}],"wp:term":[{"taxonomy":"category","embeddable":true,"href":"https:\/\/webs.uab.cat\/ccoo\/wp-json\/wp\/v2\/categories?post=1106"},{"taxonomy":"post_tag","embeddable":true,"href":"https:\/\/webs.uab.cat\/ccoo\/wp-json\/wp\/v2\/tags?post=1106"}],"curies":[{"name":"wp","href":"https:\/\/api.w.org\/{rel}","templated":true}]}}