{"id":1190,"date":"2025-02-11T12:16:40","date_gmt":"2025-02-11T10:16:40","guid":{"rendered":"https:\/\/webs.uab.cat\/ccoo\/?p=1190"},"modified":"2025-02-11T12:16:40","modified_gmt":"2025-02-11T10:16:40","slug":"pagament-en-el-moment-de-la-jubilacio","status":"publish","type":"post","link":"https:\/\/webs.uab.cat\/ccoo\/2025\/02\/11\/pagament-en-el-moment-de-la-jubilacio\/","title":{"rendered":"Pagament en el moment de la jubilaci\u00f3"},"content":{"rendered":"\n<p class=\"wp-block-paragraph\">El passat 23 de gener ens vam tornar a reunir amb ger\u00e8ncia per tractar sobre la nova proposta que ten\u00edem sobre la taula: utilitzar els fons del pagament de jubilaci\u00f3 com a complement de productivitat. La proposta estableix uns imports que rebr\u00edem anualment despr\u00e9s de ser avaluats, i que es diferencien en funci\u00f3 de la categoria i de l\u2019antiguitat<\/p>\n\n\n\n<p class=\"wp-block-paragraph\">La proposta de ger\u00e8ncia te alguns elements positius: no \u00e9s necess\u00e0ria l\u2019aprovaci\u00f3 de la Generalitat, t\u00e9 garanties a nivell legal i obre la via als complements diferenciats en funci\u00f3 de l\u2019antiguitat del\/a funcionari\/a.<\/p>\n\n\n\n<p class=\"wp-block-paragraph\">Per\u00f2 tamb\u00e9 t\u00e9 elements negatius que cal reconduir:<\/p>\n\n\n\n<ul class=\"wp-block-list\">\n<li>Els imports que estableix a cada categoria no es corresponen amb les difer\u00e8ncies de les retribucions de les mateixes categories. I ho fa en detriment de les categories m\u00e9s baixes.<\/li>\n\n\n\n<li>La suma dels imports resultants de la seva aplicaci\u00f3 no s\u2019assemblen ni de lluny als que sortirien d\u2019aplicar l\u2019article 53 del Conveni ni de l\u2019acord que ens va tombar la generalitat sobre carrera professional, ni tan sols els de la proposta quasi id\u00e8ntica que ha presentat la ger\u00e8ncia de la UB.<\/li>\n<\/ul>\n\n\n\n<p class=\"wp-block-paragraph\">CCOO ja va interposar una demanda, que encara no s\u2019ha resolt, per recuperar els complements de productivitat. Portem anys treballant i lluitant per recuperar aquest complement, per tant, el primer que demanem \u00e9s que qualsevol acord de productivitat contempli primer de tot recuperar els complements de productivitat que ens van manllevar amb les retallades.<\/p>\n\n\n\n<p class=\"wp-block-paragraph\">CCOO demana que l\u2019acord:<\/p>\n\n\n\n<ul class=\"wp-block-list\">\n<li>Contempli la recuperaci\u00f3 dels imports de productivitat que ten\u00edem el 2012.<\/li>\n\n\n\n<li>Que es configuri de forma que totes les persones rebin els imports que els corresponen, tant les que estan a punt de jubilar-se, com les que ho faran en 10 anys o en 35.<\/li>\n\n\n\n<li>Ha d\u2019incloure una soluci\u00f3 per a les companyes ja jubilades.<\/li>\n<\/ul>\n\n\n\n<p class=\"wp-block-paragraph\">Per tot aix\u00f2 pensem que cal mobilitzar-se el pr\u00f2xim dia 12 de febrer, coincidint amb la seg\u00fcent reuni\u00f3 negociadora. Que no falti ning\u00fa!<\/p>\n","protected":false},"excerpt":{"rendered":"<p>El passat 23 de gener ens vam tornar a reunir amb ger\u00e8ncia per tractar sobre la nova proposta que ten\u00edem sobre la taula: utilitzar els fons del pagament de jubilaci\u00f3 com a complement de productivitat. La proposta estableix uns imports que rebr\u00edem anualment despr\u00e9s de ser avaluats, i que es diferencien en funci\u00f3 de la [&hellip;]<\/p>\n","protected":false},"author":1627,"featured_media":1058,"comment_status":"closed","ping_status":"closed","sticky":false,"template":"","format":"standard","meta":{"footnotes":""},"categories":[5],"tags":[],"class_list":["post-1190","post","type-post","status-publish","format-standard","has-post-thumbnail","hentry","category-pas-funcionari"],"_links":{"self":[{"href":"https:\/\/webs.uab.cat\/ccoo\/wp-json\/wp\/v2\/posts\/1190","targetHints":{"allow":["GET"]}}],"collection":[{"href":"https:\/\/webs.uab.cat\/ccoo\/wp-json\/wp\/v2\/posts"}],"about":[{"href":"https:\/\/webs.uab.cat\/ccoo\/wp-json\/wp\/v2\/types\/post"}],"author":[{"embeddable":true,"href":"https:\/\/webs.uab.cat\/ccoo\/wp-json\/wp\/v2\/users\/1627"}],"replies":[{"embeddable":true,"href":"https:\/\/webs.uab.cat\/ccoo\/wp-json\/wp\/v2\/comments?post=1190"}],"version-history":[{"count":1,"href":"https:\/\/webs.uab.cat\/ccoo\/wp-json\/wp\/v2\/posts\/1190\/revisions"}],"predecessor-version":[{"id":1191,"href":"https:\/\/webs.uab.cat\/ccoo\/wp-json\/wp\/v2\/posts\/1190\/revisions\/1191"}],"wp:featuredmedia":[{"embeddable":true,"href":"https:\/\/webs.uab.cat\/ccoo\/wp-json\/wp\/v2\/media\/1058"}],"wp:attachment":[{"href":"https:\/\/webs.uab.cat\/ccoo\/wp-json\/wp\/v2\/media?parent=1190"}],"wp:term":[{"taxonomy":"category","embeddable":true,"href":"https:\/\/webs.uab.cat\/ccoo\/wp-json\/wp\/v2\/categories?post=1190"},{"taxonomy":"post_tag","embeddable":true,"href":"https:\/\/webs.uab.cat\/ccoo\/wp-json\/wp\/v2\/tags?post=1190"}],"curies":[{"name":"wp","href":"https:\/\/api.w.org\/{rel}","templated":true}]}}