{"id":1210,"date":"2025-03-06T10:00:34","date_gmt":"2025-03-06T08:00:34","guid":{"rendered":"https:\/\/webs.uab.cat\/ccoo\/?p=1210"},"modified":"2025-07-07T13:01:10","modified_gmt":"2025-07-07T11:01:10","slug":"comunicat-sobre-el-nou-cas-dassetjament-a-la-uab","status":"publish","type":"post","link":"https:\/\/webs.uab.cat\/ccoo\/2025\/03\/06\/comunicat-sobre-el-nou-cas-dassetjament-a-la-uab\/","title":{"rendered":"Comunicat sobre el nou cas d\u2019assetjament a la UAB"},"content":{"rendered":"\n<p class=\"wp-block-paragraph\">Companyes i companys,<\/p>\n\n\n\n<p class=\"wp-block-paragraph\">La not\u00edcia del nou cas d\u2019assetjament sexual a la UAB apareguda als mitjans de comunicaci\u00f3 els darrers dies demana una valoraci\u00f3 p\u00fablica. De nou plou sobre mullat a la nostra instituci\u00f3.<\/p>\n\n\n\n<p class=\"wp-block-paragraph\">El que hem conegut posa de manifest la indefensi\u00f3 de les v\u00edctimes,&nbsp;tot i haver posat denuncies i haver activat els protocols establerts. Aquest \u00e9s el punt que m\u00e9s ens preocupa: amb els casos que vam tenir fa mesos s\u2019hauria d&#8217;haver apr\u00e8s a gestionar-ho.&nbsp;En un comunicat de fa mesos deman\u00e0vem protocols clars, per\u00f2 tamb\u00e9 d\u00e8iem que un protocol no ho resol tot&#8230; i si no es compleixen encara \u00e9s pitjor.<\/p>\n\n\n\n<p class=\"wp-block-paragraph\">El fet que dona una dimensi\u00f3 molt greu al que ha passat, \u00e9s que la instituci\u00f3, que havia investigat i sancionat a una persona per aquests comportaments, a la vegada li fa un nomenament com a membre de l&#8217;Equip de Govern. Sembla que aquests comportaments i actituds no tenen cap conseq\u00fc\u00e8ncia. El missatge cap a les v\u00edctimes \u00e9s demolidor: vivim en un entorn d\u2019impunitat. No hi poden haver excuses en aquest fet.<\/p>\n\n\n\n<p class=\"wp-block-paragraph\">Una altra informaci\u00f3 que ens ha sobtat -i aix\u00f2 tamb\u00e9 \u00e9s alarmant- \u00e9s&nbsp;que el professor sancionat ha continuat formant part, com a delegat de prevenci\u00f3, dels \u00f2rgans on s\u2019investiguen den\u00fancies de casos d&#8217;assetjament i es revisen els protocols. Aquesta situaci\u00f3 q\u00fcestiona de nou tant els protocols establerts com la seva implementaci\u00f3, i el seu control i supervisi\u00f3.<\/p>\n\n\n\n<p class=\"wp-block-paragraph\">Fa temps deman\u00e0vem un entorn propiciador perqu\u00e8 brollin les den\u00fancies, i uns protocols revisables, en millora constant, per afavorir que les v\u00edctimes tinguin protecci\u00f3 i no exposici\u00f3.<\/p>\n\n\n\n<p class=\"wp-block-paragraph\">Ara demanem que d\u2019una vegada per totes alguna persona de l\u2019Equip de Govern assumeixi la seva responsabilitat i solucioni aquestes mancances greus perqu\u00e8 no tornin a passar. Creiem que aquests dies hem fet passos enrere.&nbsp;<\/p>\n\n\n\n<p class=\"wp-block-paragraph\">Secci\u00f3 de CCOO a la UAB<\/p>\n","protected":false},"excerpt":{"rendered":"<p>Companyes i companys, La not\u00edcia del nou cas d\u2019assetjament sexual a la UAB apareguda als mitjans de comunicaci\u00f3 els darrers dies demana una valoraci\u00f3 p\u00fablica. De nou plou sobre mullat a la nostra instituci\u00f3. El que hem conegut posa de manifest la indefensi\u00f3 de les v\u00edctimes,&nbsp;tot i haver posat denuncies i haver activat els protocols [&hellip;]<\/p>\n","protected":false},"author":1627,"featured_media":1213,"comment_status":"closed","ping_status":"closed","sticky":false,"template":"","format":"standard","meta":{"footnotes":""},"categories":[3,7,5,6],"tags":[],"class_list":["post-1210","post","type-post","status-publish","format-standard","has-post-thumbnail","hentry","category-dona-igualtat","category-pdi","category-pas-funcionari","category-pas-laboral"],"_links":{"self":[{"href":"https:\/\/webs.uab.cat\/ccoo\/wp-json\/wp\/v2\/posts\/1210","targetHints":{"allow":["GET"]}}],"collection":[{"href":"https:\/\/webs.uab.cat\/ccoo\/wp-json\/wp\/v2\/posts"}],"about":[{"href":"https:\/\/webs.uab.cat\/ccoo\/wp-json\/wp\/v2\/types\/post"}],"author":[{"embeddable":true,"href":"https:\/\/webs.uab.cat\/ccoo\/wp-json\/wp\/v2\/users\/1627"}],"replies":[{"embeddable":true,"href":"https:\/\/webs.uab.cat\/ccoo\/wp-json\/wp\/v2\/comments?post=1210"}],"version-history":[{"count":1,"href":"https:\/\/webs.uab.cat\/ccoo\/wp-json\/wp\/v2\/posts\/1210\/revisions"}],"predecessor-version":[{"id":1212,"href":"https:\/\/webs.uab.cat\/ccoo\/wp-json\/wp\/v2\/posts\/1210\/revisions\/1212"}],"wp:featuredmedia":[{"embeddable":true,"href":"https:\/\/webs.uab.cat\/ccoo\/wp-json\/wp\/v2\/media\/1213"}],"wp:attachment":[{"href":"https:\/\/webs.uab.cat\/ccoo\/wp-json\/wp\/v2\/media?parent=1210"}],"wp:term":[{"taxonomy":"category","embeddable":true,"href":"https:\/\/webs.uab.cat\/ccoo\/wp-json\/wp\/v2\/categories?post=1210"},{"taxonomy":"post_tag","embeddable":true,"href":"https:\/\/webs.uab.cat\/ccoo\/wp-json\/wp\/v2\/tags?post=1210"}],"curies":[{"name":"wp","href":"https:\/\/api.w.org\/{rel}","templated":true}]}}