{"id":1473,"date":"2025-11-14T11:44:54","date_gmt":"2025-11-14T09:44:54","guid":{"rendered":"https:\/\/webs.uab.cat\/ccoo\/?p=1473"},"modified":"2025-11-14T11:44:54","modified_gmt":"2025-11-14T09:44:54","slug":"per-que-hem-deixat-la-presidencia-de-la-junta","status":"publish","type":"post","link":"https:\/\/webs.uab.cat\/ccoo\/2025\/11\/14\/per-que-hem-deixat-la-presidencia-de-la-junta\/","title":{"rendered":"Per qu\u00e8 hem deixat la presid\u00e8ncia de la Junta?"},"content":{"rendered":"\n<p class=\"wp-block-paragraph\">Des de fa algunes setmanes moltes de vosaltres ens pregunteu pels passadissos que ha passat a la Junta i perqu\u00e8 n\u2019hem deixat la presid\u00e8ncia.&nbsp;<\/p>\n\n\n\n<p class=\"wp-block-paragraph\">Queda clar que cal una explicaci\u00f3 m\u00e9s detallada. El resum \u00e9s clar, hi ha una majoria alternativa a CCOO que <strong>bloquejava les iniciatives del president i prenia en paral\u00b7lel les decisions<\/strong>. Nosaltres acab\u00e0vem donant la cara respecte a coses que no compart\u00edem i o que directament anaven en contra del que pensem. Vam decidir que valia m\u00e9s la pena que qui pren les decisions les expliqui i defensi.\u00a0<\/p>\n\n\n\n<p class=\"wp-block-paragraph\">De qu\u00e8 estem parlant exactament? Us en posem alguns exemples:&nbsp;<\/p>\n\n\n\n<ul class=\"wp-block-list\">\n<li>Respecte a la negociaci\u00f3 de la fase 2 nosaltres vol\u00edem fer una sola assemblea per poder tenir visi\u00f3 de conjunt i no segmentada. I vam apostar per enviar la documentaci\u00f3 al personal amb antelaci\u00f3. La resta de sindicats van decidir el contrari. Ja va passar durant la negociaci\u00f3 de la primera fase de les estructures que es mantenia la negociaci\u00f3 en compartiments estancs i sense enviar documentaci\u00f3 fins que vam poder for\u00e7ar que s\u2019envi\u00e9s.\u00a0<\/li>\n<\/ul>\n\n\n\n<ul class=\"wp-block-list\">\n<li>Vam portar a debat a la Junta un document respecte al model d\u2019oposicions de promoci\u00f3 d\u2019A2 i A1 que s\u2019ha treballat amb moltes de les persones afectades. La resta de seccions van preferir no treballar-lo i de fet posposar la seva elevaci\u00f3 a negociaci\u00f3. Nosaltres vam demanar el punt a la passada negociadora igualment.\u00a0<\/li>\n<\/ul>\n\n\n\n<ul class=\"wp-block-list\">\n<li>Vam exposar que no era convenient mantenir l\u2019assemblea del personal bibliotecari el mateix dia que hi havien convocades vagues i mobilitzacions per Palestina que la mateixa Junta recolzava, i ning\u00fa va contestar.\u00a0<\/li>\n<\/ul>\n\n\n\n<ul class=\"wp-block-list\">\n<li>A les bases de les oposicions de C1 ens hem oposat als canvis introdu\u00efts per ger\u00e8ncia per suposar un pas enrere: obligaci\u00f3 del personal inter\u00ed de presentar-se, introduir la campana de Gauss sense con\u00e8ixer els criteris per aplicar-ho, prova pr\u00e0ctica amb excessives preguntes. La majoria de la Junta ho ha acceptat amb minses concessions.\u00a0<\/li>\n<\/ul>\n\n\n\n<p class=\"wp-block-paragraph\">Hem de dir que al darrer plenari tamb\u00e9 van fer fora al company Ivan Martos, expresident de la Junta, de la tasca de delegat de prevenci\u00f3.&nbsp;<\/p>\n\n\n\n<p class=\"wp-block-paragraph\">Tot i aix\u00f2, continuarem treballant amb rigor i col\u00b7lectivament. Elaborant propostes i treballant sempre per assolir millors condicions per al conjunt del PTGAS Funcionari.<\/p>\n","protected":false},"excerpt":{"rendered":"<p>Des de fa algunes setmanes moltes de vosaltres ens pregunteu pels passadissos que ha passat a la Junta i perqu\u00e8 n\u2019hem deixat la presid\u00e8ncia.&nbsp; Queda clar que cal una explicaci\u00f3 m\u00e9s detallada. El resum \u00e9s clar, hi ha una majoria alternativa a CCOO que bloquejava les iniciatives del president i prenia en paral\u00b7lel les decisions. [&hellip;]<\/p>\n","protected":false},"author":1627,"featured_media":1474,"comment_status":"closed","ping_status":"closed","sticky":false,"template":"","format":"standard","meta":{"footnotes":""},"categories":[5],"tags":[],"class_list":["post-1473","post","type-post","status-publish","format-standard","has-post-thumbnail","hentry","category-pas-funcionari"],"_links":{"self":[{"href":"https:\/\/webs.uab.cat\/ccoo\/wp-json\/wp\/v2\/posts\/1473","targetHints":{"allow":["GET"]}}],"collection":[{"href":"https:\/\/webs.uab.cat\/ccoo\/wp-json\/wp\/v2\/posts"}],"about":[{"href":"https:\/\/webs.uab.cat\/ccoo\/wp-json\/wp\/v2\/types\/post"}],"author":[{"embeddable":true,"href":"https:\/\/webs.uab.cat\/ccoo\/wp-json\/wp\/v2\/users\/1627"}],"replies":[{"embeddable":true,"href":"https:\/\/webs.uab.cat\/ccoo\/wp-json\/wp\/v2\/comments?post=1473"}],"version-history":[{"count":1,"href":"https:\/\/webs.uab.cat\/ccoo\/wp-json\/wp\/v2\/posts\/1473\/revisions"}],"predecessor-version":[{"id":1475,"href":"https:\/\/webs.uab.cat\/ccoo\/wp-json\/wp\/v2\/posts\/1473\/revisions\/1475"}],"wp:featuredmedia":[{"embeddable":true,"href":"https:\/\/webs.uab.cat\/ccoo\/wp-json\/wp\/v2\/media\/1474"}],"wp:attachment":[{"href":"https:\/\/webs.uab.cat\/ccoo\/wp-json\/wp\/v2\/media?parent=1473"}],"wp:term":[{"taxonomy":"category","embeddable":true,"href":"https:\/\/webs.uab.cat\/ccoo\/wp-json\/wp\/v2\/categories?post=1473"},{"taxonomy":"post_tag","embeddable":true,"href":"https:\/\/webs.uab.cat\/ccoo\/wp-json\/wp\/v2\/tags?post=1473"}],"curies":[{"name":"wp","href":"https:\/\/api.w.org\/{rel}","templated":true}]}}