{"id":1551,"date":"2026-02-13T11:19:23","date_gmt":"2026-02-13T09:19:23","guid":{"rendered":"https:\/\/webs.uab.cat\/ccoo\/?p=1551"},"modified":"2026-02-23T11:05:21","modified_gmt":"2026-02-23T09:05:21","slug":"ccoo-denuncia-com-es-fa-laplicacio-del-permis-de-forca-major-a-les-universitats","status":"publish","type":"post","link":"https:\/\/webs.uab.cat\/ccoo\/2026\/02\/13\/ccoo-denuncia-com-es-fa-laplicacio-del-permis-de-forca-major-a-les-universitats\/","title":{"rendered":"CCOO den\u00fancia com es fa l&#8217;aplicaci\u00f3 del perm\u00eds de for\u00e7a major a les universitats"},"content":{"rendered":"\n<p class=\"wp-block-paragraph\">Companyes i companys,<\/p>\n\n\n\n<p class=\"wp-block-paragraph\">Per circumst\u00e0ncies personals que hem pogut patir, hem comprovat els impediments que les ger\u00e8ncies de les universitats ens posen per poder fer servir el perm\u00eds per for\u00e7a major.<\/p>\n\n\n\n<p class=\"wp-block-paragraph\">Per ordenar la manera de donar compliment al gaudi del perm\u00eds de manera uniforme a les set universitats p\u00fabliques, CCOO vam presentar el passat mes de juliol una den\u00fancia davant la Inspecci\u00f3 de Treball, contra l&#8217;obligaci\u00f3 imposada per les Ger\u00e8ncies, de dur a terme un fitxatge presencial al lloc de treball, per acollir-se al perm\u00eds per for\u00e7a major.<\/p>\n\n\n\n<p class=\"wp-block-paragraph\">Finalment, la Inspecci\u00f3 de Treball ha em\u00e8s una resoluci\u00f3 favorable a la den\u00fancia. Teniu <a href=\"https:\/\/www.ccoo.cat\/educacio\/noticies\/universitats-publiques\/aplicacio-del-permis-de-forca-major-a-les-universitats-publiques\/\">tota la informaci\u00f3 a l&#8217;enlla\u00e7<\/a>. <\/p>\n\n\n\n<p class=\"wp-block-paragraph\"><strong>Secci\u00f3 Sindical de CCOO de la UAB i CCOO Universitats<\/strong><\/p>\n\n\n\n<p class=\"wp-block-paragraph\"><\/p>\n","protected":false},"excerpt":{"rendered":"<p>Companyes i companys, Per circumst\u00e0ncies personals que hem pogut patir, hem comprovat els impediments que les ger\u00e8ncies de les universitats ens posen per poder fer servir el perm\u00eds per for\u00e7a major. Per ordenar la manera de donar compliment al gaudi del perm\u00eds de manera uniforme a les set universitats p\u00fabliques, CCOO vam presentar el passat [&hellip;]<\/p>\n","protected":false},"author":1627,"featured_media":1552,"comment_status":"closed","ping_status":"closed","sticky":false,"template":"","format":"standard","meta":{"footnotes":""},"categories":[7,5,6],"tags":[],"class_list":["post-1551","post","type-post","status-publish","format-standard","has-post-thumbnail","hentry","category-pdi","category-pas-funcionari","category-pas-laboral"],"_links":{"self":[{"href":"https:\/\/webs.uab.cat\/ccoo\/wp-json\/wp\/v2\/posts\/1551","targetHints":{"allow":["GET"]}}],"collection":[{"href":"https:\/\/webs.uab.cat\/ccoo\/wp-json\/wp\/v2\/posts"}],"about":[{"href":"https:\/\/webs.uab.cat\/ccoo\/wp-json\/wp\/v2\/types\/post"}],"author":[{"embeddable":true,"href":"https:\/\/webs.uab.cat\/ccoo\/wp-json\/wp\/v2\/users\/1627"}],"replies":[{"embeddable":true,"href":"https:\/\/webs.uab.cat\/ccoo\/wp-json\/wp\/v2\/comments?post=1551"}],"version-history":[{"count":2,"href":"https:\/\/webs.uab.cat\/ccoo\/wp-json\/wp\/v2\/posts\/1551\/revisions"}],"predecessor-version":[{"id":1563,"href":"https:\/\/webs.uab.cat\/ccoo\/wp-json\/wp\/v2\/posts\/1551\/revisions\/1563"}],"wp:featuredmedia":[{"embeddable":true,"href":"https:\/\/webs.uab.cat\/ccoo\/wp-json\/wp\/v2\/media\/1552"}],"wp:attachment":[{"href":"https:\/\/webs.uab.cat\/ccoo\/wp-json\/wp\/v2\/media?parent=1551"}],"wp:term":[{"taxonomy":"category","embeddable":true,"href":"https:\/\/webs.uab.cat\/ccoo\/wp-json\/wp\/v2\/categories?post=1551"},{"taxonomy":"post_tag","embeddable":true,"href":"https:\/\/webs.uab.cat\/ccoo\/wp-json\/wp\/v2\/tags?post=1551"}],"curies":[{"name":"wp","href":"https:\/\/api.w.org\/{rel}","templated":true}]}}