{"id":1568,"date":"2026-03-06T08:43:13","date_gmt":"2026-03-06T06:43:13","guid":{"rendered":"https:\/\/webs.uab.cat\/ccoo\/?p=1568"},"modified":"2026-03-06T08:56:04","modified_gmt":"2026-03-06T06:56:04","slug":"8m-dia-internacional-de-les-dones-treballadores","status":"publish","type":"post","link":"https:\/\/webs.uab.cat\/ccoo\/2026\/03\/06\/8m-dia-internacional-de-les-dones-treballadores\/","title":{"rendered":"8M, Dia internacional de les dones treballadores"},"content":{"rendered":"\n<p class=\"wp-block-paragraph\"><strong>Ni p\u00fabliques ni privades: dones lliures d\u2019opressi\u00f3<\/strong><\/p>\n\n\n\n<p class=\"wp-block-paragraph\">Davant l\u2019embat reaccionari actual, que fa emergir l\u2019ombra d\u2019un retroc\u00e9s de drets, hem de llan\u00e7ar una mirada retrospectiva als or\u00edgens d\u2019aquestes posicions. Saber d\u2019on venim ajuda a no repetir els errors passats i a albirar que el que ara es vesteix de tend\u00e8ncia o tradici\u00f3, i de lliure elecci\u00f3, no \u00e9s m\u00e9s que neoliberalisme i patriarcat.<\/p>\n\n\n\n<p class=\"wp-block-paragraph\">Aquest 8-M partim del marc te\u00f2ric de Carole Pateman i el seu concepte de contracte sexual, que assenyala que el contracte social modern \u2014presentat com a universal i igualitari\u2014 s\u2019ha constru\u00eft hist\u00f2ricament sobre un pacte previ i impl\u00edcit: la subordinaci\u00f3 de les dones i l\u2019atribuci\u00f3&nbsp;dels homes com a subjecte de ple dret a l\u2019esfera p\u00fablica. Aquest contracte, instaurat pel patriarcat, ha distribu\u00eft les dones: una per a cada&nbsp; home i la resta, per a tots. Aix\u00ed, s\u2019organitza la separaci\u00f3 entre dona p\u00fablica i dona privada, i se&nbsp;situen les dones en l\u2019\u00e0mbit dom\u00e8stic i de les cures, se\u2019n condiciona l\u2019acc\u00e9s al poder, a la ciutadania efectiva i a la plena autonomia, i s\u2019estigmatitzen totes aquelles que surten del c\u00e0non establert.<\/p>\n\n\n\n<p class=\"wp-block-paragraph\">Des d\u2019aquesta perspectiva, la desigualtat no \u00e9s un residu del passat, sin\u00f3 un fonament estructural que es reprodueix en institucions, normes socials i relacions laborals: des de la divisi\u00f3 sexual del treball i la precaritzaci\u00f3 dels sectors feminitzats, fins a la persist\u00e8ncia de viol\u00e8ncies i discriminacions que limiten drets i oportunitats. Revisar aquest marc permet dotar-nos d\u2019eines per identificar continu\u00eftats, disputar els relats<br>reaccionaris i refor\u00e7ar l\u2019acci\u00f3 sindical feminista orientada a garantir la igualtat real, l\u2019autonomia i els drets per a les dones, tant en l\u2019esfera p\u00fablica com en la privada.<\/p>\n\n\n\n<p class=\"wp-block-paragraph\">Us esperem el divendres 6 de mar\u00e7, de 9.30 h a 14 h, a la sala d\u2019actes de CCOO de Catalunya<br>(Via Laietana, 16, de Barcelona).<\/p>\n\n\n\n<figure class=\"wp-block-image size-large\"><img loading=\"lazy\" decoding=\"async\" width=\"819\" height=\"1024\" src=\"https:\/\/webs.uab.cat\/ccoo\/wp-content\/uploads\/sites\/315\/2026\/03\/horari-instagram-8m-1638x2048-1-819x1024.png\" alt=\"\" class=\"wp-image-1570\" srcset=\"https:\/\/webs.uab.cat\/ccoo\/wp-content\/uploads\/sites\/315\/2026\/03\/horari-instagram-8m-1638x2048-1-819x1024.png 819w, https:\/\/webs.uab.cat\/ccoo\/wp-content\/uploads\/sites\/315\/2026\/03\/horari-instagram-8m-1638x2048-1-240x300.png 240w, https:\/\/webs.uab.cat\/ccoo\/wp-content\/uploads\/sites\/315\/2026\/03\/horari-instagram-8m-1638x2048-1-768x960.png 768w, https:\/\/webs.uab.cat\/ccoo\/wp-content\/uploads\/sites\/315\/2026\/03\/horari-instagram-8m-1638x2048-1-1229x1536.png 1229w, https:\/\/webs.uab.cat\/ccoo\/wp-content\/uploads\/sites\/315\/2026\/03\/horari-instagram-8m-1638x2048-1-1200x1500.png 1200w, https:\/\/webs.uab.cat\/ccoo\/wp-content\/uploads\/sites\/315\/2026\/03\/horari-instagram-8m-1638x2048-1.png 1638w\" sizes=\"auto, (max-width: 819px) 100vw, 819px\" \/><\/figure>\n\n\n\n<p class=\"wp-block-paragraph\"><strong>T\u2019esperem a la MANIFESTACI\u00d3!<\/strong><\/p>\n\n\n\n<p class=\"wp-block-paragraph\"><strong>Diumenge 8 de mar\u00e7 a les 11.30h.&nbsp;<\/strong><\/p>\n\n\n\n<p class=\"wp-block-paragraph\"><strong>Punt de trobada: Casa Seat (pg. de Gr\u00e0cia\/av. Diagonal)&nbsp;<\/strong><\/p>\n\n\n\n<details class=\"wp-block-details is-layout-flow wp-block-details-is-layout-flow\"><summary><strong>Actes 8 de mar\u00e7 2026<\/strong> <strong>a altres localitats<\/strong><\/summary>\n<p class=\"wp-block-paragraph\"><\/p>\n\n\n\n<figure class=\"wp-block-table\"><table class=\"has-fixed-layout\"><thead><tr><th>Acte<\/th><th>Data<\/th><th>Hora<\/th><th>Lloc<\/th><\/tr><\/thead><tbody><tr><td>Ni p\u00fabliques ni privades: dones lliures d\u2019opressi\u00f3<\/td><td>06\/03\/2026<\/td><td>10 h \u2013 14 h<\/td><td>Via Laietana, 16, Barcelona (seu de CCOO)<\/td><\/tr><tr><td>Liderant el present, canviarem el futur. Una mirada sobre la prevenci\u00f3 de riscos amb perspectiva de g\u00e8nere<\/td><td>04\/03\/2026<\/td><td>10.30 h<\/td><td>Av. Amadeu Torner, 41, baixos, l\u2019Hospitalet de Llobregat (seu de CCOO)<\/td><\/tr><tr><td>M\u00e9s enll\u00e0 de la bretxa: veus contra la discriminaci\u00f3 laboral<\/td><td>04\/03\/2026<\/td><td>17 h<\/td><td>Ctra. d\u2019Esplugues, 68, Cornell\u00e0 de Llobregat (seu de CCOO)<\/td><\/tr><tr><td>M\u00e9s enll\u00e0 de la bretxa: veus contra la discriminaci\u00f3 laboral<\/td><td>11\/03\/2026<\/td><td>17 h<\/td><td>Pl. del Pened\u00e8s, 4, Vilafranca del Pened\u00e8s (seu de CCOO)<\/td><\/tr><tr><td>Dones pont<\/td><td>06\/03\/2026<\/td><td>10 h<\/td><td>C. de Miquel Blay, 1, 6a planta, Girona (seu de CCOO)<\/td><\/tr><tr><td>El trencament del contracte patriarcal (Presentaci\u00f3 llibre d\u2019Antonieta Jarne M\u00f2dol)<\/td><td>06\/03\/2026<\/td><td>10 h \u2013 13 h<\/td><td>C. d\u2019Enric Granados, 3, Lleida (Sala d\u2019actes Manolo Romero Sestayo, seu de CCOO)<\/td><\/tr><tr><td>Concentraci\u00f3 i lectura del manifest<\/td><td>06\/03\/2026<\/td><td>11.30 h<\/td><td>Pl. de Barcelona, Tortosa<\/td><\/tr><tr><td>Projecci\u00f3 del documental&nbsp;<em>Invisibles i explotades i debat posterior<\/em><\/td><td>11\/03\/2026<\/td><td>\u2014<\/td><td>C. de la Ciutadella, 13, 2n, Tortosa (seu de CCOO)<\/td><\/tr><tr><td>XV Escola de G\u00e8nere Neus Catal\u00e0<\/td><td>05\/03\/2026<\/td><td>9 h \u2013 14 h<\/td><td>C. d\u2019Aribau, 5, Rub\u00ed (Biblioteca Mestre Mart\u00ed Tauler)<\/td><\/tr><tr><td>Dues generacions, una mateixa lluita<\/td><td>03\/03\/2026<\/td><td>10 h \u2013 13 h<\/td><td>C. del Rec, 19, Granollers (Can Jonch \u2013 Centre de Cultura per la Pau)<\/td><\/tr><tr><td>Dues generacions, una mateixa lluita<\/td><td>04\/03\/2026<\/td><td>17 h \u2013 19 h<\/td><td>C. de Casta\u00f1os, 120, Matar\u00f3 (seu de CCOO)<\/td><\/tr><tr><td>Dues generacions, una mateixa lluita<\/td><td>05\/03\/2026<\/td><td>10 h \u2013 13 h<\/td><td>Pl. de Llu\u00eds Companys, 3, Vic (seu de CCOO)<\/td><\/tr><tr><td>Els nous reptes de la coeducaci\u00f3<\/td><td>27\/02\/2026<\/td><td>10 h \u2013 13 h<\/td><td>Via Laietana, 16, Barcelona (seu de CCOO)<\/td><\/tr><tr><td>Dones: dels inicis al segle XXI<\/td><td>09\/03\/2026<\/td><td>10 h \u2013 13 h<\/td><td>Via Laietana, 16, planta -1, Barcelona (seu de CCOO)<\/td><\/tr><tr><td>Biaixos de g\u00e8nere a la IA<\/td><td>03\/03\/2026<\/td><td>10 h \u2013 13 h<\/td><td>Via Laietana, 16, Barcelona (seu de CCOO)<\/td><\/tr><tr><td>Joventut davant l\u2019abisme: feminisme, desigualtats i discursos<\/td><td>12\/03\/2026<\/td><td>10 h \u2013 13 h<\/td><td>Via Laietana, 16, Barcelona (seu de CCOO)<\/td><\/tr><tr><td>Visita a l\u2019exposici\u00f3 \u201cRodoreda, un bosc\u201d (CCCB)<\/td><td>05\/03\/2026<\/td><td>12 h<\/td><td>C. de Montalegre, 5, Barcelona<\/td><\/tr><tr><td>Visita a l\u2019exposici\u00f3 \u201cRodoreda, un bosc\u201d (CCCB)<\/td><td>11\/03\/2026<\/td><td>16 h<\/td><td>C. de Montalegre, 5, Barcelona<\/td><\/tr><tr><td>Posa\u2019t les ulleres virtuals per posar-te a la pell de les dones explotades i invisibles<\/td><td>06\/03\/2026<\/td><td>9.15 h \u2013 10 h<\/td><td>Via Laietana, 16, Barcelona (Espai Assemblea, seu de CCOO)<\/td><\/tr><\/tbody><\/table><\/figure>\n\n\n\n<p class=\"wp-block-paragraph\"><\/p>\n<\/details>\n\n\n\n<p class=\"wp-block-paragraph\">MANIFEST 8M<\/p>\n\n\n\n<figure class=\"wp-block-image size-large\"><a href=\"https:\/\/webs.uab.cat\/ccoo\/wp-content\/uploads\/sites\/315\/2026\/03\/manifest_8m_2026.pdf\" target=\"_blank\" rel=\" noreferrer noopener\"><img loading=\"lazy\" decoding=\"async\" width=\"1024\" height=\"719\" src=\"https:\/\/webs.uab.cat\/ccoo\/wp-content\/uploads\/sites\/315\/2026\/03\/manifest-1024x719.jpg\" alt=\"\" class=\"wp-image-1575\" srcset=\"https:\/\/webs.uab.cat\/ccoo\/wp-content\/uploads\/sites\/315\/2026\/03\/manifest-1024x719.jpg 1024w, https:\/\/webs.uab.cat\/ccoo\/wp-content\/uploads\/sites\/315\/2026\/03\/manifest-300x211.jpg 300w, https:\/\/webs.uab.cat\/ccoo\/wp-content\/uploads\/sites\/315\/2026\/03\/manifest-768x539.jpg 768w, https:\/\/webs.uab.cat\/ccoo\/wp-content\/uploads\/sites\/315\/2026\/03\/manifest-1200x843.jpg 1200w, https:\/\/webs.uab.cat\/ccoo\/wp-content\/uploads\/sites\/315\/2026\/03\/manifest.jpg 1314w\" sizes=\"auto, (max-width: 1024px) 100vw, 1024px\" \/><\/a><\/figure>\n","protected":false},"excerpt":{"rendered":"<p>Ni p\u00fabliques ni privades: dones lliures d\u2019opressi\u00f3 Davant l\u2019embat reaccionari actual, que fa emergir l\u2019ombra d\u2019un retroc\u00e9s de drets, hem de llan\u00e7ar una mirada retrospectiva als or\u00edgens d\u2019aquestes posicions. Saber d\u2019on venim ajuda a no repetir els errors passats i a albirar que el que ara es vesteix de tend\u00e8ncia o tradici\u00f3, i de lliure [&hellip;]<\/p>\n","protected":false},"author":1627,"featured_media":1569,"comment_status":"closed","ping_status":"closed","sticky":false,"template":"","format":"standard","meta":{"footnotes":""},"categories":[3,1],"tags":[],"class_list":["post-1568","post","type-post","status-publish","format-standard","has-post-thumbnail","hentry","category-dona-igualtat","category-general"],"_links":{"self":[{"href":"https:\/\/webs.uab.cat\/ccoo\/wp-json\/wp\/v2\/posts\/1568","targetHints":{"allow":["GET"]}}],"collection":[{"href":"https:\/\/webs.uab.cat\/ccoo\/wp-json\/wp\/v2\/posts"}],"about":[{"href":"https:\/\/webs.uab.cat\/ccoo\/wp-json\/wp\/v2\/types\/post"}],"author":[{"embeddable":true,"href":"https:\/\/webs.uab.cat\/ccoo\/wp-json\/wp\/v2\/users\/1627"}],"replies":[{"embeddable":true,"href":"https:\/\/webs.uab.cat\/ccoo\/wp-json\/wp\/v2\/comments?post=1568"}],"version-history":[{"count":3,"href":"https:\/\/webs.uab.cat\/ccoo\/wp-json\/wp\/v2\/posts\/1568\/revisions"}],"predecessor-version":[{"id":1577,"href":"https:\/\/webs.uab.cat\/ccoo\/wp-json\/wp\/v2\/posts\/1568\/revisions\/1577"}],"wp:featuredmedia":[{"embeddable":true,"href":"https:\/\/webs.uab.cat\/ccoo\/wp-json\/wp\/v2\/media\/1569"}],"wp:attachment":[{"href":"https:\/\/webs.uab.cat\/ccoo\/wp-json\/wp\/v2\/media?parent=1568"}],"wp:term":[{"taxonomy":"category","embeddable":true,"href":"https:\/\/webs.uab.cat\/ccoo\/wp-json\/wp\/v2\/categories?post=1568"},{"taxonomy":"post_tag","embeddable":true,"href":"https:\/\/webs.uab.cat\/ccoo\/wp-json\/wp\/v2\/tags?post=1568"}],"curies":[{"name":"wp","href":"https:\/\/api.w.org\/{rel}","templated":true}]}}