{"id":1706,"date":"2026-07-27T07:47:54","date_gmt":"2026-07-27T05:47:54","guid":{"rendered":"https:\/\/webs.uab.cat\/ccoo\/?p=1706"},"modified":"2026-07-30T09:52:41","modified_gmt":"2026-07-30T07:52:41","slug":"resum-mesa-negociadora-pdi-laboral","status":"publish","type":"post","link":"https:\/\/webs.uab.cat\/ccoo\/2026\/07\/27\/resum-mesa-negociadora-pdi-laboral\/","title":{"rendered":"Resum mesa negociadora PDI Laboral"},"content":{"rendered":"\n<h2 class=\"wp-block-heading\"><strong>Increments salarials<\/strong><\/h2>\n\n\n\n<p class=\"wp-block-paragraph\">CCOO va posar sobre la taula la pujada salarial de secund\u00e0ria, que ha suposat que un professor de la ESO\/BX\/FP tingui el 2028 millor retribuci\u00f3 que un professor agregat (3000\u20ac m\u00e9s bruts anuals) i 8000\u20ac m\u00e9s que un professor lector. V\u00e0rem demanar obrir la mesa general amb la resta d\u2019universitats i replantejar les taules retributives de tot el PDL-L i tamb\u00e9 del PDIF.<\/p>\n\n\n\n<h2 class=\"wp-block-heading\"><strong>Reconeixement dels quinquennis i sexennis<\/strong><\/h2>\n\n\n\n<p class=\"wp-block-paragraph\">CCOO va reclamar l&#8217;aplicaci\u00f3 immediata del reconeixement i abonament dels&nbsp;<strong>quinquennis docents i sexennis<\/strong>, i tamb\u00e9 dels complements que corresponen a altres categories recollides al nostre conveni col\u00b7lectiu, despr\u00e9s de la recent sent\u00e8ncia favorable del Tribunal Suprem.<\/p>\n\n\n\n<p class=\"wp-block-paragraph\">Cal recordar que&nbsp;<strong>CCOO va ser l&#8217;\u00fanic sindicat que, l&#8217;any 2024, va interposar la demanda contra les universitats p\u00fabliques catalanes<\/strong>&nbsp;per defensar el dret del professorat a percebre els quinquennis docents.<\/p>\n\n\n\n<h2 class=\"wp-block-heading\"><strong>Millora de la categoria retributiva del professorat associat i substitut<\/strong><\/h2>\n\n\n\n<p class=\"wp-block-paragraph\">La situaci\u00f3 del professorat associat i substitut \u00e9s cada vegada m\u00e9s complicada. Les dificultats per trobar professorat associat i substitut, la flexibilitat que se&#8217;ls exigeix&nbsp;-amb doc\u00e8ncia repartida entre mat\u00ed i tarda per cobrir la jornada que tradicionalment assumia professorat estable-&nbsp;i l&#8217;impacte de la LOSU han agreujat encara m\u00e9s aquesta realitat.<\/p>\n\n\n\n<p class=\"wp-block-paragraph\">La reducci\u00f3 de la dedicaci\u00f3 m\u00e0xima de&nbsp;<strong>18 a 12 cr\u00e8dits<\/strong>&nbsp;del professorat associat ha comportat una&nbsp;<strong>retallada salarial d&#8217;aproximadament un 33%<\/strong>, deixant molts professors associats amb salaris inferiors als&nbsp;<strong>9.000 \u20ac bruts anuals<\/strong>.<\/p>\n\n\n\n<p class=\"wp-block-paragraph\">Per aquest motiu,&nbsp;<strong>CCOO reclama que la UAB comenci a retribuir el professorat associat amb la categoria A4<\/strong>, la m\u00e9s alta prevista al conveni col\u00b7lectiu.<\/p>\n\n\n\n<p class=\"wp-block-paragraph\">\u00c9s cert que l&#8217;any 2016 la UAB va fer un esfor\u00e7 important situant tota la plantilla en categoria&nbsp;<strong>A3<\/strong>, mentre la resta d&#8217;universitats p\u00fabliques catalanes mantenien el professorat associat majorit\u00e0riament en&nbsp;<strong>A1<\/strong>. Tanmateix, la situaci\u00f3 ha canviat. Altres universitats han actualitzat les seves pol\u00edtiques retributives, situant el professorat associat en categories superiors, com ara&nbsp;<strong>A2 a la Universitat de Barcelona<\/strong>&nbsp;o fins i tot&nbsp;<strong>A4 a la Universitat Polit\u00e8cnica de Catalunya<\/strong>.<\/p>\n\n\n\n<p class=\"wp-block-paragraph\">La UAB ha de tornar a ser capdavantera, recon\u00e8ixer la singularitat del seu campus, les dificultats creixents per captar professionals qualificats i garantir unes condicions salarials dignes. L&#8217;aplicaci\u00f3 de la&nbsp;<strong>categoria A4<\/strong>&nbsp;permetria assolir un salari base d&#8217;uns&nbsp;<strong>13.000 \u20ac bruts anuals<\/strong>, una millora imprescindible per dignificar aquesta figura docent.<\/p>\n\n\n\n<h2 class=\"wp-block-heading\"><strong>Indemnitzacions: tota l&#8217;antiguitat ha de comptar<\/strong><\/h2>\n\n\n\n<p class=\"wp-block-paragraph\">CCOO tamb\u00e9 va defensar que, en cas d&#8217;acomiadament per finalitzaci\u00f3 de necessitats docents o per qualsevol altra causa,\u00a0<strong>el c\u00e0lcul de la indemnitzaci\u00f3 s&#8217;ha de fer tenint en compte tota l&#8217;antiguitat real del treballador<\/strong>, des del primer dia de contractaci\u00f3, tal com queda acreditat pels triennis reconeguts.<br>No acceptem que la UAB limiti aquest c\u00f2mput \u00fanicament al per\u00edode posterior a l&#8217;entrada en vigor de la LOSU, el setembre de 2024. Aquesta interpretaci\u00f3 suposa una reducci\u00f3 injustificada d&#8217;un dret econ\u00f2mic que ja \u00e9s molt limitat a causa dels baixos salaris del professorat associat.<\/p>\n\n\n\n<h2 class=\"wp-block-heading\"><strong>CCOO continua defensant els drets del professorat<\/strong><\/h2>\n\n\n\n<p class=\"wp-block-paragraph\">CCOO continuar\u00e0 treballant perqu\u00e8 el professorat associat i la resta del Personal Docent i Investigador disposin d&#8217;unes condicions laborals i retributives justes, dignes i ajustades a la realitat de la feina que desenvolupen cada dia a la UAB.<\/p>\n\n\n\n<p class=\"wp-block-paragraph\"><strong>Continuarem defensant els drets del professorat a totes les meses de negociaci\u00f3 i, quan sigui necessari, tamb\u00e9 davant dels tribunals.<\/strong><\/p>\n","protected":false},"excerpt":{"rendered":"<p>Increments salarials CCOO va posar sobre la taula la pujada salarial de secund\u00e0ria, que ha suposat que un professor de la ESO\/BX\/FP tingui el 2028 millor retribuci\u00f3 que un professor agregat (3000\u20ac m\u00e9s bruts anuals) i 8000\u20ac m\u00e9s que un professor lector. V\u00e0rem demanar obrir la mesa general amb la resta d\u2019universitats i replantejar les [&hellip;]<\/p>\n","protected":false},"author":1627,"featured_media":1707,"comment_status":"closed","ping_status":"closed","sticky":false,"template":"","format":"standard","meta":{"footnotes":""},"categories":[7],"tags":[],"class_list":["post-1706","post","type-post","status-publish","format-standard","has-post-thumbnail","hentry","category-pdi"],"_links":{"self":[{"href":"https:\/\/webs.uab.cat\/ccoo\/wp-json\/wp\/v2\/posts\/1706","targetHints":{"allow":["GET"]}}],"collection":[{"href":"https:\/\/webs.uab.cat\/ccoo\/wp-json\/wp\/v2\/posts"}],"about":[{"href":"https:\/\/webs.uab.cat\/ccoo\/wp-json\/wp\/v2\/types\/post"}],"author":[{"embeddable":true,"href":"https:\/\/webs.uab.cat\/ccoo\/wp-json\/wp\/v2\/users\/1627"}],"replies":[{"embeddable":true,"href":"https:\/\/webs.uab.cat\/ccoo\/wp-json\/wp\/v2\/comments?post=1706"}],"version-history":[{"count":1,"href":"https:\/\/webs.uab.cat\/ccoo\/wp-json\/wp\/v2\/posts\/1706\/revisions"}],"predecessor-version":[{"id":1708,"href":"https:\/\/webs.uab.cat\/ccoo\/wp-json\/wp\/v2\/posts\/1706\/revisions\/1708"}],"wp:featuredmedia":[{"embeddable":true,"href":"https:\/\/webs.uab.cat\/ccoo\/wp-json\/wp\/v2\/media\/1707"}],"wp:attachment":[{"href":"https:\/\/webs.uab.cat\/ccoo\/wp-json\/wp\/v2\/media?parent=1706"}],"wp:term":[{"taxonomy":"category","embeddable":true,"href":"https:\/\/webs.uab.cat\/ccoo\/wp-json\/wp\/v2\/categories?post=1706"},{"taxonomy":"post_tag","embeddable":true,"href":"https:\/\/webs.uab.cat\/ccoo\/wp-json\/wp\/v2\/tags?post=1706"}],"curies":[{"name":"wp","href":"https:\/\/api.w.org\/{rel}","templated":true}]}}