{"id":285,"date":"2021-01-20T18:15:00","date_gmt":"2021-01-20T16:15:00","guid":{"rendered":"https:\/\/blogs.uab.cat\/ccoo\/?p=285"},"modified":"2021-01-20T18:15:00","modified_gmt":"2021-01-20T16:15:00","slug":"consequencies-dels-riscos-laborals","status":"publish","type":"post","link":"https:\/\/webs.uab.cat\/ccoo\/2021\/01\/20\/consequencies-dels-riscos-laborals\/","title":{"rendered":"Conseq\u00fc\u00e8ncies dels Riscos Laborals"},"content":{"rendered":"\n<ul class=\"wp-block-list\"><li>Accidents de Treball.<\/li><li>Malalties Professionals.<\/li><li>Altres Danys per a la Salut (fatiga, estr\u00e8s, insatisfacci\u00f3 laboral, etc.)<\/li><\/ul>\n\n\n\n<p><strong>Accident de treball<\/strong><\/p>\n\n\n\n<p>S\u2019ent\u00e9n per accident de treball aquella lesi\u00f3 corporal que sofreix el treballador o la treballadora per compte d\u2019altri com conseq\u00fc\u00e8ncia&nbsp; del treball que realitza (art. 115 LGSS).<\/p>\n\n\n\n<p>Quins elements s\u00f3n necessaris perqu\u00e8 es produeixi un accident de treball des de el punt de vista legal?<\/p>\n\n\n\n<div class=\"wp-block-image\"><figure class=\"alignleft size-large is-resized\"><img loading=\"lazy\" decoding=\"async\" src=\"https:\/\/webs.uab.cat\/ccoo\/wp-content\/uploads\/sites\/315\/2021\/07\/1.jpg\" alt=\"\" class=\"wp-image-286\" width=\"225\" height=\"209\" title=\"accident\" \/><\/figure><\/div>\n\n\n\n<p>Des del punt de vista de la prevenci\u00f3 de riscos laborals, l\u2019accident de treball \u00e9s \u201ctot succ\u00e9s anormal, no volgut ni desitjat, que trenca la continu\u00eftat del treball de forma sobtada o inesperada i que implica un risc potencial de danys per a les persones i\/o les coses\u201d.<\/p>\n\n\n\n<ul class=\"wp-block-list\"><li>Que el treballador o la treballadora sofreixi una lesi\u00f3 corporal. Entenent per lesi\u00f3 tot dany o detriment corporal causat per una ferida, cop o malaltia. S\u2019assimilen a la lesi\u00f3 corporal les seq\u00fceles o malalties ps\u00edquiques o psicol\u00f2giques.<\/li><li>Que el treballador executi una labor per compte d\u2019altri (els aut\u00f2noms, les empleades de llar, no estan inclosos en la definici\u00f3 legal).<\/li><li>Que l\u2019accident sigui amb motiu o per conseq\u00fc\u00e8ncia del treball, \u00e9s a dir que existeixi una relaci\u00f3 de causalitat directa entre treball i lesi\u00f3. La lesi\u00f3 no constitueix per si sola un accident de treball.<\/li><\/ul>\n\n\n\n<p>Es considera accidents de treball:<\/p>\n\n\n\n<p><strong>Accidents&nbsp;&nbsp;<em>in itinere<\/em><\/strong><\/p>\n\n\n\n<div class=\"wp-block-image\"><figure class=\"alignright size-large\"><img loading=\"lazy\" decoding=\"async\" width=\"300\" height=\"164\" src=\"https:\/\/webs.uab.cat\/ccoo\/wp-content\/uploads\/sites\/315\/2021\/07\/2.jpg\" alt=\"\" class=\"wp-image-287\" title=\"accident in itinere\" \/><\/figure><\/div>\n\n\n\n<p>Els accidents&nbsp;<em>in itinere.&nbsp;<\/em>s\u00f3n elsque pateix el treballador\/a quan va o torna de la feina. No existeix limitaci\u00f3 hor\u00e0ria &nbsp;(Art. 115.2d LGSS), per\u00f2 es requereix que:<\/p>\n\n\n\n<ul class=\"wp-block-list\"><li>Ocorri en el cam\u00ed d\u2019anada o tornada.<\/li><li>No es produeixin interrupcions entre el treball i l\u2019accident.<\/li><li>S\u2019utilitzi l\u2019itinerari habitual.<\/li><\/ul>\n\n\n\n<p>A trav\u00e9s de la jurisprud\u00e8ncia s\u2019ha definit el terme i han quedat clarificats els aspectes seg\u00fcents:<\/p>\n\n\n\n<ul class=\"wp-block-list\"><li><strong>Moment d\u2019iniciaci\u00f3 del cam\u00ed<\/strong>. Si l\u2019accident es produeix dins del domicili del treballador o treballadora,&nbsp; es considera que encara no ha iniciat el cam\u00ed cap al lloc de treball i per tant no estaria considerat accident de treball (AT). Una caiguda per les escales en el cas d\u2019un habitatge unifamiliar tampoc es considera AT; en canvi, en les escales comunit\u00e0ries d\u2019un bloc de pisos si que seria AT, ja que el treballador o treballadora ja ha iniciat el seu cam\u00ed cap al treball<\/li><li><strong>Cam\u00ed recorregut<\/strong>. En aquest sentit es considera el cam\u00ed habitual per acudir o tornar-ne, sense que aix\u00f2 vulgui dir que sigui el cam\u00ed m\u00e9s curt.<\/li><li><strong>Mitj\u00e0 de transport.&nbsp;<\/strong>Es considera qualsevol dels utilitzats habitualment per als despla\u00e7aments,b\u00e9 de car\u00e0cter p\u00fablic o privat, o fins i tot a peu.<\/li><li><strong>Concepte de domicili.&nbsp;<\/strong>No s\u2019exigeix que sigui el domicili del treballador o treballadora. Aix\u00ed pot ser el seu domicili, el d\u2019un familiar, el de la residencia d\u2019estiu, el de cap de setmana, etc.<\/li><li><strong>Interrupci\u00f3 volunt\u00e0ria del trajecte que trenca el nexe causal.&nbsp;<\/strong>El &nbsp;trajecte d\u2019anada o tornada del lloc de treball no ha de ser interromput per una activitat d\u2019inter\u00e8s personal del treballador\/a.<\/li><\/ul>\n\n\n\n<p><strong>Accidents en missi\u00f3<\/strong><\/p>\n\n\n\n<p>Els accidents en missi\u00f3 s\u00f3n els que tenen lloc amb ocasi\u00f3 o per conseq\u00fc\u00e8ncia de tasques que tot i ser diferents de les de la seva categoria professional, executi el treballador en compliment de les ordres de l\u2019empresari o espont\u00e0niament en inter\u00e8s del bon funcionament de l\u2019empresa.<\/p>\n\n\n\n<p><strong>C\u00e0rrecs electius de car\u00e0cter sindical<\/strong><\/p>\n\n\n\n<p>Els accidents de c\u00e0rrecs electius de car\u00e0cter sindica s\u00f3n els que pateixi el treballador o treballadora amb motiu o per &nbsp;conseq\u00fc\u00e8ncia de l\u2019acompliment de c\u00e0rrecs electes de car\u00e0cter sindical aix\u00ed com els que tenen lloc a l\u2019anada o a la tornada del lloc on s\u2019exerceixen les funcions pr\u00f2pies d\u2019aquests c\u00e0rrecs.<\/p>\n\n\n\n<p><strong>Actes de salvament<\/strong><\/p>\n\n\n\n<p>Els accidents en actes de salvament s\u00f3n els que tenen lloc en actes de salvament o de naturalesa an\u00e0loga, quan, uns i altres, tinguin connexi\u00f3 amb el treball. S\u2019inclou el cas d\u2019ordre directa de l\u2019empresari\/\u00e0ria o acte espontani del treballador\/a.<\/p>\n\n\n\n<p><strong>Malalties o defectes anteriors<\/strong><\/p>\n\n\n\n<p>Les malalties o defectes, patits amb anterioritat pel treballador\/a, &nbsp;que es manifesten o s\u2019agreugen com a conseq\u00fc\u00e8ncia de la lesi\u00f3 constitutiva de l\u2019accident. Aquesta consideraci\u00f3 com a accident de treball, inclosa l\u2019article 84&nbsp; apartat&nbsp; f&nbsp; del text ref\u00f3s de la Llei general de la Seguretat Social, representa en la pr\u00e0ctica que, freq\u00fcentment, lesions cong\u00e8nites o degeneratives acabin adquirint la consideraci\u00f3 d\u2019accident de&nbsp; treball quan la regi\u00f3 anat\u00f2mica afectada coincideixi amb la que correspongui a les lesions anteriorment produ\u00efdes.<\/p>\n\n\n\n<p><strong>Malalties intercurrents<\/strong><\/p>\n\n\n\n<p>S\u2019ent\u00e9n per aquestes malalties les que constitueixen complicacions derivades del proc\u00e9s patol\u00f2gic determinat per l\u2019accident mateix o que tinguin el seu origen en afeccions adquirides en el nou mitj\u00e0 en qu\u00e8 s\u2019ha situat el pacient per a la seva curaci\u00f3.<\/p>\n\n\n\n<p>Per qualificar una malaltia com a intercurrent \u00e9s imprescindible que hi hagi una relaci\u00f3 de causalitat immediata entre l\u2019accident de treball inicial i la malaltia derivada del proc\u00e9s patol\u00f2gic iniciat per l\u2019accident.<\/p>\n\n\n\n<p><strong>Malalties<\/strong><strong>&nbsp;comunes<\/strong><\/p>\n\n\n\n<p>Les malalties, no incloses com a malalties professionals, que el treballador pugui contraure amb motiu de la realitzaci\u00f3 del seu treball sempre que es provi que la malaltia es va produir per l\u2019execuci\u00f3 d\u2019aquest treball.<\/p>\n\n\n\n<p><strong>Malaltia professional<\/strong><\/p>\n\n\n\n<div class=\"wp-block-image\"><figure class=\"alignright size-large\"><img loading=\"lazy\" decoding=\"async\" width=\"300\" height=\"300\" src=\"https:\/\/webs.uab.cat\/ccoo\/wp-content\/uploads\/sites\/315\/2021\/07\/3.jpg\" alt=\"\" class=\"wp-image-288\" title=\"malaltia\" srcset=\"https:\/\/webs.uab.cat\/ccoo\/wp-content\/uploads\/sites\/315\/2021\/07\/3.jpg 300w, https:\/\/webs.uab.cat\/ccoo\/wp-content\/uploads\/sites\/315\/2021\/07\/3-150x150.jpg 150w\" sizes=\"auto, (max-width: 300px) 100vw, 300px\" \/><\/figure><\/div>\n\n\n\n<p>L\u2019article 116 del text ref\u00f3s de la Llei General de Seguretat defineix per malaltia professional la contreta a conseq\u00fc\u00e8ncia del treball executat per compte d\u2019ali\u00e8 en les activitats que s\u2019especifiquin al quadre de Malalties Professionals (RD 1299\/2006 quadre de malalties professionals), i que sigui provocada per l\u2019acci\u00f3 dels elements o les subst\u00e0ncies&nbsp;detallades en el quadre per a cada malaltia professional.\u201d<\/p>\n\n\n\n<p>De la definici\u00f3 legal de malalties professionals s\u2019extreu que per a la seva declaraci\u00f3 s\u2019han de donar tres condicions:<\/p>\n\n\n\n<ol class=\"wp-block-list\"><li>Que el treball es faci \u201cper compte ali\u00e8\u201d. Exclou per tant als treballadors aut\u00f2noms. En canvi, s\u2019inclou als treballadors agraris per compte propi.<\/li><li>Que la persona que la pateix desenvolupi la seva activitat en una de les ocupacions tamb\u00e9 assenyalades al quadre de malalties professionals.<\/li><li>Que hi hagi hagut exposici\u00f3 a un dels agents ( substancies o elements) causants previst al quadre de malalties professionals.<\/li><\/ol>\n\n\n\n<p>No obstant aix\u00f2, quan es pugui &nbsp;establir una relaci\u00f3 causal entre l\u2019exposici\u00f3 laboral i una malaltia que no estigui recollida en el quadre de malalties professionals, aquesta malaltia&nbsp;<strong>pot ser legalment reconeguda com a accident de treball<\/strong>&nbsp;(art. 115, punt 2, lletra \u201ci\u201d de la LGSS ), per\u00f2 no tindr\u00e0 la consideraci\u00f3 de malaltia professional.<\/p>\n\n\n\n<p><strong>La definici\u00f3 t\u00e8cnic preventiu de malaltia professional<\/strong><\/p>\n\n\n\n<p>\u00c9s aquella deterioraci\u00f3 lenta i paulatina de la salut del treballador, produ\u00eft per una exposici\u00f3 cr\u00f2nica a situacions adverses, siguin aquestes produ\u00efdes per l\u2019ambient on es desenvolupa el treball o per la forma que estigui aquest organitzat.<\/p>\n","protected":false},"excerpt":{"rendered":"<p>Accidents de Treball. Malalties Professionals. Altres Danys per a la Salut (fatiga, estr\u00e8s, insatisfacci\u00f3 laboral, etc.) Accident de treball S\u2019ent\u00e9n per accident de treball aquella lesi\u00f3 corporal que sofreix el treballador o la treballadora per compte d\u2019altri com conseq\u00fc\u00e8ncia&nbsp; del treball que realitza (art. 115 LGSS). Quins elements s\u00f3n necessaris perqu\u00e8 es produeixi un accident [&hellip;]<\/p>\n","protected":false},"author":1627,"featured_media":0,"comment_status":"closed","ping_status":"open","sticky":false,"template":"","format":"standard","meta":{"footnotes":""},"categories":[8],"tags":[],"class_list":["post-285","post","type-post","status-publish","format-standard","hentry","category-salut"],"_links":{"self":[{"href":"https:\/\/webs.uab.cat\/ccoo\/wp-json\/wp\/v2\/posts\/285","targetHints":{"allow":["GET"]}}],"collection":[{"href":"https:\/\/webs.uab.cat\/ccoo\/wp-json\/wp\/v2\/posts"}],"about":[{"href":"https:\/\/webs.uab.cat\/ccoo\/wp-json\/wp\/v2\/types\/post"}],"author":[{"embeddable":true,"href":"https:\/\/webs.uab.cat\/ccoo\/wp-json\/wp\/v2\/users\/1627"}],"replies":[{"embeddable":true,"href":"https:\/\/webs.uab.cat\/ccoo\/wp-json\/wp\/v2\/comments?post=285"}],"version-history":[{"count":0,"href":"https:\/\/webs.uab.cat\/ccoo\/wp-json\/wp\/v2\/posts\/285\/revisions"}],"wp:attachment":[{"href":"https:\/\/webs.uab.cat\/ccoo\/wp-json\/wp\/v2\/media?parent=285"}],"wp:term":[{"taxonomy":"category","embeddable":true,"href":"https:\/\/webs.uab.cat\/ccoo\/wp-json\/wp\/v2\/categories?post=285"},{"taxonomy":"post_tag","embeddable":true,"href":"https:\/\/webs.uab.cat\/ccoo\/wp-json\/wp\/v2\/tags?post=285"}],"curies":[{"name":"wp","href":"https:\/\/api.w.org\/{rel}","templated":true}]}}