{"id":629,"date":"2022-05-03T09:20:12","date_gmt":"2022-05-03T07:20:12","guid":{"rendered":"https:\/\/blogs.uab.cat\/ccoo\/?p=629"},"modified":"2022-05-03T09:20:12","modified_gmt":"2022-05-03T07:20:12","slug":"proces-destabilitzacio-2022","status":"publish","type":"post","link":"https:\/\/webs.uab.cat\/ccoo\/2022\/05\/03\/proces-destabilitzacio-2022\/","title":{"rendered":"Proc\u00e9s d&#8217;estabilitzaci\u00f3 2022"},"content":{"rendered":"\n<p>Dijous al Consell de Govern es van aprovar dues ofertes p\u00fabliques d\u2019ocupaci\u00f3 que afecten el PAS-F de la UAB:<\/p>\n\n\n\n<p>1) Per un costat s&#8217;ha aprovat l&#8217;oferta p\u00fablica ordin\u00e0ria que inclou un 120% de la taxa de reposici\u00f3 i que t\u00e9 la seg\u00fcent configuraci\u00f3:<\/p>\n\n\n\n<ul class=\"wp-block-list\"><li>34 places C1<\/li><li>5 places A2<\/li><li>2 places A1<\/li><\/ul>\n\n\n\n<p>2) A la mateixa reuni\u00f3 s&#8217;ha aprovat l&#8217;oferta p\u00fablica d&#8217;estabilitzaci\u00f3 que contempla la llei 20\/2021. En aquest cas amb aquesta configuraci\u00f3:<\/p>\n\n\n\n<ul class=\"wp-block-list\"><li>23 places C1<\/li><li>11 places A2<\/li><li>1 pla\u00e7a A1<\/li><\/ul>\n\n\n\n<p><strong>Qu\u00e8 hem aconseguit amb l&#8217;aprovaci\u00f3 de totes dues ofertes p\u00fabliques?<\/strong> Hem pressionat a la ger\u00e8ncia fins que la UAB ha utilitzat tot el marge que dona la llei per tal d&#8217;oferir el m\u00e0xim de places possibles. No era aquesta la primera intenci\u00f3 del gerent. Aix\u00f2 ho hem aconseguit en totes dues ofertes p\u00fabliques.<\/p>\n\n\n\n<p>Alhora hem introdu\u00eft una novetat significativa en les places que han estat considerades per l&#8217;oferta p\u00fablica d&#8217;estabilitzaci\u00f3: Per primer cop, les places de finan\u00e7ament espec\u00edfic han estat incloses i comptabilitzades. Aix\u00f2 ens permet estabilitzar places que havien estat considerades per la ger\u00e8ncia com a places &#8220;externes&#8221;, i, per tant, condemnades a la precarietat indefinida. El concepte de places que poden ser estructurals queda actualitzat i renovat. Ara aquestes places formen part de la plantilla de la UAB i hauran de ser convocades durant l&#8217;any 2022.<\/p>\n\n\n\n<p><strong>Quines s\u00f3n aquestes places?<\/strong> Les places d&#8217;A1 i A2 corresponen a 9 places de gestors de projectes de l&#8217;OPI, 2 a l&#8217;ICTA, i 1 a l&#8217;Oficina de Valoritzaci\u00f3 i Patents. Pel que fa a les places C1 d&#8217;estabilitzaci\u00f3, la ger\u00e8ncia vol decidir finalment on les ubica.<\/p>\n\n\n\n<p><strong>Qu\u00e8 passar\u00e0 a partir d&#8217;ara?<\/strong> Un cop aprovades pel Consell de Govern, ambdues ofertes p\u00fabliques seran publicades al DOGC, i com a m\u00ednim les places de l&#8217;oferta p\u00fablica d&#8217;estabilitzaci\u00f3 <strong>hauran de ser convocades abans del 31 de desembre del 2022<\/strong>.<\/p>\n\n\n\n<p><strong>I ara que volem des de CCOO?<\/strong> Volem que el m\u00e0xim de places siguin convocades per la via del concurs tal com estableix la llei. Alhora tenim molt clar que la norma ens permet tamb\u00e9 obrir noves vies per tal de buscar solucions per aquelles companyes que no han superat els darrers processos d&#8217;oposicions. Ara tenim m\u00e9s eines i des de CCOO aprofitarem al m\u00e0xim aquestes vies per estabilitzar a qui estigui en aquesta situaci\u00f3. Si teniu dubtes us podeu posar en contacte amb nosaltres.<\/p>\n\n\n\n<p>Volem recordar que aquesta llei, com totes les altres que han perm\u00e8s processos d&#8217;estabilitzaci\u00f3 han estat fruit d&#8217;un acord sindical. S&#8217;ha de posar en valor la utilitat de la pressi\u00f3 sindical. Que no us enganyin, no \u00e9s el mateix tenir un lloc de treball consolidat que temporal.<\/p>\n","protected":false},"excerpt":{"rendered":"<p>Dijous al Consell de Govern es van aprovar dues ofertes p\u00fabliques d\u2019ocupaci\u00f3 que afecten el PAS-F de la UAB: 1) Per un costat s&#8217;ha aprovat l&#8217;oferta p\u00fablica ordin\u00e0ria que inclou un 120% de la taxa de reposici\u00f3 i que t\u00e9 la seg\u00fcent configuraci\u00f3: 34 places C1 5 places A2 2 places A1 2) A la [&hellip;]<\/p>\n","protected":false},"author":1627,"featured_media":630,"comment_status":"closed","ping_status":"open","sticky":false,"template":"","format":"standard","meta":{"footnotes":""},"categories":[5],"tags":[],"class_list":["post-629","post","type-post","status-publish","format-standard","has-post-thumbnail","hentry","category-pas-funcionari"],"_links":{"self":[{"href":"https:\/\/webs.uab.cat\/ccoo\/wp-json\/wp\/v2\/posts\/629","targetHints":{"allow":["GET"]}}],"collection":[{"href":"https:\/\/webs.uab.cat\/ccoo\/wp-json\/wp\/v2\/posts"}],"about":[{"href":"https:\/\/webs.uab.cat\/ccoo\/wp-json\/wp\/v2\/types\/post"}],"author":[{"embeddable":true,"href":"https:\/\/webs.uab.cat\/ccoo\/wp-json\/wp\/v2\/users\/1627"}],"replies":[{"embeddable":true,"href":"https:\/\/webs.uab.cat\/ccoo\/wp-json\/wp\/v2\/comments?post=629"}],"version-history":[{"count":0,"href":"https:\/\/webs.uab.cat\/ccoo\/wp-json\/wp\/v2\/posts\/629\/revisions"}],"wp:featuredmedia":[{"embeddable":true,"href":"https:\/\/webs.uab.cat\/ccoo\/wp-json\/wp\/v2\/media\/630"}],"wp:attachment":[{"href":"https:\/\/webs.uab.cat\/ccoo\/wp-json\/wp\/v2\/media?parent=629"}],"wp:term":[{"taxonomy":"category","embeddable":true,"href":"https:\/\/webs.uab.cat\/ccoo\/wp-json\/wp\/v2\/categories?post=629"},{"taxonomy":"post_tag","embeddable":true,"href":"https:\/\/webs.uab.cat\/ccoo\/wp-json\/wp\/v2\/tags?post=629"}],"curies":[{"name":"wp","href":"https:\/\/api.w.org\/{rel}","templated":true}]}}