{"id":666,"date":"2022-09-14T14:11:00","date_gmt":"2022-09-14T12:11:00","guid":{"rendered":"https:\/\/blogs.uab.cat\/ccoo\/?p=666"},"modified":"2022-09-14T14:11:00","modified_gmt":"2022-09-14T12:11:00","slug":"lamentem-la-mort-de-faustino-miguelez-lobo","status":"publish","type":"post","link":"https:\/\/webs.uab.cat\/ccoo\/2022\/09\/14\/lamentem-la-mort-de-faustino-miguelez-lobo\/","title":{"rendered":"Lamentem la mort de Faustino Migu\u00e9lez Lobo"},"content":{"rendered":"\n<p class=\"wp-block-paragraph\">Companys, companyes<\/p>\n\n\n\n<p class=\"wp-block-paragraph\">Us informem de la defunci\u00f3 del nostre company Faustino Migu\u00e9lez Lobo&nbsp;(17\/2\/1942 &#8211; 13\/9\/2022), qui va ser&nbsp;Secretari General de la Federaci\u00f3 d&#8217;Ensenyament de CCOO des de 1979 a 1981 i&nbsp;professor de la UAB. Tamb\u00e9 va ser&nbsp;responsable de Formaci\u00f3 de la CONC i despr\u00e9s es reincorpor\u00e0 a la seva tasca acad\u00e8mica. Ha estat catedr\u00e0tic de Sociologia de la UAB i fundador del QUIT, Centre d\u2019Estudis de la Vida Quotidiana i el Treball i, posteriorment, l\u2019Institut d\u2019Estudis del Treball. Tots dos han estat centres de refer\u00e8ncia en l&#8217;estudi de la condici\u00f3 obrera al nostre pa\u00eds i han enfortit l\u2019an\u00e0lisi i la proposta sociopol\u00edtica del nostre sindicat.<\/p>\n\n\n\n<p class=\"wp-block-paragraph\">Fa quatre anys, amb motiu de la publicaci\u00f3 d\u2019un llibre dels quaranta anys d\u2019hist\u00f2ria de la Federaci\u00f3 d\u2019Educaci\u00f3 de CCOO, ens responia aix\u00f2 en una entrevista:<\/p>\n\n\n\n<p class=\"wp-block-paragraph\">&#8211; \u00abQuins s\u00f3n els reptes sindicals de futur?\u00bb<\/p>\n\n\n\n<p class=\"wp-block-paragraph\">&#8211; S&#8217;ha de fer tamb\u00e9 un sindicalisme per als col\u00b7lectius m\u00e9s febles.<\/p>\n\n\n\n<p class=\"wp-block-paragraph\">Crec que el sindicat ha de treballar m\u00e9s vinculat al territori\u00bb<\/p>\n\n\n\n<p class=\"wp-block-paragraph\">Era autor del llibre \u00abLa lucha de los mineros asturianos bajo el franquismo\u00bb (Libros del Norte) i \u00abSeat, la empresa modelo del r\u00e9gimen\u00bb, aix\u00ed com de nombrosos articles i documents de recerca acad\u00e8mica. Desde CCOO de Catalunya, i en particular des de la Federaci\u00f3 d&#8217;Educaci\u00f3 volem donar el nostre m\u00e9s sentit condol a la seva fam\u00edlia i entorn. <\/p>\n\n\n\n<p class=\"wp-block-paragraph\">Oficina de premsa de CCOO, 14 de setembre de 2022<\/p>\n","protected":false},"excerpt":{"rendered":"<p>Companys, companyes Us informem de la defunci\u00f3 del nostre company Faustino Migu\u00e9lez Lobo&nbsp;(17\/2\/1942 &#8211; 13\/9\/2022), qui va ser&nbsp;Secretari General de la Federaci\u00f3 d&#8217;Ensenyament de CCOO des de 1979 a 1981 i&nbsp;professor de la UAB. Tamb\u00e9 va ser&nbsp;responsable de Formaci\u00f3 de la CONC i despr\u00e9s es reincorpor\u00e0 a la seva tasca acad\u00e8mica. Ha estat catedr\u00e0tic de [&hellip;]<\/p>\n","protected":false},"author":1627,"featured_media":667,"comment_status":"closed","ping_status":"open","sticky":false,"template":"","format":"standard","meta":{"footnotes":""},"categories":[1,7,5,6],"tags":[],"class_list":["post-666","post","type-post","status-publish","format-standard","has-post-thumbnail","hentry","category-general","category-pdi","category-pas-funcionari","category-pas-laboral"],"_links":{"self":[{"href":"https:\/\/webs.uab.cat\/ccoo\/wp-json\/wp\/v2\/posts\/666","targetHints":{"allow":["GET"]}}],"collection":[{"href":"https:\/\/webs.uab.cat\/ccoo\/wp-json\/wp\/v2\/posts"}],"about":[{"href":"https:\/\/webs.uab.cat\/ccoo\/wp-json\/wp\/v2\/types\/post"}],"author":[{"embeddable":true,"href":"https:\/\/webs.uab.cat\/ccoo\/wp-json\/wp\/v2\/users\/1627"}],"replies":[{"embeddable":true,"href":"https:\/\/webs.uab.cat\/ccoo\/wp-json\/wp\/v2\/comments?post=666"}],"version-history":[{"count":0,"href":"https:\/\/webs.uab.cat\/ccoo\/wp-json\/wp\/v2\/posts\/666\/revisions"}],"wp:featuredmedia":[{"embeddable":true,"href":"https:\/\/webs.uab.cat\/ccoo\/wp-json\/wp\/v2\/media\/667"}],"wp:attachment":[{"href":"https:\/\/webs.uab.cat\/ccoo\/wp-json\/wp\/v2\/media?parent=666"}],"wp:term":[{"taxonomy":"category","embeddable":true,"href":"https:\/\/webs.uab.cat\/ccoo\/wp-json\/wp\/v2\/categories?post=666"},{"taxonomy":"post_tag","embeddable":true,"href":"https:\/\/webs.uab.cat\/ccoo\/wp-json\/wp\/v2\/tags?post=666"}],"curies":[{"name":"wp","href":"https:\/\/api.w.org\/{rel}","templated":true}]}}