{"id":676,"date":"2022-12-20T22:45:16","date_gmt":"2022-12-20T20:45:16","guid":{"rendered":"https:\/\/blogs.uab.cat\/ccoo\/?p=676"},"modified":"2022-12-20T22:45:16","modified_gmt":"2022-12-20T20:45:16","slug":"revisio-estructures-territorials-cronica-duna-decepcio-anunciada","status":"publish","type":"post","link":"https:\/\/webs.uab.cat\/ccoo\/2022\/12\/20\/revisio-estructures-territorials-cronica-duna-decepcio-anunciada\/","title":{"rendered":"Revisi\u00f3 estructures territorials, cr\u00f2nica d&#8217;una decepci\u00f3 anunciada"},"content":{"rendered":"\n<p class=\"wp-block-paragraph\">El passat dilluns 19 vam assistir a una reuni\u00f3 que podr\u00edem qualificar d&#8217;esperp\u00e8ntica. En una demostraci\u00f3 de desconeixement de la normativa vigent i de falta de respecte a les treballadores i als seus representants la ger\u00e8ncia es va negar a entregar la documentaci\u00f3 de la proposta per a les estructures territorials.<br><\/p>\n\n\n\n<p class=\"wp-block-paragraph\">La ger\u00e8ncia va arribar a dir que no negociaria amb la Junta les diferents propostes.<br><\/p>\n\n\n\n<p class=\"wp-block-paragraph\">En tot cas volem fer-vos arribar la poca informaci\u00f3 que ens va traslladar:<br><\/p>\n\n\n\n<p class=\"wp-block-paragraph\">Pel que fa a les Gestions Acad\u00e8miques ens van plantejar dos models, en funci\u00f3 de la mida i del nombre de treballadores\/s. En les de 14 a 7 hi hauria la figura de la gestora (A2 24.6) i per sota 3 gestores de nivell 22 (actualment hi ha dos i no tenen cap millora\u00a0econ\u00f2mica). Apareix una nova pla\u00e7a de gesti\u00f3 que caracteritzen com a transversal. Sembla que portaria pr\u00e0ctiques i Intercanvis, o potser m\u00e0sters. A les Gestions Acad\u00e8miques de menys de 7 persones\u00a0es mantindran\u00a0les dues figures de gesti\u00f3 d&#8217;alumnes i de\u00a0programaci\u00f3\u00a0docent. Hi haur\u00e0 un nombre indeterminat de C1 22 i de C1 18. No sabem quina \u00e9s la proposta de ger\u00e8ncia per als espec\u00edfics que existeixen ara mateix en les places de gesti\u00f3 de segon nivell.<br><\/p>\n\n\n\n<p class=\"wp-block-paragraph\">Per sota, un nombre indeterminat de C1 22 i de C1 18. No sabem exactament el criteri per assignar places d&#8217;un o altre nivell. Sembla que, com a les estructures departamentals, el nombre de places C1 22 s&#8217;establir\u00e0 partint que hi haur\u00e0 un m\u00ednim del 50% amb places de nivell. Per\u00f2 no es va exposar cap model que especifiqui si hi haur\u00e0 a cada centre un especialista de pr\u00e0ctiques, mobilitat, m\u00e0sters,&nbsp;etc.&nbsp;o si queda tal com ara.<br><\/p>\n\n\n\n<p class=\"wp-block-paragraph\">Potser el m\u00e9s&nbsp;nou&nbsp;de la proposta \u00e9s un av\u00eds de treure compet\u00e8ncies a les gestions acad\u00e8miques (no sabem si tamb\u00e9 places) exposant una derivaci\u00f3 del front office a altres Serveis de la Facultat. En aquest punt tamb\u00e9 ens falta&nbsp;informaci\u00f3.<br><\/p>\n\n\n\n<p class=\"wp-block-paragraph\">Pel que fa a les Gestions Econ\u00f2miques la proposta parteix d&#8217;un canvi de model organitzatiu. Fa dies que corre pel campus. Se centralitzen a l&#8217;\u00c0rea d&#8217;Economia i Finances les places de Gestores Econ\u00f2miques que passarien a ser places&nbsp;d&#8217;A1&nbsp;23.2. A les Facultats es mantindrien les gestions econ\u00f2miques reconvertint alguna de les places de C1 22 a gesti\u00f3. En aquest cas tamb\u00e9 tindr\u00edem dos models en funci\u00f3 de la mida. De 7 a 6 places i la resta de gestions econ\u00f2miques. En el primer nivell la pla\u00e7a de gesti\u00f3 seria A2 22.2 i hi dependrien 2 C1 22 i la resta serien C1 18. En les m\u00e9s petites la pla\u00e7a&nbsp;d&#8217;A2&nbsp;22.1 no se sap quantes de C1 22 i la resta C1 18.<\/p>\n\n\n\n<p class=\"wp-block-paragraph\">Pel que fa a les Unitats Docents Hospital\u00e0ries hem de tornar a expressar el nostre enuig per l&#8217;incompliment constant de terminis i de compromisos per part de la ger\u00e8ncia. No hi ha model&#8230; Nom\u00e9s ens van dir que el model seria molt semblant al dels Departaments i Instituts. Sense comentaris. Sembla que hi ha un&nbsp;inter\u00e8s&nbsp;preeminent&nbsp;per valorar m\u00e9s unes que altres. <\/p>\n\n\n\n<p class=\"wp-block-paragraph\"><\/p>\n\n\n\n<p class=\"wp-block-paragraph\">Criteris de la ger\u00e8ncia respecte a aquestes propostes? No els tenim clars, es van verbalitzar alguns, per\u00f2 cap clar ni concret. Per tant, caldr\u00e0 esperar a tenir m\u00e9s i millor informaci\u00f3.<br><\/p>\n\n\n\n<p class=\"wp-block-paragraph\">Des de CCOO tenim clar que anem a un proc\u00e9s de negociaci\u00f3 llarg i complex que nom\u00e9s pot sortir b\u00e9 amb la participaci\u00f3 i mobilitzaci\u00f3 del personal. Ja vam deixar clar a la reuni\u00f3 que per nosaltres la negociaci\u00f3 va&nbsp;de la m\u00e0&nbsp;de la negociaci\u00f3 de les \u00c0rees centrals vinculades, AAA i&nbsp;AEiF&nbsp;i que negociarem conjuntament totes les estructures. No s&#8217;ent\u00e9n un model organitzatiu, ni de plantilla, que no estigui connectat i que tingui, almenys, certa coher\u00e8ncia.<br><\/p>\n\n\n\n<p class=\"wp-block-paragraph\">El que tenim clar \u00e9s que aquests models s&#8217;hauran de negociar amb la Junta i amb els representants dels treballadors, PETI QUI PETI.<\/p>\n","protected":false},"excerpt":{"rendered":"<p>El passat dilluns 19 vam assistir a una reuni\u00f3 que podr\u00edem qualificar d&#8217;esperp\u00e8ntica. En una demostraci\u00f3 de desconeixement de la normativa vigent i de falta de respecte a les treballadores i als seus representants la ger\u00e8ncia es va negar a entregar la documentaci\u00f3 de la proposta per a les estructures territorials. La ger\u00e8ncia va arribar [&hellip;]<\/p>\n","protected":false},"author":1627,"featured_media":574,"comment_status":"closed","ping_status":"open","sticky":false,"template":"","format":"standard","meta":{"footnotes":""},"categories":[5],"tags":[],"class_list":["post-676","post","type-post","status-publish","format-standard","has-post-thumbnail","hentry","category-pas-funcionari"],"_links":{"self":[{"href":"https:\/\/webs.uab.cat\/ccoo\/wp-json\/wp\/v2\/posts\/676","targetHints":{"allow":["GET"]}}],"collection":[{"href":"https:\/\/webs.uab.cat\/ccoo\/wp-json\/wp\/v2\/posts"}],"about":[{"href":"https:\/\/webs.uab.cat\/ccoo\/wp-json\/wp\/v2\/types\/post"}],"author":[{"embeddable":true,"href":"https:\/\/webs.uab.cat\/ccoo\/wp-json\/wp\/v2\/users\/1627"}],"replies":[{"embeddable":true,"href":"https:\/\/webs.uab.cat\/ccoo\/wp-json\/wp\/v2\/comments?post=676"}],"version-history":[{"count":0,"href":"https:\/\/webs.uab.cat\/ccoo\/wp-json\/wp\/v2\/posts\/676\/revisions"}],"wp:featuredmedia":[{"embeddable":true,"href":"https:\/\/webs.uab.cat\/ccoo\/wp-json\/wp\/v2\/media\/574"}],"wp:attachment":[{"href":"https:\/\/webs.uab.cat\/ccoo\/wp-json\/wp\/v2\/media?parent=676"}],"wp:term":[{"taxonomy":"category","embeddable":true,"href":"https:\/\/webs.uab.cat\/ccoo\/wp-json\/wp\/v2\/categories?post=676"},{"taxonomy":"post_tag","embeddable":true,"href":"https:\/\/webs.uab.cat\/ccoo\/wp-json\/wp\/v2\/tags?post=676"}],"curies":[{"name":"wp","href":"https:\/\/api.w.org\/{rel}","templated":true}]}}