{"id":678,"date":"2022-12-20T22:49:48","date_gmt":"2022-12-20T20:49:48","guid":{"rendered":"https:\/\/blogs.uab.cat\/ccoo\/?p=678"},"modified":"2022-12-20T22:49:48","modified_gmt":"2022-12-20T20:49:48","slug":"processos-destabilitzacio-a-la-uab","status":"publish","type":"post","link":"https:\/\/webs.uab.cat\/ccoo\/2022\/12\/20\/processos-destabilitzacio-a-la-uab\/","title":{"rendered":"Processos d&#8217;estabilitzaci\u00f3 a la UAB"},"content":{"rendered":"\n<p>Tal com es va informar a l&#8217;assemblea del dia 15 ja s&#8217;ha tancat el proc\u00e9s per acordar les bases que regularan els processos d&#8217;estabilitzaci\u00f3 a la UAB. Durant els propers dies sortir\u00e0 publicades al DOGC les 4 convocat\u00f2ries. Tal com us hem informat amb anterioritat aquests processos vindran regulats per l&#8217;acord que vam signar a la submesa de PAS-F que podeu llegir <a href=\"https:\/\/webs.uab.cat\/ccoo\/wp-content\/uploads\/sites\/315\/2022\/12\/ACORD-CRITERIS-CONVOCATORIES-DESTABILITZACIOe-Llei-20-2021-Submesa-PAS-F-SIGNAT-FINAL.pdf\" data-type=\"URL\" data-id=\"https:\/\/webs.uab.cat\/ccoo\/wp-content\/uploads\/sites\/315\/2022\/12\/ACORD-CRITERIS-CONVOCATORIES-DESTABILITZACIOe-Llei-20-2021-Submesa-PAS-F-SIGNAT-FINAL.pdf\" target=\"_blank\" rel=\"noreferrer noopener\">aqu\u00ed<\/a>.<\/p>\n\n\n\n<p>Amb anterioritat hem explicat que aquest acord ha de servir per resoldre consolidar companyes que continuen sent interines despr\u00e9s de molts anys. Per\u00f2 per CCOO la feina no acaba aqu\u00ed i negociarem una oferta p\u00fablica pel 2023 que permeti donar un salt qualitatiu quant a reducci\u00f3 de la precarietat.\u00a0L&#8217;<a rel=\"noreferrer noopener\" href=\"https:\/\/webs.uab.cat\/ccoo\/wp-content\/uploads\/sites\/315\/2022\/12\/Acuerdo-Marco-para-una-Administracion-del-siglo-XXI.pdf\" data-type=\"URL\" data-id=\"https:\/\/webs.uab.cat\/ccoo\/wp-content\/uploads\/sites\/315\/2022\/12\/Acuerdo-Marco-para-una-Administracion-del-siglo-XXI.pdf\" target=\"_blank\">acord signat amb el govern central<\/a> per CCOO i altres organitzacions ens dona eines per fer-ho possible.<\/p>\n","protected":false},"excerpt":{"rendered":"<p>Tal com es va informar a l&#8217;assemblea del dia 15 ja s&#8217;ha tancat el proc\u00e9s per acordar les bases que regularan els processos d&#8217;estabilitzaci\u00f3 a la UAB. Durant els propers dies sortir\u00e0 publicades al DOGC les 4 convocat\u00f2ries. Tal com us hem informat amb anterioritat aquests processos vindran regulats per l&#8217;acord que vam signar a [&hellip;]<\/p>\n","protected":false},"author":1627,"featured_media":570,"comment_status":"closed","ping_status":"open","sticky":false,"template":"","format":"standard","meta":{"footnotes":""},"categories":[5],"tags":[],"class_list":["post-678","post","type-post","status-publish","format-standard","has-post-thumbnail","hentry","category-pas-funcionari"],"_links":{"self":[{"href":"https:\/\/webs.uab.cat\/ccoo\/wp-json\/wp\/v2\/posts\/678","targetHints":{"allow":["GET"]}}],"collection":[{"href":"https:\/\/webs.uab.cat\/ccoo\/wp-json\/wp\/v2\/posts"}],"about":[{"href":"https:\/\/webs.uab.cat\/ccoo\/wp-json\/wp\/v2\/types\/post"}],"author":[{"embeddable":true,"href":"https:\/\/webs.uab.cat\/ccoo\/wp-json\/wp\/v2\/users\/1627"}],"replies":[{"embeddable":true,"href":"https:\/\/webs.uab.cat\/ccoo\/wp-json\/wp\/v2\/comments?post=678"}],"version-history":[{"count":0,"href":"https:\/\/webs.uab.cat\/ccoo\/wp-json\/wp\/v2\/posts\/678\/revisions"}],"wp:featuredmedia":[{"embeddable":true,"href":"https:\/\/webs.uab.cat\/ccoo\/wp-json\/wp\/v2\/media\/570"}],"wp:attachment":[{"href":"https:\/\/webs.uab.cat\/ccoo\/wp-json\/wp\/v2\/media?parent=678"}],"wp:term":[{"taxonomy":"category","embeddable":true,"href":"https:\/\/webs.uab.cat\/ccoo\/wp-json\/wp\/v2\/categories?post=678"},{"taxonomy":"post_tag","embeddable":true,"href":"https:\/\/webs.uab.cat\/ccoo\/wp-json\/wp\/v2\/tags?post=678"}],"curies":[{"name":"wp","href":"https:\/\/api.w.org\/{rel}","templated":true}]}}