{"id":757,"date":"2023-03-20T10:49:00","date_gmt":"2023-03-20T08:49:00","guid":{"rendered":"https:\/\/webs.uab.cat\/ccoo\/?p=757"},"modified":"2023-03-20T20:58:04","modified_gmt":"2023-03-20T18:58:04","slug":"acte-8m","status":"publish","type":"post","link":"https:\/\/webs.uab.cat\/ccoo\/2023\/03\/20\/acte-8m\/","title":{"rendered":"Acte 8M"},"content":{"rendered":"\n<p>En el marc de la celebraci\u00f3 del dia de la dona treballadora, el dia 15 de mar\u00e7, CCOO va realitzar la Taula Rodona <em>Dona, lideratge i sindicalisme als anys 80. Passat, present i futur del feminisme<\/em>, de la m\u00e0 de la nostra companya Ana S\u00e1nchez (dirigent hist\u00f2rica de CCOO a Catalunya).<\/p>\n\n\n\n<p>La nostra intenci\u00f3 era con\u00e8ixer de primera m\u00e0 l&#8217;experi\u00e8ncia vital d&#8217;una dona que ha ocupat c\u00e0rrecs importants de direcci\u00f3 dins del nostre sindicat, en moment hist\u00f2ric en qu\u00e8 la lluita feminista era encara minorit\u00e0ria i menyspreada a la societat i tamb\u00e9 dins del nostre sindicat.<\/p>\n\n\n\n<p>L&#8217;acte es va desenvolupar de forma molt entranyable i distesa, per\u00f2 sense perdre de vista el nostre objectiu: ser conscients del que han passat les nostres companyes perqu\u00e8 ara ens puguem trobar on ens trobem. Tot i que som conscients de les mancances que encara se sostenen a la nostra societat. Podem afirmar que dins de CCOO s\u00ed que hem avan\u00e7at, sobretot respecte a la pres\u00e8ncia de les dones als equips dirigents i en la possibilitat d&#8217;obrir debats en aquest sentit sentint-nos c\u00f2modes i reconegudes.<\/p>\n\n\n\n<p>D&#8217;altra banda, a la narrativa explicada per la nostra companya veiem com encara ara hi ha temes que continuen oberts malgrat els anys que han passat. Es continua menysvalorant el treball tradicionalment femen\u00ed (sou m\u00e9s baixos, pitjors condicions laborals\u2026) o que tot que hi ha m\u00e9s dones que han entrat a les direccions de sindicats i partits, moltes d&#8217;elles han hagut de renunciar a construir una fam\u00edlia per poder fer-ho.<\/p>\n\n\n\n<p>En conclusi\u00f3, la taula rodona va ser fruct\u00edfera en intercanvi d&#8217;idees i perspectives, per\u00f2 sobretot ens vam sentir profundament agra\u00efts per tenir l&#8217;oportunitat de parlar amb l&#8217;Ana S\u00e1nchez, companya valenta que es va atrevir a ser capdavantera dins del sindicat en un moment en qu\u00e8 les dones eren pr\u00e0cticament invisibles o inexistents en les direccions de partits i sindicats. Gr\u00e0cies a dones com ella, nosaltres podem avan\u00e7ar m\u00e9s acompanyades del que ho van fer elles i amb m\u00e9s fermesa per les fites aconseguides amb els anys. <\/p>\n\n\n\n<p>Gr\u00e0cies Ana!!<\/p>\n","protected":false},"excerpt":{"rendered":"<p>En el marc de la celebraci\u00f3 del dia de la dona treballadora, el dia 15 de mar\u00e7, CCOO va realitzar la Taula Rodona Dona, lideratge i sindicalisme als anys 80. Passat, present i futur del feminisme, de la m\u00e0 de la nostra companya Ana S\u00e1nchez (dirigent hist\u00f2rica de CCOO a Catalunya). La nostra intenci\u00f3 era [&hellip;]<\/p>\n","protected":false},"author":1627,"featured_media":758,"comment_status":"closed","ping_status":"closed","sticky":false,"template":"","format":"standard","meta":{"footnotes":""},"categories":[5],"tags":[],"class_list":["post-757","post","type-post","status-publish","format-standard","has-post-thumbnail","hentry","category-pas-funcionari"],"_links":{"self":[{"href":"https:\/\/webs.uab.cat\/ccoo\/wp-json\/wp\/v2\/posts\/757","targetHints":{"allow":["GET"]}}],"collection":[{"href":"https:\/\/webs.uab.cat\/ccoo\/wp-json\/wp\/v2\/posts"}],"about":[{"href":"https:\/\/webs.uab.cat\/ccoo\/wp-json\/wp\/v2\/types\/post"}],"author":[{"embeddable":true,"href":"https:\/\/webs.uab.cat\/ccoo\/wp-json\/wp\/v2\/users\/1627"}],"replies":[{"embeddable":true,"href":"https:\/\/webs.uab.cat\/ccoo\/wp-json\/wp\/v2\/comments?post=757"}],"version-history":[{"count":1,"href":"https:\/\/webs.uab.cat\/ccoo\/wp-json\/wp\/v2\/posts\/757\/revisions"}],"predecessor-version":[{"id":759,"href":"https:\/\/webs.uab.cat\/ccoo\/wp-json\/wp\/v2\/posts\/757\/revisions\/759"}],"wp:featuredmedia":[{"embeddable":true,"href":"https:\/\/webs.uab.cat\/ccoo\/wp-json\/wp\/v2\/media\/758"}],"wp:attachment":[{"href":"https:\/\/webs.uab.cat\/ccoo\/wp-json\/wp\/v2\/media?parent=757"}],"wp:term":[{"taxonomy":"category","embeddable":true,"href":"https:\/\/webs.uab.cat\/ccoo\/wp-json\/wp\/v2\/categories?post=757"},{"taxonomy":"post_tag","embeddable":true,"href":"https:\/\/webs.uab.cat\/ccoo\/wp-json\/wp\/v2\/tags?post=757"}],"curies":[{"name":"wp","href":"https:\/\/api.w.org\/{rel}","templated":true}]}}