{"id":770,"date":"2023-03-20T13:15:00","date_gmt":"2023-03-20T11:15:00","guid":{"rendered":"https:\/\/webs.uab.cat\/ccoo\/?p=770"},"modified":"2023-03-20T21:20:59","modified_gmt":"2023-03-20T19:20:59","slug":"oferta-publica-2023-i-properes-oposicions","status":"publish","type":"post","link":"https:\/\/webs.uab.cat\/ccoo\/2023\/03\/20\/oferta-publica-2023-i-properes-oposicions\/","title":{"rendered":"Oferta p\u00fablica 2023 i properes oposicions"},"content":{"rendered":"\n<p class=\"wp-block-paragraph\">A la comissi\u00f3 negociadora que tindrem avui, la ger\u00e8ncia ens fa una proposta d&#8217;oferta p\u00fablica per al 2023 de 29 places d&#8217;acc\u00e9s a l&#8217;escala administrativa i de 6 per l&#8217;escala de gesti\u00f3. Des de CCOO pensem que aquesta proposta es queda curta. La <a rel=\"noreferrer noopener\" href=\"https:\/\/www.boe.es\/diario_boe\/txt.php?id=BOE-A-2022-2212\" target=\"_blank\">llei de pressupostos de l\u2019Estat<\/a>, habilita les administracions p\u00fabliques a fer dues coses que sembla que la UAB no vol fer. O no sap que pot fer&#8230;<\/p>\n\n\n\n<p class=\"wp-block-paragraph\">Per un costat\u00a0 autoritza la realitzaci\u00f3 d&#8217;una taxa de reposici\u00f3 espec\u00edfica en el marc de l&#8217;acord sindical per la reducci\u00f3 de la precarietat i aix\u00ed permet establir una taxa que assoleixi l&#8217;objectiu de reduir la temporalitat al 8% de les places estructurals. La ger\u00e8ncia no ens ha presentat ni les dades al respecte.<\/p>\n\n\n\n<p class=\"wp-block-paragraph\">En la mateixa l\u00ednia la norma permet comptabilitzar les places de les desvinculacions produ\u00efdes fins a l&#8217;aprovaci\u00f3 d&#8217;aquesta. Tampoc consta.<\/p>\n\n\n\n<p class=\"wp-block-paragraph\">Sembla que per aquesta ger\u00e8ncia la lluita contra la precarietat no \u00e9s una prioritat. Per CCOO s\u00ed que ho \u00e9s i posarem tots aquests elements damunt la taula. Aix\u00ed mateix, proposarem que durant aquest 2023 es facin oposicions d&#8217;acc\u00e9s ofertant totes les places disponibles. Recordem que queden pendents de convocar les ofertes p\u00fabliques del 2021 i del 2022. 60 places de l&#8217;escala administrativa i 5 de l&#8217;escala de gesti\u00f3.<\/p>\n","protected":false},"excerpt":{"rendered":"<p>A la comissi\u00f3 negociadora que tindrem avui, la ger\u00e8ncia ens fa una proposta d&#8217;oferta p\u00fablica per al 2023 de 29 places d&#8217;acc\u00e9s a l&#8217;escala administrativa i de 6 per l&#8217;escala de gesti\u00f3. Des de CCOO pensem que aquesta proposta es queda curta. La llei de pressupostos de l\u2019Estat, habilita les administracions p\u00fabliques a fer dues [&hellip;]<\/p>\n","protected":false},"author":1627,"featured_media":771,"comment_status":"closed","ping_status":"closed","sticky":false,"template":"","format":"standard","meta":{"footnotes":""},"categories":[5],"tags":[],"class_list":["post-770","post","type-post","status-publish","format-standard","has-post-thumbnail","hentry","category-pas-funcionari"],"_links":{"self":[{"href":"https:\/\/webs.uab.cat\/ccoo\/wp-json\/wp\/v2\/posts\/770","targetHints":{"allow":["GET"]}}],"collection":[{"href":"https:\/\/webs.uab.cat\/ccoo\/wp-json\/wp\/v2\/posts"}],"about":[{"href":"https:\/\/webs.uab.cat\/ccoo\/wp-json\/wp\/v2\/types\/post"}],"author":[{"embeddable":true,"href":"https:\/\/webs.uab.cat\/ccoo\/wp-json\/wp\/v2\/users\/1627"}],"replies":[{"embeddable":true,"href":"https:\/\/webs.uab.cat\/ccoo\/wp-json\/wp\/v2\/comments?post=770"}],"version-history":[{"count":1,"href":"https:\/\/webs.uab.cat\/ccoo\/wp-json\/wp\/v2\/posts\/770\/revisions"}],"predecessor-version":[{"id":772,"href":"https:\/\/webs.uab.cat\/ccoo\/wp-json\/wp\/v2\/posts\/770\/revisions\/772"}],"wp:featuredmedia":[{"embeddable":true,"href":"https:\/\/webs.uab.cat\/ccoo\/wp-json\/wp\/v2\/media\/771"}],"wp:attachment":[{"href":"https:\/\/webs.uab.cat\/ccoo\/wp-json\/wp\/v2\/media?parent=770"}],"wp:term":[{"taxonomy":"category","embeddable":true,"href":"https:\/\/webs.uab.cat\/ccoo\/wp-json\/wp\/v2\/categories?post=770"},{"taxonomy":"post_tag","embeddable":true,"href":"https:\/\/webs.uab.cat\/ccoo\/wp-json\/wp\/v2\/tags?post=770"}],"curies":[{"name":"wp","href":"https:\/\/api.w.org\/{rel}","templated":true}]}}