{"id":780,"date":"2023-05-29T11:58:25","date_gmt":"2023-05-29T09:58:25","guid":{"rendered":"https:\/\/webs.uab.cat\/ccoo\/?p=780"},"modified":"2023-05-30T09:47:04","modified_gmt":"2023-05-30T07:47:04","slug":"presentem-la-primera-demanda-per-aconseguir-que-el-personal-interi-cobri-per-la-placa-que-ocupa","status":"publish","type":"post","link":"https:\/\/webs.uab.cat\/ccoo\/2023\/05\/29\/presentem-la-primera-demanda-per-aconseguir-que-el-personal-interi-cobri-per-la-placa-que-ocupa\/","title":{"rendered":"Presentem la primera demanda per aconseguir que el personal inter\u00ed cobri per la pla\u00e7a que ocupa"},"content":{"rendered":"\n<p class=\"wp-block-paragraph\">Com us vam informar fa m\u00e9s de dos mesos la secci\u00f3 sindical de CCOO va presentar una inst\u00e0ncia sol\u00b7licitant que tot el personal inter\u00ed cobr\u00e9s segons la pla\u00e7a que ocupa. En concret, deman\u00e0vem que al personal de l&#8217;escala administrativa se&#8217;l reconegu\u00e9s com a m\u00ednim com a C1 18 i el personal de l&#8217;escala de biblioteques com a A2 22 i que s&#8217;abonessin els endarreriments.<br><\/p>\n\n\n\n<p class=\"wp-block-paragraph\">Hem de dir que han passat m\u00e9s de dos mesos i mig i no hem tingut cap resposta. Volem denunciar p\u00fablicament que comen\u00e7a a ser costum que la ger\u00e8ncia ni tan sols dona resposta a les peticions formals.<br><\/p>\n\n\n\n<p class=\"wp-block-paragraph\">Per\u00f2 el seu silenci no ens detura i ja hem presentat la primera demanda al contenci\u00f3s. Com sabeu per al personal funcionari i inter\u00ed no existeix la via judicial col\u00b7lectiva. Per\u00f2 aix\u00f2 no vol dir que no puguem fer una defensa i una lluita col\u00b7lectiva dels nostres drets. I&nbsp;aquesta lluita&nbsp;l&#8217;estem fent amb una estrat\u00e8gia jur\u00eddica i sindical.<br>Us mantindrem informades de com avan\u00e7a.<\/p>\n","protected":false},"excerpt":{"rendered":"<p>Com us vam informar fa m\u00e9s de dos mesos la secci\u00f3 sindical de CCOO va presentar una inst\u00e0ncia sol\u00b7licitant que tot el personal inter\u00ed cobr\u00e9s segons la pla\u00e7a que ocupa. En concret, deman\u00e0vem que al personal de l&#8217;escala administrativa se&#8217;l reconegu\u00e9s com a m\u00ednim com a C1 18 i el personal de l&#8217;escala de biblioteques [&hellip;]<\/p>\n","protected":false},"author":1627,"featured_media":788,"comment_status":"closed","ping_status":"closed","sticky":false,"template":"","format":"standard","meta":{"footnotes":""},"categories":[5],"tags":[],"class_list":["post-780","post","type-post","status-publish","format-standard","has-post-thumbnail","hentry","category-pas-funcionari"],"_links":{"self":[{"href":"https:\/\/webs.uab.cat\/ccoo\/wp-json\/wp\/v2\/posts\/780","targetHints":{"allow":["GET"]}}],"collection":[{"href":"https:\/\/webs.uab.cat\/ccoo\/wp-json\/wp\/v2\/posts"}],"about":[{"href":"https:\/\/webs.uab.cat\/ccoo\/wp-json\/wp\/v2\/types\/post"}],"author":[{"embeddable":true,"href":"https:\/\/webs.uab.cat\/ccoo\/wp-json\/wp\/v2\/users\/1627"}],"replies":[{"embeddable":true,"href":"https:\/\/webs.uab.cat\/ccoo\/wp-json\/wp\/v2\/comments?post=780"}],"version-history":[{"count":2,"href":"https:\/\/webs.uab.cat\/ccoo\/wp-json\/wp\/v2\/posts\/780\/revisions"}],"predecessor-version":[{"id":789,"href":"https:\/\/webs.uab.cat\/ccoo\/wp-json\/wp\/v2\/posts\/780\/revisions\/789"}],"wp:featuredmedia":[{"embeddable":true,"href":"https:\/\/webs.uab.cat\/ccoo\/wp-json\/wp\/v2\/media\/788"}],"wp:attachment":[{"href":"https:\/\/webs.uab.cat\/ccoo\/wp-json\/wp\/v2\/media?parent=780"}],"wp:term":[{"taxonomy":"category","embeddable":true,"href":"https:\/\/webs.uab.cat\/ccoo\/wp-json\/wp\/v2\/categories?post=780"},{"taxonomy":"post_tag","embeddable":true,"href":"https:\/\/webs.uab.cat\/ccoo\/wp-json\/wp\/v2\/tags?post=780"}],"curies":[{"name":"wp","href":"https:\/\/api.w.org\/{rel}","templated":true}]}}