{"id":794,"date":"2023-05-30T10:07:23","date_gmt":"2023-05-30T08:07:23","guid":{"rendered":"https:\/\/webs.uab.cat\/ccoo\/?p=794"},"modified":"2023-05-30T10:24:28","modified_gmt":"2023-05-30T08:24:28","slug":"aplicacio-de-la-losu-a-la-uab-el-temps-ens-constreny","status":"publish","type":"post","link":"https:\/\/webs.uab.cat\/ccoo\/2023\/05\/30\/aplicacio-de-la-losu-a-la-uab-el-temps-ens-constreny\/","title":{"rendered":"Aplicaci\u00f3 de la LOSU a la UAB: el temps ens constreny"},"content":{"rendered":"\n<p class=\"wp-block-paragraph\">Fa poques setmanes es va aprovar la Llei Org\u00e0nica 2\/2023 del Sistema Universitari (LOSU). Aquesta llei t\u00e9 molts aspectes que posen sobre la taula la necessitat d&#8217;emprendre canvis importants a totes les universitats, particularment a les Universitats P\u00fabliques com la nostra.<\/p>\n\n\n\n<p class=\"wp-block-paragraph\">Sens dubte, un dels temes m\u00e9s urgents i crucials fa refer\u00e8ncia a aspectes lligats a la carrera professional, tant del Professorat com del PTGAS (abans PAS). Des dels Comit\u00e8s i Juntes de personal ja s&#8217;estan revisant i discutint aspectes essencials pel que fa al professorat, com ara el futur del professorat associat: cal posar fi a la precarietat d&#8217;aquest col\u00b7lectiu i dignificar aquests llocs de treball. Un altre repte urgent \u00e9s definir la nova figura del professor substitut, i ja haureu constatat que tots els sindicats amb representaci\u00f3 a la UAB tenim una postura unit\u00e0ria que s&#8217;ha fet palesa en el comunicat conjunt; aquesta postura expressava la nostra indignaci\u00f3 enfront de com s&#8217;est\u00e0 actuant en totes aquestes q\u00fcestions, amb pr\u00e0cticament nul\u00b7la voluntat de negociaci\u00f3, per part de la Conselleria de Ci\u00e8ncia i Universitats i de les Universitats Catalanes.<\/p>\n\n\n\n<p class=\"wp-block-paragraph\">Segons la Llei, cal aprovar uns nous Estatuts, constituir un nou Claustre i un nou Consell de Govern. Per la nostra part \u00e9s essencial poder traslladar a l&#8217;Equip de Govern de la UAB la preocupaci\u00f3 per com s\u2019entomen i es negocien els temes de la governan\u00e7a que la LOSU obliga a modificar en un termini m\u00e0xim de dos anys, a partir del 12 d&#8217;abril de 2023.<\/p>\n\n\n\n<p class=\"wp-block-paragraph\">Paral\u00b7lelament, est\u00e0 previst un desenvolupament d&#8217;aquesta llei que porta que properament s&#8217;aprovin diversos reials decrets. El primer que ja sabem que est\u00e0 en marxa \u00e9s el que determina coses tan importants com l&#8217;estructura que hauran de tenir els futurs departaments i l&#8217;aprovaci\u00f3 de la llista dels nous \u00e0mbits de coneixement en el qual s&#8217;hauran de basar els departaments, les acreditacions i la nova llista d&#8217;especialitats per la qual es prefiguraran els perfils dels concursos de professor. Tamb\u00e9 est\u00e0 pendent de revisi\u00f3 el reial decret que regular\u00e0 l\u2019acreditaci\u00f3 del professorat.<\/p>\n\n\n\n<p class=\"wp-block-paragraph\">Est\u00e0 clar que tot aquest c\u00famul de normes suposen un gran sotrac per a totes les universitats; a la vegada,&nbsp; per\u00f2, poden ser una excel\u00b7lent oportunitat per modelar una universitat que sigui capa\u00e7 d&#8217;afrontar el futur amb m\u00e9s participaci\u00f3, flexibilitat i democr\u00e0cia interna. Tot aix\u00f2 tenint en compte la sostenibilitat social, ambiental i econ\u00f2mica i afavorint la proximitat entre els membres que componen la nostra comunitat, i sobretot amb un fort sentit del que implica per&nbsp; a la UAB ser un servei p\u00fablic.<\/p>\n\n\n\n<p class=\"wp-block-paragraph\">Davant aquesta situaci\u00f3 no ens podem quedar aturats, sense propostes o sense un lideratge per dirigir aquests reptes. Al darrer Claustre esper\u00e0vem con\u00e8ixer una proposta de calendari i una metodologia, i tamb\u00e9 una proposta de comissi\u00f3 de treball. En definitiva, ens hauria agradat sortir de la sessi\u00f3 amb una idea clara de com comen\u00e7ar\u00edem ja a treballar. El temps constreny i, a m\u00e9s, l&#8217;any que ve tenim cita electoral.<\/p>\n\n\n\n<p class=\"wp-block-paragraph\">Uns nous Estatuts i una an\u00e0lisi de la relaci\u00f3 facultats\/estructura i paper dels departaments i dels instituts no \u00e9s una tasca f\u00fatil. Caldr\u00e0 ser, entre tots, molt curosos en les propostes, ja que qualsevol canvi pot implicar acceptacions i rebuig. Caldr\u00e0, per tant, treballar amb temps, calma i de forma participativa, intentant abordar els temes de forma global, pel fet que ens afecten a totes i tots els membres d&#8217;aquesta comunitat UAB.<\/p>\n\n\n\n<p class=\"wp-block-paragraph\">Cal posar-se en marxa de manera immediata, per aix\u00f2 li demanem al Rector i a l\u2019Equip de Govern que durant aquest mes de juny es constitueixi ja la comissi\u00f3 de treball. Una comissi\u00f3 amb la participaci\u00f3 de tots els estaments per preparar una proposta que permeti a la tardor tenir un primer esborrany que faciliti la discussi\u00f3 en l\u2019\u00e0mbit del Claustre, tal com fixa la LOSU. Tamb\u00e9 cal que paral\u00b7lelament es cre\u00efn circuits que impulsin la participaci\u00f3 de tota la comunitat universit\u00e0ria. Sense la participaci\u00f3 de tots els actors no funcionar\u00e0.<\/p>\n\n\n\n<p class=\"wp-block-paragraph\">Secci\u00f3 Sindical de CCOO a la UAB<\/p>\n\n\n\n<p class=\"wp-block-paragraph\">Aprofitem per traslladar-vos informaci\u00f3 al respecte per si pot ser del vostre inter\u00e8s.<\/p>\n\n\n\n<h1 class=\"wp-block-heading\">Documents d \u2019inter\u00e8s:<\/h1>\n\n\n\n<ul class=\"wp-block-list\"><li><strong><em>Ley Org\u00e1nica 2\/2023, de 22 de marzo, del Sistema Universitario. BOE, dijous 23 de <\/em><\/strong><strong><em>mar\u00e7 de 2023.<\/em><\/strong><\/li><\/ul>\n\n\n\n<p class=\"wp-block-paragraph\"><a href=\"https:\/\/www.boe.es\/buscar\/act.php?id=BOE-A-2023-7500\">https:\/\/www.boe.es\/buscar\/act.php?id=BOE-A-2023-7500<\/a><\/p>\n\n\n\n<ul class=\"wp-block-list\"><li><strong><em>Contenidos principales de la gobernanza y la carrera acad\u00e9mica en la ley org\u00e1nica <\/em><\/strong><strong><em>del sistema universitario.<\/em><\/strong><\/li><\/ul>\n\n\n\n<p class=\"wp-block-paragraph\"><a href=\"https:\/\/www.universidades.gob.es\/contenidos-principales-de-la-losu\/\">https:\/\/www.universidades.gob.es\/contenidos-principales-de-la-losu\/<\/a><\/p>\n\n\n\n<ul class=\"wp-block-list\"><li><strong><em>Consulta p\u00fablica previa sobre el Proyecto de Real Decreto por el que se establece la <\/em><\/strong><strong><em>organizaci\u00f3n y funcionamiento de los departamentos universitarios y los \u00e1mbitos de conocimiento.<\/em><\/strong><\/li><\/ul>\n\n\n\n<p class=\"wp-block-paragraph\"><a href=\"https:\/\/www.universidades.gob.es\/consulta-publica-previa-tramitacion-cerrada\/\">https:\/\/www.universidades.gob.es\/consulta-publica-previa-tramitacion-cerrada\/<\/a><\/p>\n\n\n\n<ul class=\"wp-block-list\"><li><strong><em>Consulta p\u00fablica previa sobre el Proyecto de Real Decreto por el que se regula la <\/em><\/strong><strong><em>acreditaci\u00f3n estatal para el acceso a los cuerpos docentes universitarios y el r\u00e9gimen de los concursos de acceso a dichos cuerpos.<\/em><\/strong><\/li><\/ul>\n\n\n\n<p class=\"wp-block-paragraph\"><strong><em><a href=\"https:\/\/www.universidades.gob.es\/consulta-publica-previa-espacio-para-la-participacion\/\" data-type=\"URL\" data-id=\"https:\/\/www.universidades.gob.es\/consulta-publica-previa-espacio-para-la-participacion\/\">https:\/\/www.universidades.gob.es\/consulta-publica-previa-espacio-para-la-<u>participacion\/<\/u><\/a><\/em><\/strong><\/p>\n","protected":false},"excerpt":{"rendered":"<p>Fa poques setmanes es va aprovar la Llei Org\u00e0nica 2\/2023 del Sistema Universitari (LOSU). Aquesta llei t\u00e9 molts aspectes que posen sobre la taula la necessitat d&#8217;emprendre canvis importants a totes les universitats, particularment a les Universitats P\u00fabliques com la nostra. Sens dubte, un dels temes m\u00e9s urgents i crucials fa refer\u00e8ncia a aspectes lligats [&hellip;]<\/p>\n","protected":false},"author":1627,"featured_media":799,"comment_status":"closed","ping_status":"closed","sticky":false,"template":"","format":"standard","meta":{"footnotes":""},"categories":[1,7,5,6],"tags":[],"class_list":["post-794","post","type-post","status-publish","format-standard","has-post-thumbnail","hentry","category-general","category-pdi","category-pas-funcionari","category-pas-laboral"],"_links":{"self":[{"href":"https:\/\/webs.uab.cat\/ccoo\/wp-json\/wp\/v2\/posts\/794","targetHints":{"allow":["GET"]}}],"collection":[{"href":"https:\/\/webs.uab.cat\/ccoo\/wp-json\/wp\/v2\/posts"}],"about":[{"href":"https:\/\/webs.uab.cat\/ccoo\/wp-json\/wp\/v2\/types\/post"}],"author":[{"embeddable":true,"href":"https:\/\/webs.uab.cat\/ccoo\/wp-json\/wp\/v2\/users\/1627"}],"replies":[{"embeddable":true,"href":"https:\/\/webs.uab.cat\/ccoo\/wp-json\/wp\/v2\/comments?post=794"}],"version-history":[{"count":3,"href":"https:\/\/webs.uab.cat\/ccoo\/wp-json\/wp\/v2\/posts\/794\/revisions"}],"predecessor-version":[{"id":798,"href":"https:\/\/webs.uab.cat\/ccoo\/wp-json\/wp\/v2\/posts\/794\/revisions\/798"}],"wp:featuredmedia":[{"embeddable":true,"href":"https:\/\/webs.uab.cat\/ccoo\/wp-json\/wp\/v2\/media\/799"}],"wp:attachment":[{"href":"https:\/\/webs.uab.cat\/ccoo\/wp-json\/wp\/v2\/media?parent=794"}],"wp:term":[{"taxonomy":"category","embeddable":true,"href":"https:\/\/webs.uab.cat\/ccoo\/wp-json\/wp\/v2\/categories?post=794"},{"taxonomy":"post_tag","embeddable":true,"href":"https:\/\/webs.uab.cat\/ccoo\/wp-json\/wp\/v2\/tags?post=794"}],"curies":[{"name":"wp","href":"https:\/\/api.w.org\/{rel}","templated":true}]}}