{"id":873,"date":"2023-10-18T12:58:52","date_gmt":"2023-10-18T10:58:52","guid":{"rendered":"https:\/\/webs.uab.cat\/ccoo\/?p=873"},"modified":"2023-10-18T12:58:52","modified_gmt":"2023-10-18T10:58:52","slug":"que-passa-amb-la-productivitat-del-pas-funcionari","status":"publish","type":"post","link":"https:\/\/webs.uab.cat\/ccoo\/2023\/10\/18\/que-passa-amb-la-productivitat-del-pas-funcionari\/","title":{"rendered":"Qu\u00e8 passa amb la productivitat del PAS Funcionari"},"content":{"rendered":"\n<p class=\"wp-block-paragraph\">Els darrers dies hem vist\u00a0not\u00edcies\u00a0sobre el pagament de la productivitat al personal de la Generalitat. La productivitat ens la van arrabassar\u00a0el 2012\u00a0fruit de la pol\u00edtica de retallades dels governs de l&#8217;Estat i de la Generalitat.\u00a0<strong>El 2021\u00a0la Generalitat va eliminar la prohibici\u00f3 de cobrar-la<\/strong>. En aquell moment vam sol\u00b7licitar el cobrament de la productivitat, tant fixa i com variable.<\/p>\n\n\n\n<p class=\"wp-block-paragraph\">La ger\u00e8ncia va justificar amb un informe jur\u00eddic de Funci\u00f3 P\u00fablica del 2018 que no podia pagar-la. I es va tancar en banda a una negociaci\u00f3 al respecte. Com sabeu, el personal laboral cobra la part fixa d&#8217;aquesta productivitat (plus Campus).<\/p>\n\n\n\n<p class=\"wp-block-paragraph\">Vista aquesta negativa i veient que ten\u00edem oberta la possibilitat de recuperar tant el pagament del plus fix com del variable <strong>vam presentar una demanda\u00a0a nivell individual<\/strong>.<\/p>\n\n\n\n<p class=\"wp-block-paragraph\">El <strong>passat 11 de juliol es va fer el judici i estem esperant la sent\u00e8ncia<\/strong> que no hauria de trigar gaire.<\/p>\n\n\n\n<p class=\"wp-block-paragraph\">Quan\u00a0arribi aquesta sent\u00e8ncia us informarem del seu contingut i del cam\u00ed a seguir.<\/p>\n","protected":false},"excerpt":{"rendered":"<p>Els darrers dies hem vist\u00a0not\u00edcies\u00a0sobre el pagament de la productivitat al personal de la Generalitat. La productivitat ens la van arrabassar\u00a0el 2012\u00a0fruit de la pol\u00edtica de retallades dels governs de l&#8217;Estat i de la Generalitat.\u00a0El 2021\u00a0la Generalitat va eliminar la prohibici\u00f3 de cobrar-la. En aquell moment vam sol\u00b7licitar el cobrament de la productivitat, tant fixa [&hellip;]<\/p>\n","protected":false},"author":1627,"featured_media":788,"comment_status":"closed","ping_status":"closed","sticky":false,"template":"","format":"standard","meta":{"footnotes":""},"categories":[5],"tags":[],"class_list":["post-873","post","type-post","status-publish","format-standard","has-post-thumbnail","hentry","category-pas-funcionari"],"_links":{"self":[{"href":"https:\/\/webs.uab.cat\/ccoo\/wp-json\/wp\/v2\/posts\/873","targetHints":{"allow":["GET"]}}],"collection":[{"href":"https:\/\/webs.uab.cat\/ccoo\/wp-json\/wp\/v2\/posts"}],"about":[{"href":"https:\/\/webs.uab.cat\/ccoo\/wp-json\/wp\/v2\/types\/post"}],"author":[{"embeddable":true,"href":"https:\/\/webs.uab.cat\/ccoo\/wp-json\/wp\/v2\/users\/1627"}],"replies":[{"embeddable":true,"href":"https:\/\/webs.uab.cat\/ccoo\/wp-json\/wp\/v2\/comments?post=873"}],"version-history":[{"count":1,"href":"https:\/\/webs.uab.cat\/ccoo\/wp-json\/wp\/v2\/posts\/873\/revisions"}],"predecessor-version":[{"id":874,"href":"https:\/\/webs.uab.cat\/ccoo\/wp-json\/wp\/v2\/posts\/873\/revisions\/874"}],"wp:featuredmedia":[{"embeddable":true,"href":"https:\/\/webs.uab.cat\/ccoo\/wp-json\/wp\/v2\/media\/788"}],"wp:attachment":[{"href":"https:\/\/webs.uab.cat\/ccoo\/wp-json\/wp\/v2\/media?parent=873"}],"wp:term":[{"taxonomy":"category","embeddable":true,"href":"https:\/\/webs.uab.cat\/ccoo\/wp-json\/wp\/v2\/categories?post=873"},{"taxonomy":"post_tag","embeddable":true,"href":"https:\/\/webs.uab.cat\/ccoo\/wp-json\/wp\/v2\/tags?post=873"}],"curies":[{"name":"wp","href":"https:\/\/api.w.org\/{rel}","templated":true}]}}