{"id":11476,"date":"2019-03-13T14:39:16","date_gmt":"2019-03-13T12:39:16","guid":{"rendered":"http:\/\/blogs.uab.cat\/cdeanuncis\/?p=11476"},"modified":"2025-05-24T10:54:43","modified_gmt":"2025-05-24T08:54:43","slug":"presentacio-de-llibre-sobre-governanca-economica","status":"publish","type":"post","link":"https:\/\/webs.uab.cat\/cdeanuncis\/2019\/03\/13\/presentacio-de-llibre-sobre-governanca-economica\/","title":{"rendered":"Presentaci\u00f3 de llibre sobre Governan\u00e7a econ\u00f2mica europea"},"content":{"rendered":"\n<p class=\"has-regular-font-size wp-block-paragraph\">La C\u00e0tedra Jean Monnet EUPOL us convida a la presentaci\u00f3 del llibre <em><strong>Gobernanza econ\u00f3mica y filosof\u00eda del proyecto europeo<\/strong>, que comptar\u00e0 amb la participaci\u00f3 de <\/em><strong>Joan Cals <\/strong>(Catedr\u00e0tic em\u00e8rit d&#8217;Economia Aplicada), <strong>Joan Botella <\/strong>(Catedr\u00e0tic de Ciencia Pol\u00edtica) i <strong>Ana Mar Fern\u00e1ndez Pasar\u00edn <\/strong>(Professora Jean Monnet). <\/p>\n\n\n\n<p class=\"has-regular-font-size wp-block-paragraph\"><strong>Resum:<\/strong> El llibre combina la presentaci\u00f3 de la governan\u00e7a econ\u00f2mica de la UE, amb un conjunt de reflexions filos\u00f2fiques sobre les caracter\u00edstiques de la seva construcci\u00f3. En el primer aspecte, la selecci\u00f3 dels apartats m\u00e9s rellevants, actuals o controvertits s&#8217;inscriu en el proc\u00e9s hist\u00f2ric de desenvolupament del projecte europeu, aix\u00ed com en el coneixement dels seus fonaments te\u00f2rics. En el segon, s\u00f3n principalment les vessants econ\u00f2mica, pol\u00edtica i moral de la filosofia subjacent les que s&#8217;exploren per comprendre-ho i valorar-ho adequadament.<\/p>\n\n\n\n<p class=\"has-text-align-left wp-block-paragraph\"><strong>Data: <\/strong>Dijous, 28 de mar\u00e7 de 2019, de 13:00 a 14:30 h.<strong><br>Lloc: <\/strong><a rel=\"noreferrer noopener\" aria-label=\"Centre de Documentaci\u00f3 Europea (UAB) (s'obre en una nova pestanya)\" href=\"https:\/\/www.google.com\/maps?ll=41.503443,2.1057&amp;z=15&amp;t=m&amp;hl=ca-ES&amp;gl=US&amp;mapclient=embed&amp;cid=15147092525217194725\" target=\"_blank\">Centre de Documentaci\u00f3 Europea UAB<\/a><br><strong>Idioma:<\/strong> castell\u00e0<\/p>\n\n\n\n<p class=\"wp-block-paragraph\">PD: Imatges de l&#8217;esdeveniment a <a href=\"https:\/\/twitter.com\/CDocEuropea\/status\/1113003188557414402\" target=\"_blank\" rel=\"noreferrer noopener\" aria-label=\"twitter (s'obre en una nova pestanya)\">twitter<\/a> i <a rel=\"noreferrer noopener\" aria-label=\"facebook (s'obre en una nova pestanya)\" href=\"https:\/\/www.facebook.com\/cdeuab\/posts\/2277176485659604?__xts__[0]=68.ARBrHlAyRhzuqK23JMWQNDRgMPpeuPL1IMa8FV8gjcE8Re_IFlvwCaJjtEhw2SkIJJic3Dy-8p-bVe7pOnccuPA4_rBlDvX33DOQCvvSl9Fiedj7qA12lcaYFlv80JzjnjYBkpAPhRc3cPQ21PAo8zJiGllYKNptgflFFlDiMO0iNHFmMfcwZ380ovmUMqUtRrZ9Hz3kbqoe0qaRhpp3WqiUB6qmSUNrUlUX3RcN2QYXas2_P_L70_K78wtQBXIuujDdSNOjVcbqfRY1KIazsflwF2_kChcMqF8S-TOZcY7QoSyQig7ODU4ue7F97lE7K6JXB5m9XCH2aBC_BjCM7Wj53w&amp;__tn__=-R\" target=\"_blank\">facebook<\/a>.<\/p>\n","protected":false},"excerpt":{"rendered":"<p>La C\u00e0tedra Jean Monnet EUPOL us convida a la presentaci\u00f3 del llibre Gobernanza econ\u00f3mica y filosof\u00eda del proyecto europeo, que comptar\u00e0 amb la participaci\u00f3 de Joan Cals (Catedr\u00e0tic em\u00e8rit d&#8217;Economia Aplicada), Joan Botella (Catedr\u00e0tic de Ciencia Pol\u00edtica) i Ana Mar Fern\u00e1ndez Pasar\u00edn (Professora Jean Monnet). Resum: El llibre combina la presentaci\u00f3 de la governan\u00e7a econ\u00f2mica [&hellip;]<\/p>\n","protected":false},"author":50,"featured_media":15239,"comment_status":"closed","ping_status":"closed","sticky":false,"template":"","format":"standard","meta":{"footnotes":""},"categories":[9,35],"tags":[],"class_list":["post-11476","post","type-post","status-publish","format-standard","has-post-thumbnail","hentry","category-conferencies-cursos-tallers-seminaris","category-publicacions"],"_links":{"self":[{"href":"https:\/\/webs.uab.cat\/cdeanuncis\/wp-json\/wp\/v2\/posts\/11476","targetHints":{"allow":["GET"]}}],"collection":[{"href":"https:\/\/webs.uab.cat\/cdeanuncis\/wp-json\/wp\/v2\/posts"}],"about":[{"href":"https:\/\/webs.uab.cat\/cdeanuncis\/wp-json\/wp\/v2\/types\/post"}],"author":[{"embeddable":true,"href":"https:\/\/webs.uab.cat\/cdeanuncis\/wp-json\/wp\/v2\/users\/50"}],"replies":[{"embeddable":true,"href":"https:\/\/webs.uab.cat\/cdeanuncis\/wp-json\/wp\/v2\/comments?post=11476"}],"version-history":[{"count":1,"href":"https:\/\/webs.uab.cat\/cdeanuncis\/wp-json\/wp\/v2\/posts\/11476\/revisions"}],"predecessor-version":[{"id":20219,"href":"https:\/\/webs.uab.cat\/cdeanuncis\/wp-json\/wp\/v2\/posts\/11476\/revisions\/20219"}],"wp:featuredmedia":[{"embeddable":true,"href":"https:\/\/webs.uab.cat\/cdeanuncis\/wp-json\/wp\/v2\/media\/15239"}],"wp:attachment":[{"href":"https:\/\/webs.uab.cat\/cdeanuncis\/wp-json\/wp\/v2\/media?parent=11476"}],"wp:term":[{"taxonomy":"category","embeddable":true,"href":"https:\/\/webs.uab.cat\/cdeanuncis\/wp-json\/wp\/v2\/categories?post=11476"},{"taxonomy":"post_tag","embeddable":true,"href":"https:\/\/webs.uab.cat\/cdeanuncis\/wp-json\/wp\/v2\/tags?post=11476"}],"curies":[{"name":"wp","href":"https:\/\/api.w.org\/{rel}","templated":true}]}}