{"id":12505,"date":"2019-06-13T10:04:58","date_gmt":"2019-06-13T08:04:58","guid":{"rendered":"http:\/\/blogs.uab.cat\/cdeanuncis\/?p=12505"},"modified":"2025-05-24T11:18:48","modified_gmt":"2025-05-24T09:18:48","slug":"taller-amb-alumnes-de-lescola-lolivera","status":"publish","type":"post","link":"https:\/\/webs.uab.cat\/cdeanuncis\/2019\/06\/13\/taller-amb-alumnes-de-lescola-lolivera\/","title":{"rendered":"Taller amb alumnes de l&#8217;Escola L&#8217;Olivera"},"content":{"rendered":"\n<p style=\"background-color:#fff9e0\" class=\"has-background wp-block-paragraph\"><strong>Ahir, 12 de juny, ens van visitar alumnes de les dues classes de 6\u00e8 de Prim\u00e0ria de <\/strong><a rel=\"noreferrer noopener\" aria-label=\"l'Escola L'Olivera (Vallirana) (s'obre en una nova pestanya)\" href=\"https:\/\/agora.xtec.cat\/escola-olivera\/\" target=\"_blank\"><strong>l&#8217;Escola L&#8217;Olivera (Vallirana)<\/strong><\/a><strong> per participar en un taller que es va  dissenyar a la seva mida i que va comptar amb el suport de la <\/strong><a rel=\"noreferrer noopener\" aria-label=\"C\u00e0tedra Jean Monnet EUPOL (s'obre en una nova pestanya)\" href=\"http:\/\/eupol.uab.es\/\" target=\"_blank\"><strong>C\u00e0tedra Jean Monnet EUPOL<\/strong><\/a><strong>.<\/strong><\/p>\n\n\n\n<h6 class=\"wp-block-heading\">PROGRAMA<\/h6>\n\n\n\n<p style=\"background-color:#fff9e0\" class=\"has-background wp-block-paragraph\">10:00 h.  Arribada a la UAB i esmorzar a la pla\u00e7a del Bar de Lletres.<\/p>\n\n\n\n<p style=\"background-color:#fff9e0\" class=\"has-background wp-block-paragraph\">10:30 h. <strong> Xerrada sobre la UE<\/strong>, a c\u00e0rrec de Francesco Camonita (doctorand en Ci\u00e8ncia Pol\u00edtica),  a la Sala d&#8217;Actes \u00c0ngels Torrents del Centre d&#8217;Estudis Demogr\u00e0fics.<\/p>\n\n\n\n<p style=\"background-color:#fff9e0\" class=\"has-background wp-block-paragraph\">11:30 h. <strong>Activitat de dibuix<\/strong> al Centre de Documentaci\u00f3 Europea. Els alumnes van realitzar els dibuixos que van presentar al concurs <a rel=\"noreferrer noopener\" aria-label=\"&quot;Qu\u00e8 \u00e9s Europa per mi?&quot;, (s'obre en una nova pestanya)\" href=\"https:\/\/ec.europa.eu\/spain\/barcelona\/news\/concurs-de-dibuix-escoles_ca\" target=\"_blank\"><em>\u00abQu\u00e8 \u00e9s Europa per mi?\u00bb<\/em>,<\/a>  organitzat pera Representaci\u00f3 de la Comissi\u00f3 Europea a Barcelona enguany per celebrar el Dia d&#8217;Europa. En <a rel=\"noreferrer noopener\" aria-label=\"aquest link (s'obre en una nova pestanya)\" href=\"https:\/\/view.genial.ly\/5d0b51c9b2cf100f7ddc4c9c\/presentation-genially-sin-titulo\" target=\"_blank\">aquest link<\/a> podeu veure una selecci\u00f3 dels dibuixos realitzats.<br><\/p>\n\n\n\n<p style=\"background-color:#fff9e0\" class=\"has-background wp-block-paragraph\">12:30 h. Lliurament de regals europeus i comiat.<\/p>\n\n\n\n<h6 class=\"wp-block-heading\">NOVES PROPOSTES<\/h6>\n\n\n\n<p style=\"background-color:#fff9e0\" class=\"has-background wp-block-paragraph\">Va ser la nostra primera experi\u00e8ncia amb alumnes de Prim\u00e0ria i vam quedar encantats. Volem aprofitar aquest post  per comunicar a la resta de centres d&#8217;aquest  nivell d&#8217;estudis que estem oberts a repetir l&#8217;experi\u00e8ncia. <\/p>\n\n\n\n<p style=\"background-color:#fff9e0\" class=\"has-background wp-block-paragraph\">Si esteu interessats, contacteu amb nosaltres: <br><a href=\"mailto:ce.doc.europea@uab.cat\">ce.doc.europea@uab.cat<\/a> &#8211; 93 581 16 81<br><\/p>\n\n\n\n<h6 class=\"wp-block-heading\"><strong>Fotografies<\/strong><\/h6>\n\n\n\n<figure class=\"wp-block-gallery columns-3 is-cropped wp-block-gallery-1 is-layout-flex wp-block-gallery-is-layout-flex\"><ul class=\"blocks-gallery-grid\"><li class=\"blocks-gallery-item\"><figure><img decoding=\"async\" src=\"http:\/\/blogs.uab.cat\/cdeanuncis\/files\/2019\/06\/20190612_103820-1024x779.jpg\" alt=\"\" data-id=\"12507\" data-link=\"http:\/\/blogs.uab.cat\/cdeanuncis\/?attachment_id=12507\" class=\"wp-image-12507\" \/><\/figure><\/li><li class=\"blocks-gallery-item\"><figure><img decoding=\"async\" src=\"http:\/\/blogs.uab.cat\/cdeanuncis\/files\/2019\/06\/20190612_104022-1024x660.jpg\" alt=\"\" data-id=\"12508\" data-link=\"http:\/\/blogs.uab.cat\/cdeanuncis\/?attachment_id=12508\" class=\"wp-image-12508\" \/><\/figure><\/li><li class=\"blocks-gallery-item\"><figure><img decoding=\"async\" src=\"http:\/\/blogs.uab.cat\/cdeanuncis\/files\/2019\/06\/20190612_115703-1024x777.jpg\" alt=\"\" data-id=\"12509\" data-link=\"http:\/\/blogs.uab.cat\/cdeanuncis\/?attachment_id=12509\" class=\"wp-image-12509\" \/><\/figure><\/li><li class=\"blocks-gallery-item\"><figure><img decoding=\"async\" src=\"http:\/\/blogs.uab.cat\/cdeanuncis\/files\/2019\/06\/20190612_115757-1024x555.jpg\" alt=\"\" data-id=\"12510\" data-link=\"http:\/\/blogs.uab.cat\/cdeanuncis\/?attachment_id=12510\" class=\"wp-image-12510\" \/><\/figure><\/li><li class=\"blocks-gallery-item\"><figure><img decoding=\"async\" src=\"http:\/\/blogs.uab.cat\/cdeanuncis\/files\/2019\/06\/20190612_115809-1024x636.jpg\" alt=\"\" data-id=\"12511\" data-link=\"http:\/\/blogs.uab.cat\/cdeanuncis\/?attachment_id=12511\" class=\"wp-image-12511\" \/><\/figure><\/li><li class=\"blocks-gallery-item\"><figure><img decoding=\"async\" src=\"http:\/\/blogs.uab.cat\/cdeanuncis\/files\/2019\/06\/20190612_115855-1024x688.jpg\" alt=\"\" data-id=\"12512\" data-link=\"http:\/\/blogs.uab.cat\/cdeanuncis\/?attachment_id=12512\" class=\"wp-image-12512\" \/><\/figure><\/li><li class=\"blocks-gallery-item\"><figure><img decoding=\"async\" src=\"http:\/\/blogs.uab.cat\/cdeanuncis\/files\/2019\/06\/20190612_120229-2-1024x596.jpg\" alt=\"\" data-id=\"12513\" data-link=\"http:\/\/blogs.uab.cat\/cdeanuncis\/?attachment_id=12513\" class=\"wp-image-12513\" \/><\/figure><\/li><li class=\"blocks-gallery-item\"><figure><img decoding=\"async\" src=\"http:\/\/blogs.uab.cat\/cdeanuncis\/files\/2019\/06\/20190612_121157-1024x703.jpg\" alt=\"\" data-id=\"12514\" data-link=\"http:\/\/blogs.uab.cat\/cdeanuncis\/?attachment_id=12514\" class=\"wp-image-12514\" \/><\/figure><\/li><li class=\"blocks-gallery-item\"><figure><img decoding=\"async\" src=\"http:\/\/blogs.uab.cat\/cdeanuncis\/files\/2019\/06\/20190612_121240-1024x603.jpg\" alt=\"\" data-id=\"12515\" data-link=\"http:\/\/blogs.uab.cat\/cdeanuncis\/?attachment_id=12515\" class=\"wp-image-12515\" \/><\/figure><\/li><li class=\"blocks-gallery-item\"><figure><img decoding=\"async\" src=\"http:\/\/blogs.uab.cat\/cdeanuncis\/files\/2019\/06\/20190612_121301-1024x750.jpg\" alt=\"\" data-id=\"12516\" data-link=\"http:\/\/blogs.uab.cat\/cdeanuncis\/?attachment_id=12516\" class=\"wp-image-12516\" \/><\/figure><\/li><li class=\"blocks-gallery-item\"><figure><img decoding=\"async\" src=\"http:\/\/blogs.uab.cat\/cdeanuncis\/files\/2019\/06\/CARTELL-groc-724x1024.png\" alt=\"\" data-id=\"12517\" data-link=\"http:\/\/blogs.uab.cat\/cdeanuncis\/?attachment_id=12517\" class=\"wp-image-12517\" \/><\/figure><\/li><\/ul><\/figure>\n","protected":false},"excerpt":{"rendered":"<p>Ahir, 12 de juny, ens van visitar alumnes de les dues classes de 6\u00e8 de Prim\u00e0ria de l&#8217;Escola L&#8217;Olivera (Vallirana) per participar en un taller que es va dissenyar a la seva mida i que va comptar amb el suport de la C\u00e0tedra Jean Monnet EUPOL. PROGRAMA 10:00 h. Arribada a la UAB i esmorzar [&hellip;]<\/p>\n","protected":false},"author":50,"featured_media":0,"comment_status":"closed","ping_status":"closed","sticky":false,"template":"","format":"standard","meta":{"footnotes":""},"categories":[9,14],"tags":[],"class_list":["post-12505","post","type-post","status-publish","format-standard","hentry","category-conferencies-cursos-tallers-seminaris","category-escoles-instituts"],"_links":{"self":[{"href":"https:\/\/webs.uab.cat\/cdeanuncis\/wp-json\/wp\/v2\/posts\/12505","targetHints":{"allow":["GET"]}}],"collection":[{"href":"https:\/\/webs.uab.cat\/cdeanuncis\/wp-json\/wp\/v2\/posts"}],"about":[{"href":"https:\/\/webs.uab.cat\/cdeanuncis\/wp-json\/wp\/v2\/types\/post"}],"author":[{"embeddable":true,"href":"https:\/\/webs.uab.cat\/cdeanuncis\/wp-json\/wp\/v2\/users\/50"}],"replies":[{"embeddable":true,"href":"https:\/\/webs.uab.cat\/cdeanuncis\/wp-json\/wp\/v2\/comments?post=12505"}],"version-history":[{"count":1,"href":"https:\/\/webs.uab.cat\/cdeanuncis\/wp-json\/wp\/v2\/posts\/12505\/revisions"}],"predecessor-version":[{"id":21129,"href":"https:\/\/webs.uab.cat\/cdeanuncis\/wp-json\/wp\/v2\/posts\/12505\/revisions\/21129"}],"wp:attachment":[{"href":"https:\/\/webs.uab.cat\/cdeanuncis\/wp-json\/wp\/v2\/media?parent=12505"}],"wp:term":[{"taxonomy":"category","embeddable":true,"href":"https:\/\/webs.uab.cat\/cdeanuncis\/wp-json\/wp\/v2\/categories?post=12505"},{"taxonomy":"post_tag","embeddable":true,"href":"https:\/\/webs.uab.cat\/cdeanuncis\/wp-json\/wp\/v2\/tags?post=12505"}],"curies":[{"name":"wp","href":"https:\/\/api.w.org\/{rel}","templated":true}]}}