{"id":143,"date":"2010-05-10T13:17:23","date_gmt":"2010-05-10T11:17:23","guid":{"rendered":"http:\/\/blogs.uab.cat\/cdeanuncis\/2010\/05\/10\/navegar-per-europa-nou-taller-del-cde-el-mes-de-maig\/"},"modified":"2025-05-24T11:21:23","modified_gmt":"2025-05-24T09:21:23","slug":"navegar-per-europa-nou-taller-del-cde-el-mes-de-maig","status":"publish","type":"post","link":"https:\/\/webs.uab.cat\/cdeanuncis\/2010\/05\/10\/navegar-per-europa-nou-taller-del-cde-el-mes-de-maig\/","title":{"rendered":"Navegar per Europa : Nou Taller el 27 de Maig"},"content":{"rendered":"<p align=\"justify\"><img loading=\"lazy\" decoding=\"async\" src=\"http:\/\/www.consilium.europa.eu\/ewebeditpro4\/upload\/europa-logo_lg_es.jpg\" alt=\"\" width=\"150\" height=\"56\" \/>\u00a0 <strong>El nostre Centre de Documentaci\u00f3 Europea\u00a0 oferir\u00e0 el proper 27 de Maig el darrer taller &#8220;Navegar per Europa&#8221; del curs 2009-2010.<\/strong><\/p>\n<p align=\"justify\"><span style=\"color: #ff0000\">En qu\u00e8 consisteix :<\/span> El <a href=\"http:\/\/europa.eu\/index_es.htm\">PORTAL EUROPA<\/a> ofereix una ampli ventall d&#8217;informaci\u00f3 que no sempre \u00e9s f\u00e0cil de trobar, ja que amaga gran nombre de bases de dades i molts altres recursos interessants per a la recerca. Us proposem descobrir els seus secrets mitjan\u00e7ant un joc de preguntes que ens apropa a les diverses fonts d&#8217;informaci\u00f3 disponibles : legislaci\u00f3, estad\u00edstiques, directoris, bibliografies, portals tem\u00e0tics, &#8230;<\/p>\n<p align=\"justify\"><span style=\"color: #ff0000\">Metodologia :<\/span> Al voltant d&#8217;un taula,\u00a0 cada vegada un dels assitents tria una pregunta a l&#8217;atzar i fa la cerca al Portal Europa\u00a0 Tots els assistents hi participen,\u00a0 la documentalista fa de guia en all\u00f2 m\u00e9s complex i aprofita per aclarir els conceptes que troba interessants al voltant de cada pregunta, a banda, de respondre les consultes que van sorgint.<\/p>\n<p align=\"justify\"><span style=\"color: #ff0000\">Destinataris :<\/span> Est\u00e0 plantejada com una activitat multidisciplin\u00e0ria. Les preguntes poden ser de dret, economia, salut p\u00fablica, benestar animal, comunicaci\u00f3 audiovisual, ci\u00e8ncia, lleng\u00fces, educaci\u00f3, &#8230;<\/p>\n<p align=\"justify\"><span style=\"color: #ff0000\">Algunes opinions :<\/span> &#8220;\u00c9s molt interessant&#8221;, &#8220;Voldria aprendre&#8217;n m\u00e9s&#8221;, &#8220;Se m&#8217;ha fet curt&#8221;<\/p>\n<p align=\"justify\"><span style=\"color: #ff0000\">Preu : <\/span>Gratu\u00eft<\/p>\n<p align=\"justify\"><span style=\"color: #ff0000\">Data i hora :<\/span> 27 de maig (12 -14 h.)<\/p>\n<p align=\"justify\"><span style=\"color: #ff0000\">Certificat d&#8217;assist\u00e8ncia<\/span><\/p>\n<p align=\"justify\"><span style=\"color: #ff0000\">Nombre de places :<\/span> 12<\/p>\n<blockquote><p><span style=\"color: #ff0000\">Inscripcions :<\/span> cal enviar un missatge\u00a0 a <a href=\"mailto:ce.doc.europea@uab.cat\">ce.doc.europea@uab.cat<\/a><\/p><\/blockquote>\n","protected":false},"excerpt":{"rendered":"<p>\u00a0 El nostre Centre de Documentaci\u00f3 Europea\u00a0 oferir\u00e0 el proper 27 de Maig el darrer taller &#8220;Navegar per Europa&#8221; del curs 2009-2010. En qu\u00e8 consisteix : El PORTAL EUROPA ofereix una ampli ventall d&#8217;informaci\u00f3 que no sempre \u00e9s f\u00e0cil de trobar, ja que amaga gran nombre de bases de dades i molts altres recursos interessants [&hellip;]<\/p>\n","protected":false},"author":50,"featured_media":0,"comment_status":"closed","ping_status":"closed","sticky":false,"template":"","format":"standard","meta":{"footnotes":""},"categories":[9],"tags":[109],"class_list":["post-143","post","type-post","status-publish","format-standard","hentry","category-conferencies-cursos-tallers-seminaris","tag-cde"],"_links":{"self":[{"href":"https:\/\/webs.uab.cat\/cdeanuncis\/wp-json\/wp\/v2\/posts\/143","targetHints":{"allow":["GET"]}}],"collection":[{"href":"https:\/\/webs.uab.cat\/cdeanuncis\/wp-json\/wp\/v2\/posts"}],"about":[{"href":"https:\/\/webs.uab.cat\/cdeanuncis\/wp-json\/wp\/v2\/types\/post"}],"author":[{"embeddable":true,"href":"https:\/\/webs.uab.cat\/cdeanuncis\/wp-json\/wp\/v2\/users\/50"}],"replies":[{"embeddable":true,"href":"https:\/\/webs.uab.cat\/cdeanuncis\/wp-json\/wp\/v2\/comments?post=143"}],"version-history":[{"count":1,"href":"https:\/\/webs.uab.cat\/cdeanuncis\/wp-json\/wp\/v2\/posts\/143\/revisions"}],"predecessor-version":[{"id":21122,"href":"https:\/\/webs.uab.cat\/cdeanuncis\/wp-json\/wp\/v2\/posts\/143\/revisions\/21122"}],"wp:attachment":[{"href":"https:\/\/webs.uab.cat\/cdeanuncis\/wp-json\/wp\/v2\/media?parent=143"}],"wp:term":[{"taxonomy":"category","embeddable":true,"href":"https:\/\/webs.uab.cat\/cdeanuncis\/wp-json\/wp\/v2\/categories?post=143"},{"taxonomy":"post_tag","embeddable":true,"href":"https:\/\/webs.uab.cat\/cdeanuncis\/wp-json\/wp\/v2\/tags?post=143"}],"curies":[{"name":"wp","href":"https:\/\/api.w.org\/{rel}","templated":true}]}}