{"id":1448,"date":"2013-07-09T10:59:46","date_gmt":"2013-07-09T09:59:46","guid":{"rendered":"http:\/\/blogs.uab.cat\/cdeanuncis\/?p=1448"},"modified":"2025-05-24T10:37:55","modified_gmt":"2025-05-24T08:37:55","slug":"curs-destiu-de-luab","status":"publish","type":"post","link":"https:\/\/webs.uab.cat\/cdeanuncis\/2013\/07\/09\/curs-destiu-de-luab\/","title":{"rendered":"Curs d&#8217;estiu sobre la UE  a la UAB"},"content":{"rendered":"<p><a href=\"http:\/\/blogs.uab.cat\/cdeanuncis\/files\/2013\/07\/003.jpg\"><img loading=\"lazy\" decoding=\"async\" class=\"alignnone size-full wp-image-1449\" src=\"http:\/\/blogs.uab.cat\/cdeanuncis\/files\/2013\/07\/003.jpg\" alt=\"003\" width=\"464\" height=\"75\" \/><\/a><\/p>\n<p style=\"text-align: justify\">A partir del mes de juliol la Universitat d\u2019Estiu de l\u2019Aut\u00f2noma ofereix a l\u2019alumnat la possibilitat de participar en un conjunt d\u2019activitats obertes, incloent sobre la Uni\u00f3 Europea:<\/p>\n<ul>\n<li style=\"text-align: justify\">\u00ab<strong>Introducci\u00f3 a la UE <\/strong><strong>i a la seva governan\u00e7a<\/strong>\u00bb: Francesc Morata Tierra, Centre de Documentaci\u00f3 Europea &#8211; Dimarts 9 de juliol, a les 13.15h<\/li>\n<li style=\"text-align: justify\">\u00ab<strong>Fonts documentals sobre <\/strong><strong>la UE<\/strong>\u00bb: Concepci\u00f3 Mu\u00f1oz Ruiz, Centre de Documentaci\u00f3 Europea &#8211; Dimecres 10 de juliol, a les 13.15h<\/li>\n<\/ul>\n<p>Per m\u00e9s informaci\u00f3 visiteu el seg\u00fcent enlla\u00e7: <a href=\"http:\/\/ice2.uab.cat\/estiu13\/eci.php\">http:\/\/ice2.uab.cat\/estiu13\/eci.php<\/a><\/p>\n","protected":false},"excerpt":{"rendered":"<p>A partir del mes de juliol la Universitat d\u2019Estiu de l\u2019Aut\u00f2noma ofereix a l\u2019alumnat la possibilitat de participar en un conjunt d\u2019activitats obertes, incloent sobre la Uni\u00f3 Europea: \u00abIntroducci\u00f3 a la UE i a la seva governan\u00e7a\u00bb: Francesc Morata Tierra, Centre de Documentaci\u00f3 Europea &#8211; Dimarts 9 de juliol, a les 13.15h \u00abFonts documentals sobre [&hellip;]<\/p>\n","protected":false},"author":50,"featured_media":0,"comment_status":"closed","ping_status":"closed","sticky":false,"template":"","format":"standard","meta":{"footnotes":""},"categories":[9],"tags":[109,57],"class_list":["post-1448","post","type-post","status-publish","format-standard","hentry","category-conferencies-cursos-tallers-seminaris","tag-cde","tag-ice"],"_links":{"self":[{"href":"https:\/\/webs.uab.cat\/cdeanuncis\/wp-json\/wp\/v2\/posts\/1448","targetHints":{"allow":["GET"]}}],"collection":[{"href":"https:\/\/webs.uab.cat\/cdeanuncis\/wp-json\/wp\/v2\/posts"}],"about":[{"href":"https:\/\/webs.uab.cat\/cdeanuncis\/wp-json\/wp\/v2\/types\/post"}],"author":[{"embeddable":true,"href":"https:\/\/webs.uab.cat\/cdeanuncis\/wp-json\/wp\/v2\/users\/50"}],"replies":[{"embeddable":true,"href":"https:\/\/webs.uab.cat\/cdeanuncis\/wp-json\/wp\/v2\/comments?post=1448"}],"version-history":[{"count":1,"href":"https:\/\/webs.uab.cat\/cdeanuncis\/wp-json\/wp\/v2\/posts\/1448\/revisions"}],"predecessor-version":[{"id":23050,"href":"https:\/\/webs.uab.cat\/cdeanuncis\/wp-json\/wp\/v2\/posts\/1448\/revisions\/23050"}],"wp:attachment":[{"href":"https:\/\/webs.uab.cat\/cdeanuncis\/wp-json\/wp\/v2\/media?parent=1448"}],"wp:term":[{"taxonomy":"category","embeddable":true,"href":"https:\/\/webs.uab.cat\/cdeanuncis\/wp-json\/wp\/v2\/categories?post=1448"},{"taxonomy":"post_tag","embeddable":true,"href":"https:\/\/webs.uab.cat\/cdeanuncis\/wp-json\/wp\/v2\/tags?post=1448"}],"curies":[{"name":"wp","href":"https:\/\/api.w.org\/{rel}","templated":true}]}}