{"id":16129,"date":"2020-07-27T18:28:41","date_gmt":"2020-07-27T16:28:41","guid":{"rendered":"https:\/\/blogs.uab.cat\/cdeanuncis\/?p=16129"},"modified":"2025-05-24T11:04:52","modified_gmt":"2025-05-24T09:04:52","slug":"nova-colleccio-de-wp-de-liee","status":"publish","type":"post","link":"https:\/\/webs.uab.cat\/cdeanuncis\/2020\/07\/27\/nova-colleccio-de-wp-de-liee\/","title":{"rendered":"Nova col\u00b7lecci\u00f3 de working papers de l&#8217;IEE"},"content":{"rendered":"\n<p><strong>L&#8217;Institut d&#8217;Estudis Europeus (IEE) ha comen\u00e7at una nova col\u00b7lecci\u00f3 de documents de recerca que es publicar\u00e0 al Dip\u00f2sit Digital de Documents (DDD)<\/strong>.<\/p>\n\n\n\n<p>La nova col\u00b7lecci\u00f3, titulada <a rel=\"noreferrer noopener\" href=\"https:\/\/ddd.uab.cat\/search?f=series&amp;p=Working%20Papers%20IEE&amp;sc=1&amp;ln=ca\" target=\"_blank\">&#8220;Working Papers IEE&#8221;<\/a>, inclour\u00e0 una selecci\u00f3 dels millors treballs de recerca del M\u00e0ster Oficial d&#8217;Integraci\u00f3 Europea i altres treballs de recerca de doctorands.<\/p>\n\n\n\n<p>De moment s&#8217;han publicat cinc treballs:<\/p>\n\n\n\n<ul class=\"wp-block-list\"><li><a rel=\"noreferrer noopener\" href=\"https:\/\/ddd.uab.cat\/record\/229102?ln=ca\" target=\"_blank\">Cultural diplomacy as a foreign policy resource<\/a> de Matvei Poietaev<\/li><li><a rel=\"noreferrer noopener\" href=\"https:\/\/ddd.uab.cat\/record\/230964\" target=\"_blank\">Le mineur et le double sens de la libre circulation des personnes dans l\u2019Union europ\u00e9enne en vertu de la r\u00e9gulation de la citoyennet\u00e9 europ\u00e9enne<\/a> de N\u00faria Murillo Belloc<\/li><li><a rel=\"noreferrer noopener\" href=\"https:\/\/ddd.uab.cat\/record\/230963\" target=\"_blank\">Reagrupaci\u00f3n familiar de los nacionales de terceros pa\u00edses en el Derecho de la Uni\u00f3n Europe<\/a><a href=\"https:\/\/ddd.uab.cat\/search?f=title&amp;p=Reagrupaci%C3%B3n%20familiar%20de%20los%20nacionales%20de%20terceros%20pa%C3%ADses%20en%20el%20Derecho%20de%20la%20Uni%C3%B3n%20Europea&amp;sc=1&amp;ln=ca\">a<\/a> de Kseniia Ianushkevich<\/li><li><a href=\"https:\/\/ddd.uab.cat\/record\/231203\" target=\"_blank\" rel=\"noreferrer noopener\">Cr\u00f3nica de una &#8220;rebeli\u00f3n&#8221; anunciada: la sentencia del Tribunal Constitucional Federal alem\u00e1n de 5 de mayo de 2020 <\/a>de Ama Isabel \u00c1lvarez Nieves<\/li><li><a href=\"https:\/\/ddd.uab.cat\/record\/231202\" target=\"_blank\" rel=\"noreferrer noopener\">Solidarity in the European Union: a quantitative analysis of the European Council&#8217;s position<\/a> de Ama Isabel \u00c1lvarez Nieves<\/li><\/ul>\n\n\n\n<p><\/p>\n","protected":false},"excerpt":{"rendered":"<p>L&#8217;Institut d&#8217;Estudis Europeus (IEE) ha comen\u00e7at una nova col\u00b7lecci\u00f3 de documents de recerca que es publicar\u00e0 al Dip\u00f2sit Digital de Documents (DDD). La nova col\u00b7lecci\u00f3, titulada &#8220;Working Papers IEE&#8221;, inclour\u00e0 una selecci\u00f3 dels millors treballs de recerca del M\u00e0ster Oficial d&#8217;Integraci\u00f3 Europea i altres treballs de recerca de doctorands. De moment s&#8217;han publicat cinc treballs: [&hellip;]<\/p>\n","protected":false},"author":50,"featured_media":16130,"comment_status":"closed","ping_status":"closed","sticky":false,"template":"","format":"standard","meta":{"footnotes":""},"categories":[81,35],"tags":[59],"class_list":["post-16129","post","type-post","status-publish","format-standard","has-post-thumbnail","hentry","category-actualitat","category-publicacions","tag-iee"],"_links":{"self":[{"href":"https:\/\/webs.uab.cat\/cdeanuncis\/wp-json\/wp\/v2\/posts\/16129","targetHints":{"allow":["GET"]}}],"collection":[{"href":"https:\/\/webs.uab.cat\/cdeanuncis\/wp-json\/wp\/v2\/posts"}],"about":[{"href":"https:\/\/webs.uab.cat\/cdeanuncis\/wp-json\/wp\/v2\/types\/post"}],"author":[{"embeddable":true,"href":"https:\/\/webs.uab.cat\/cdeanuncis\/wp-json\/wp\/v2\/users\/50"}],"replies":[{"embeddable":true,"href":"https:\/\/webs.uab.cat\/cdeanuncis\/wp-json\/wp\/v2\/comments?post=16129"}],"version-history":[{"count":1,"href":"https:\/\/webs.uab.cat\/cdeanuncis\/wp-json\/wp\/v2\/posts\/16129\/revisions"}],"predecessor-version":[{"id":21109,"href":"https:\/\/webs.uab.cat\/cdeanuncis\/wp-json\/wp\/v2\/posts\/16129\/revisions\/21109"}],"wp:featuredmedia":[{"embeddable":true,"href":"https:\/\/webs.uab.cat\/cdeanuncis\/wp-json\/wp\/v2\/media\/16130"}],"wp:attachment":[{"href":"https:\/\/webs.uab.cat\/cdeanuncis\/wp-json\/wp\/v2\/media?parent=16129"}],"wp:term":[{"taxonomy":"category","embeddable":true,"href":"https:\/\/webs.uab.cat\/cdeanuncis\/wp-json\/wp\/v2\/categories?post=16129"},{"taxonomy":"post_tag","embeddable":true,"href":"https:\/\/webs.uab.cat\/cdeanuncis\/wp-json\/wp\/v2\/tags?post=16129"}],"curies":[{"name":"wp","href":"https:\/\/api.w.org\/{rel}","templated":true}]}}