{"id":16137,"date":"2020-07-27T18:59:25","date_gmt":"2020-07-27T17:59:25","guid":{"rendered":"https:\/\/blogs.uab.cat\/cdeanuncis\/?p=16137"},"modified":"2025-05-24T10:37:06","modified_gmt":"2025-05-24T08:37:06","slug":"curs-online-introduction-to-the-eu-8-30-september","status":"publish","type":"post","link":"https:\/\/webs.uab.cat\/cdeanuncis\/2020\/07\/27\/curs-online-introduction-to-the-eu-8-30-september\/","title":{"rendered":"Curs online d&#8217;introducci\u00f3 a la Uni\u00f3 Europea"},"content":{"rendered":"\n<p class=\"wp-block-paragraph\"><strong>El <a rel=\"noreferrer noopener\" href=\"https:\/\/euconas.es\/\" target=\"_blank\">M\u00f2dul Jean Monnet EUCONAS<\/a> organitza per segon any consecutiu el curs \u00abIntroduction to the European Union\u00bb. <\/strong><\/p>\n\n\n\n<p class=\"wp-block-paragraph\"><strong>Descripci\u00f3:<\/strong><\/p>\n\n\n\n<p class=\"wp-block-paragraph\">\u00c9s un curs de tres setmanes  sobre la Uni\u00f3 Europea que s&#8217;ofereix a tota la comunitat universit\u00e0ria i a professionals interessats en el tema. Est\u00e0 especialment dirigit a estudiants i investigadors no europeus que no tenen formaci\u00f3 pr\u00e8via i estan matriculats en un programa de postgrau sobre la mat\u00e8ria.  a<\/p>\n\n\n\n<p class=\"wp-block-paragraph\">El curs intensiu constar\u00e0 d\u2019un total de 60 hores, seguint la seg\u00fcent estructura:<\/p>\n\n\n\n<ul class=\"wp-block-list\"><li><strong>Setmana 1<\/strong>. Proporcionar\u00e0 als participants una visi\u00f3 general de la UE.<\/li><li><strong>Setmana 2<\/strong>. Aspectes \u00e8tics i drets fonamentals de la UE.<\/li><li><strong>Setmana 3<\/strong>. Pol\u00edtiques espec\u00edfiques de la UE.<\/li><\/ul>\n\n\n\n<p class=\"wp-block-paragraph\">En totes aquestes sessions els estudiants examinaran els principals temes de debat a qu\u00e8  la UE s\u2019enfronta avui dia. Aix\u00f2 inclour\u00e0 temes com les conseq\u00fc\u00e8ncies de la COVID19, la UE actual, novetats per gestionar la crisi dels refugiats, l&#8217;impacte de l&#8217;extrema dreta als governs de diversos Estats membres o el creixent euroescepticisme, entre d\u2019altres.<\/p>\n\n\n\n<p class=\"wp-block-paragraph\"><strong>Metodologia:<\/strong><\/p>\n\n\n\n<ul class=\"wp-block-list\"><li>El curs ser\u00e0 en l\u00ednia (plataforma pendent de determinar).  <\/li><li>Les sessions es dividiran en 2 o 3 parts, amb pauses d&#8217;almenys 5 minuts entre parts. <\/li><li>Els participants rebran material complementari (pr\u00e8viament i a cada sessi\u00f3).<\/li><li>Les sessions inclouran debats, activitats i altres tipus d\u2019interacci\u00f3,  especialment dissenyats per aplicar els conceptes i idees principals apresos a cada assignatura.<\/li><\/ul>\n\n\n\n<p class=\"wp-block-paragraph\"><strong>Dates:<\/strong> 8-30 de setembre de 2020<\/p>\n\n\n\n<p class=\"wp-block-paragraph\"><strong>Inscripci\u00f3 gratu\u00efta<\/strong>, amb aforament limitat a 100 persones.<\/p>\n\n\n\n<p class=\"wp-block-paragraph\"><strong>Formulari d&#8217;inscripci\u00f3<\/strong>: <a href=\"https:\/\/euconas.es\/registration\/\">https:\/\/euconas.es\/registration\/<\/a><\/p>\n\n\n\n<p class=\"wp-block-paragraph\">Si se sol\u00b7licita, els participants rebran un <strong>certificat d&#8217;assist\u00e8ncia<\/strong> al final del curs (pot ser de tot el curs o d&#8217;algunes confer\u00e8ncies si no s&#8217;ha pogut assistir a tot el curs). <\/p>\n\n\n\n<p class=\"wp-block-paragraph\"><a rel=\"noreferrer noopener\" href=\"https:\/\/euconas.es\/wp-content\/uploads\/2020\/07\/Tri%CC%81ptico2020..pdf\" target=\"_blank\">Descarregar programa.<\/a><\/p>\n","protected":false},"excerpt":{"rendered":"<p>El M\u00f2dul Jean Monnet EUCONAS organitza per segon any consecutiu el curs \u00abIntroduction to the European Union\u00bb. Descripci\u00f3: \u00c9s un curs de tres setmanes sobre la Uni\u00f3 Europea que s&#8217;ofereix a tota la comunitat universit\u00e0ria i a professionals interessats en el tema. Est\u00e0 especialment dirigit a estudiants i investigadors no europeus que no tenen formaci\u00f3 [&hellip;]<\/p>\n","protected":false},"author":50,"featured_media":0,"comment_status":"closed","ping_status":"closed","sticky":false,"template":"","format":"standard","meta":{"footnotes":""},"categories":[9],"tags":[],"class_list":["post-16137","post","type-post","status-publish","format-standard","hentry","category-conferencies-cursos-tallers-seminaris"],"_links":{"self":[{"href":"https:\/\/webs.uab.cat\/cdeanuncis\/wp-json\/wp\/v2\/posts\/16137","targetHints":{"allow":["GET"]}}],"collection":[{"href":"https:\/\/webs.uab.cat\/cdeanuncis\/wp-json\/wp\/v2\/posts"}],"about":[{"href":"https:\/\/webs.uab.cat\/cdeanuncis\/wp-json\/wp\/v2\/types\/post"}],"author":[{"embeddable":true,"href":"https:\/\/webs.uab.cat\/cdeanuncis\/wp-json\/wp\/v2\/users\/50"}],"replies":[{"embeddable":true,"href":"https:\/\/webs.uab.cat\/cdeanuncis\/wp-json\/wp\/v2\/comments?post=16137"}],"version-history":[{"count":1,"href":"https:\/\/webs.uab.cat\/cdeanuncis\/wp-json\/wp\/v2\/posts\/16137\/revisions"}],"predecessor-version":[{"id":23004,"href":"https:\/\/webs.uab.cat\/cdeanuncis\/wp-json\/wp\/v2\/posts\/16137\/revisions\/23004"}],"wp:attachment":[{"href":"https:\/\/webs.uab.cat\/cdeanuncis\/wp-json\/wp\/v2\/media?parent=16137"}],"wp:term":[{"taxonomy":"category","embeddable":true,"href":"https:\/\/webs.uab.cat\/cdeanuncis\/wp-json\/wp\/v2\/categories?post=16137"},{"taxonomy":"post_tag","embeddable":true,"href":"https:\/\/webs.uab.cat\/cdeanuncis\/wp-json\/wp\/v2\/tags?post=16137"}],"curies":[{"name":"wp","href":"https:\/\/api.w.org\/{rel}","templated":true}]}}