{"id":16399,"date":"2020-09-13T23:58:45","date_gmt":"2020-09-13T21:58:45","guid":{"rendered":"https:\/\/blogs.uab.cat\/cdeanuncis\/?p=16399"},"modified":"2023-05-31T11:50:40","modified_gmt":"2023-05-31T09:50:40","slug":"elpis-v-law-review-nova-revista-cientifica-en-format-video","status":"publish","type":"post","link":"https:\/\/webs.uab.cat\/cdeanuncis\/2020\/09\/13\/elpis-v-law-review-nova-revista-cientifica-en-format-video\/","title":{"rendered":"ELPIS v-Law Review: nova revista cient\u00edfica en format v\u00eddeo"},"content":{"rendered":"\n<p class=\"wp-block-paragraph\"><strong>Acaba de sortir una nova revista \u00abELPIS v-LAW Review\u00bb, d&#8217;inter\u00e8s per als estudis d&#8217;integraci\u00f3 europea, que est\u00e0 composta \u00edntegrament d&#8217;articles en format v\u00eddeo .<\/strong><\/p>\n\n\n\n<p class=\"wp-block-paragraph\">La revista mostra el treball de la xarxa ELPIS (European Legal Practice Integrated Studies),  que \u00e9s el grup m\u00e9s antic i gran de les universitats docents i investigadores en el camp del dret (a Europa i amb sucursals a tot el m\u00f3n). <\/p>\n\n\n\n<p class=\"wp-block-paragraph\">El primer volum est\u00e0 dedicat a l&#8217;an\u00e0lisi dels problemes causats per la COVID-19, des d\u2019una perspectiva nacional, europea, internacional i global.<\/p>\n\n\n\n<p class=\"wp-block-paragraph\">El <a href=\"http:\/\/www.elpisnetwork.eu\/elpis-v-law-review-no-1-2020\/\" target=\"_blank\" rel=\"noreferrer noopener\">contingut es pot consultar<\/a> al lloc web d&#8217;ELPIS i a Youtube.<\/p>\n","protected":false},"excerpt":{"rendered":"<p>Acaba de sortir una nova revista \u00abELPIS v-LAW Review\u00bb, d&#8217;inter\u00e8s per als estudis d&#8217;integraci\u00f3 europea, que est\u00e0 composta \u00edntegrament d&#8217;articles en format v\u00eddeo . La revista mostra el treball de la xarxa ELPIS (European Legal Practice Integrated Studies), que \u00e9s el grup m\u00e9s antic i gran de les universitats docents i investigadores en el camp [&hellip;]<\/p>\n","protected":false},"author":50,"featured_media":16401,"comment_status":"closed","ping_status":"closed","sticky":false,"template":"","format":"standard","meta":{"footnotes":""},"categories":[81,35],"tags":[],"class_list":["post-16399","post","type-post","status-publish","format-standard","has-post-thumbnail","hentry","category-actualitat","category-publicacions"],"_links":{"self":[{"href":"https:\/\/webs.uab.cat\/cdeanuncis\/wp-json\/wp\/v2\/posts\/16399","targetHints":{"allow":["GET"]}}],"collection":[{"href":"https:\/\/webs.uab.cat\/cdeanuncis\/wp-json\/wp\/v2\/posts"}],"about":[{"href":"https:\/\/webs.uab.cat\/cdeanuncis\/wp-json\/wp\/v2\/types\/post"}],"author":[{"embeddable":true,"href":"https:\/\/webs.uab.cat\/cdeanuncis\/wp-json\/wp\/v2\/users\/50"}],"replies":[{"embeddable":true,"href":"https:\/\/webs.uab.cat\/cdeanuncis\/wp-json\/wp\/v2\/comments?post=16399"}],"version-history":[{"count":1,"href":"https:\/\/webs.uab.cat\/cdeanuncis\/wp-json\/wp\/v2\/posts\/16399\/revisions"}],"predecessor-version":[{"id":21114,"href":"https:\/\/webs.uab.cat\/cdeanuncis\/wp-json\/wp\/v2\/posts\/16399\/revisions\/21114"}],"wp:featuredmedia":[{"embeddable":true,"href":"https:\/\/webs.uab.cat\/cdeanuncis\/wp-json\/wp\/v2\/media\/16401"}],"wp:attachment":[{"href":"https:\/\/webs.uab.cat\/cdeanuncis\/wp-json\/wp\/v2\/media?parent=16399"}],"wp:term":[{"taxonomy":"category","embeddable":true,"href":"https:\/\/webs.uab.cat\/cdeanuncis\/wp-json\/wp\/v2\/categories?post=16399"},{"taxonomy":"post_tag","embeddable":true,"href":"https:\/\/webs.uab.cat\/cdeanuncis\/wp-json\/wp\/v2\/tags?post=16399"}],"curies":[{"name":"wp","href":"https:\/\/api.w.org\/{rel}","templated":true}]}}