{"id":17140,"date":"2021-01-18T14:00:56","date_gmt":"2021-01-18T13:00:56","guid":{"rendered":"https:\/\/blogs.uab.cat\/cdeanuncis\/?p=17140"},"modified":"2025-05-24T09:32:24","modified_gmt":"2025-05-24T07:32:24","slug":"curs-de-preparacio-per-a-concursos-i-oposicions-de-la-ue-2","status":"publish","type":"post","link":"https:\/\/webs.uab.cat\/cdeanuncis\/2021\/01\/18\/curs-de-preparacio-per-a-concursos-i-oposicions-de-la-ue-2\/","title":{"rendered":"Curs de Preparaci\u00f3 per a Concursos i Oposicions de la UE"},"content":{"rendered":"\n<p class=\"wp-block-paragraph\"><strong>Torna al 2021, en l\u00ednia, el &#8216;Curs de Preparaci\u00f3 per a Concursos i Oposicions de la Uni\u00f3 Europea i Organismes Internacionals&#8217;<\/strong><\/p>\n\n\n\n<p class=\"wp-block-paragraph\">S&#8217;adre\u00e7a a estudiants i alumni que vulguin con\u00e8ixer les oportunitats professionals en institucions internacionals i entrenar-se pels seus processos de selecci\u00f3. S&#8217;impartir\u00e0 del 2 al 27&nbsp;de mar\u00e7, dimarts i dijous a la tarda, de forma 100% telem\u00e0tica. Inscripcions fins el 26 de gener<strong>.<\/strong><\/p>\n\n\n\n<p class=\"wp-block-paragraph\">Trobareu tota la informaci\u00f3 i el registre d&#8217;inscripci\u00f3 al <a href=\"https:\/\/www.uab.cat\/web\/detall-noticia\/torna-al-2021-en-linia-el-curs-de-preparacio-per-a-concursos-i-oposicions-de-la-unio-europea-i-organismes-internacionals-1345719168283.html?noticiaid=1345830454189\" target=\"_blank\" rel=\"noreferrer noopener\">web del Servei d&#8217;Ocupabilitat de la UAB<\/a>.<\/p>\n","protected":false},"excerpt":{"rendered":"<p>Torna al 2021, en l\u00ednia, el &#8216;Curs de Preparaci\u00f3 per a Concursos i Oposicions de la Uni\u00f3 Europea i Organismes Internacionals&#8217; S&#8217;adre\u00e7a a estudiants i alumni que vulguin con\u00e8ixer les oportunitats professionals en institucions internacionals i entrenar-se pels seus processos de selecci\u00f3. S&#8217;impartir\u00e0 del 2 al 27&nbsp;de mar\u00e7, dimarts i dijous a la tarda, de [&hellip;]<\/p>\n","protected":false},"author":50,"featured_media":0,"comment_status":"closed","ping_status":"closed","sticky":false,"template":"","format":"standard","meta":{"footnotes":""},"categories":[9],"tags":[62],"class_list":["post-17140","post","type-post","status-publish","format-standard","hentry","category-conferencies-cursos-tallers-seminaris","tag-servei-docupabilitat"],"_links":{"self":[{"href":"https:\/\/webs.uab.cat\/cdeanuncis\/wp-json\/wp\/v2\/posts\/17140","targetHints":{"allow":["GET"]}}],"collection":[{"href":"https:\/\/webs.uab.cat\/cdeanuncis\/wp-json\/wp\/v2\/posts"}],"about":[{"href":"https:\/\/webs.uab.cat\/cdeanuncis\/wp-json\/wp\/v2\/types\/post"}],"author":[{"embeddable":true,"href":"https:\/\/webs.uab.cat\/cdeanuncis\/wp-json\/wp\/v2\/users\/50"}],"replies":[{"embeddable":true,"href":"https:\/\/webs.uab.cat\/cdeanuncis\/wp-json\/wp\/v2\/comments?post=17140"}],"version-history":[{"count":1,"href":"https:\/\/webs.uab.cat\/cdeanuncis\/wp-json\/wp\/v2\/posts\/17140\/revisions"}],"predecessor-version":[{"id":23000,"href":"https:\/\/webs.uab.cat\/cdeanuncis\/wp-json\/wp\/v2\/posts\/17140\/revisions\/23000"}],"wp:attachment":[{"href":"https:\/\/webs.uab.cat\/cdeanuncis\/wp-json\/wp\/v2\/media?parent=17140"}],"wp:term":[{"taxonomy":"category","embeddable":true,"href":"https:\/\/webs.uab.cat\/cdeanuncis\/wp-json\/wp\/v2\/categories?post=17140"},{"taxonomy":"post_tag","embeddable":true,"href":"https:\/\/webs.uab.cat\/cdeanuncis\/wp-json\/wp\/v2\/tags?post=17140"}],"curies":[{"name":"wp","href":"https:\/\/api.w.org\/{rel}","templated":true}]}}