{"id":17842,"date":"2021-03-22T15:29:40","date_gmt":"2021-03-22T14:29:40","guid":{"rendered":"https:\/\/blogs.uab.cat\/cdeanuncis\/?p=17842"},"modified":"2025-05-24T10:36:22","modified_gmt":"2025-05-24T08:36:22","slug":"curs-destiu-per-a-alumnes-de-secundaria","status":"publish","type":"post","link":"https:\/\/webs.uab.cat\/cdeanuncis\/2021\/03\/22\/curs-destiu-per-a-alumnes-de-secundaria\/","title":{"rendered":"Curs d&#8217;estiu per a alumnes de secund\u00e0ria"},"content":{"rendered":"\n<p>Dins del programa Arg\u00f3 de l&#8217;ICE UAB, el nostre Centre de Documentaci\u00f3 Europea oferir\u00e0 el proper estiu un curs adre\u00e7at a estudiant de secund\u00e0ria (a partir de 3r d&#8217;ESO).<\/p>\n\n\n\n<p class=\"has-text-align-center has-large-font-size\"><strong>CURS D&#8217;ESTIU &#8220;EUROPA EN JOC&#8221;<\/strong><\/p>\n\n\n\n<p class=\"has-text-align-center\"><strong>Organitza:<\/strong><br>Institut de Ci\u00e8ncies de l&#8217;Educaci\u00f3 (UAB)<br><strong>Objectiu del curs: <\/strong><br>Explicar el funcionament de la Uni\u00f3 Europea de manera amena i atractiva.<br><strong>Metodologia:<\/strong><br>Cada dia hi haur\u00e0 xerrades, jocs de rol i debats.<br><strong>Dates:<\/strong><br>del 12 al 16 de juliol de 2021 <br><strong>Horari:<\/strong><br>de 9:30-14 h.<br><strong>Professorat: <\/strong><br>Ivan Aybar (Facultat de Dret), <br>amb el suport de Concepci\u00f3 Mu\u00f1oz (documentalista del CDE)<br><strong>Lloc:<\/strong><br>Centre de Documentaci\u00f3 Europea<br><strong>Preu: <\/strong><br>90 \u20ac <br>(hi ha bonificacions per a alumnes de centres catalogats com d&#8217;alta complexitat)<br><a rel=\"noreferrer noopener\" href=\"https:\/\/www.uab.cat\/web\/programa-argo\/programa-argo-estudiants\/estudiants\/cursos-d-estiu-1345746708471.html\" data-type=\"URL\" data-id=\"https:\/\/www.uab.cat\/web\/programa-argo\/programa-argo-estudiants\/estudiants\/cursos-d-estiu-1345746708471.html\" target=\"_blank\">Inscripcions i m\u00e9s informaci\u00f3<\/a><\/p>\n\n\n\n<p><\/p>\n","protected":false},"excerpt":{"rendered":"<p>Dins del programa Arg\u00f3 de l&#8217;ICE UAB, el nostre Centre de Documentaci\u00f3 Europea oferir\u00e0 el proper estiu un curs adre\u00e7at a estudiant de secund\u00e0ria (a partir de 3r d&#8217;ESO). CURS D&#8217;ESTIU &#8220;EUROPA EN JOC&#8221; Organitza:Institut de Ci\u00e8ncies de l&#8217;Educaci\u00f3 (UAB)Objectiu del curs: Explicar el funcionament de la Uni\u00f3 Europea de manera amena i atractiva.Metodologia:Cada dia [&hellip;]<\/p>\n","protected":false},"author":50,"featured_media":17843,"comment_status":"closed","ping_status":"closed","sticky":false,"template":"","format":"standard","meta":{"footnotes":""},"categories":[9,14],"tags":[109,57],"class_list":["post-17842","post","type-post","status-publish","format-standard","has-post-thumbnail","hentry","category-conferencies-cursos-tallers-seminaris","category-escoles-instituts","tag-cde","tag-ice"],"_links":{"self":[{"href":"https:\/\/webs.uab.cat\/cdeanuncis\/wp-json\/wp\/v2\/posts\/17842","targetHints":{"allow":["GET"]}}],"collection":[{"href":"https:\/\/webs.uab.cat\/cdeanuncis\/wp-json\/wp\/v2\/posts"}],"about":[{"href":"https:\/\/webs.uab.cat\/cdeanuncis\/wp-json\/wp\/v2\/types\/post"}],"author":[{"embeddable":true,"href":"https:\/\/webs.uab.cat\/cdeanuncis\/wp-json\/wp\/v2\/users\/50"}],"replies":[{"embeddable":true,"href":"https:\/\/webs.uab.cat\/cdeanuncis\/wp-json\/wp\/v2\/comments?post=17842"}],"version-history":[{"count":1,"href":"https:\/\/webs.uab.cat\/cdeanuncis\/wp-json\/wp\/v2\/posts\/17842\/revisions"}],"predecessor-version":[{"id":23049,"href":"https:\/\/webs.uab.cat\/cdeanuncis\/wp-json\/wp\/v2\/posts\/17842\/revisions\/23049"}],"wp:featuredmedia":[{"embeddable":true,"href":"https:\/\/webs.uab.cat\/cdeanuncis\/wp-json\/wp\/v2\/media\/17843"}],"wp:attachment":[{"href":"https:\/\/webs.uab.cat\/cdeanuncis\/wp-json\/wp\/v2\/media?parent=17842"}],"wp:term":[{"taxonomy":"category","embeddable":true,"href":"https:\/\/webs.uab.cat\/cdeanuncis\/wp-json\/wp\/v2\/categories?post=17842"},{"taxonomy":"post_tag","embeddable":true,"href":"https:\/\/webs.uab.cat\/cdeanuncis\/wp-json\/wp\/v2\/tags?post=17842"}],"curies":[{"name":"wp","href":"https:\/\/api.w.org\/{rel}","templated":true}]}}